{"id":3418,"date":"2024-05-02T00:07:55","date_gmt":"2024-05-02T03:07:55","guid":{"rendered":"https:\/\/guialimeira.com.br\/2024\/05\/02\/verso-e-voz-abre-inscricoes-para-escolas\/"},"modified":"2024-05-02T00:07:55","modified_gmt":"2024-05-02T03:07:55","slug":"verso-e-voz-abre-inscricoes-para-escolas","status":"publish","type":"post","link":"https:\/\/guialimeira.com.br\/news\/verso-e-voz-abre-inscricoes-para-escolas\/","title":{"rendered":"Verso e Voz abre inscri\u00e7\u00f5es para escolas"},"content":{"rendered":"<p> <br \/>\n<\/p>\n<div>\n            <main class=\"\">&#13;<br \/>\n                &#13;<br \/>\n&#13;<br \/>\n&#13;<br \/>\n&#13;<br \/>\n    <img data-recalc-dims=\"1\" decoding=\"async\" src=\"https:\/\/i0.wp.com\/ecrie.com.br\/sistema\/conteudos\/imagem\/m_137_0_1_30042024141915.jpeg?w=696&#038;ssl=1\" alt=\"Verso e Voz abre inscri\u00e7\u00f5es para escolas\"\/>&#13;<br \/>\n&#13;<\/p>\n<p dir=\"ltr\" style=\"text-align: justify;\">Est\u00e3o abertas as inscri\u00e7\u00f5es para o\u00a0\u201cVerso e Voz\u201d, concurso de declama\u00e7\u00e3o de poemas voltado para as Escolas P\u00fablicas de Ensino Fundamental (anos finais) e de Ensino M\u00e9dio. O edital\u00a0do concurso\u00a0\u00e9 uma realiza\u00e7\u00e3o da Prefeitura de Limeira, por meio da Secretaria de Cultura, e Diretoria de Ensino de Limeira, com apoio do Centro do Professorado Paulista (CPP).<\/p>\n<p>&#13;<\/p>\n<p dir=\"ltr\" style=\"text-align: justify;\">As escolas interessadas devem se inscrever\u00a0at\u00e9 o dia 14 de maio, pelo e-mail: <a href=\"http:\/\/limeira.sp.gov.br\/cdn-cgi\/l\/email-protection#90e6f5e2e3ffbee6ffead0f7fdf1f9fcbef3fffd\" target=\"_blank\" rel=\"noopener noreferrer\"><span class=\"__cf_email__\" data-cfemail=\"6711021514084911081d27000a060e0b4904080a\">[email\u00a0protected]<\/span><\/a>. Dever\u00e3o ser enviados os seguintes documentos:\u00a0ficha de inscri\u00e7\u00e3o; v\u00eddeo, em formato MP4, com a apresenta\u00e7\u00e3o pretendida; c\u00f3pia do RG do respons\u00e1vel pela inscri\u00e7\u00e3o da escola; c\u00f3pia do CPF do respons\u00e1vel pela inscri\u00e7\u00e3o da escola e c\u00f3pia do PIS do respons\u00e1vel pela inscri\u00e7\u00e3o da escola;<\/p>\n<p>&#13;<\/p>\n<p dir=\"ltr\" style=\"text-align: justify;\">As categorias dispon\u00edveis para participa\u00e7\u00e3o s\u00e3o: declamador de poema de autor do munic\u00edpio (Ensino Fundamental), a se apresentar no dia 5 de junho, e\/ou declamador de poema de autor consagrado em l\u00edngua portuguesa (Ensino M\u00e9dio), a se apresentar no dia 6 de junho. O edital e a ficha de inscri\u00e7\u00e3o podem ser conferidos no link:\u00a0<a href=\"https:\/\/www.limeira.sp.gov.br\/secretarias\/cultura\/regulamentos\" target=\"_blank\" rel=\"noopener noreferrer\" data-saferedirecturl=\"https:\/\/www.google.com\/url?q=https:\/\/www.limeira.sp.gov.br\/secretarias\/cultura\/regulamentos&amp;source=gmail&amp;ust=1714582301349000&amp;usg=AOvVaw15tD1_ARtEgoYgyitExbq4\">https:\/\/www.limeira.sp.<wbr\/>gov.br\/secretarias\/cultura\/reg<wbr\/>ulamentos<\/a><\/p>\n<p>&#13;<\/p>\n<p dir=\"ltr\" style=\"text-align: justify;\">Ser\u00e3o selecionadas at\u00e9 10 escolas por dia para se apresentarem no palco do Teatro Vit\u00f3ria Emiliano Bernardo da Silva. A divulga\u00e7\u00e3o dos classificados acontece at\u00e9 o dia 15 de maio. As escolas escolhidas receber\u00e3o ajuda de custo no valor de R$ 500, destinada ao respons\u00e1vel pela inscri\u00e7\u00e3o.<\/p>\n<p>&#13;<br \/>\n&#13;<br \/>\n&#13;<br \/>\n&#13;<\/p>\n<aside class=\"list-related no-print\">&#13;<br \/>\n        &#13;<br \/>\n&#13;<\/p>\n<article class=\"list-item noticias \">&#13;<br \/>\n                    <a class=\"list-item__img\" href=\"https:\/\/limeira.sp.gov.br\/imprensa\/noticias\/cultura\/espetaculo-elvis-in-concert-e-adiado\" tabindex=\"-1\" aria-hidden=\"true\" rel=\"noopener\">&#13;<br \/>\n                        <img data-recalc-dims=\"1\" decoding=\"async\" src=\"https:\/\/i0.wp.com\/ecrie.com.br\/sistema\/conteudos\/imagem\/m_137_0_1_30042024143313.jpg?w=696&#038;ssl=1\" alt=\"Espet\u00e1culo \u201cElvis in Concert\u201d \u00e9 adiado\"\/>&#13;<br \/>\n                    <\/a>&#13;<br \/>\n&#13;<br \/>\n                &#13;<br \/>\n            <\/article>\n<p>&#13;<\/p>\n<article class=\"list-item noticias \">&#13;<br \/>\n                    <a class=\"list-item__img\" href=\"https:\/\/limeira.sp.gov.br\/imprensa\/noticias\/cultura\/agenda-do-mes-apresenta-como-destaque-festa-do-trabalhador-e-homenagens-as-maes\" tabindex=\"-1\" aria-hidden=\"true\" rel=\"noopener\">&#13;<br \/>\n                        <img data-recalc-dims=\"1\" decoding=\"async\" src=\"https:\/\/i0.wp.com\/ecrie.com.br\/sistema\/conteudos\/imagem\/m_137_0_1_21032024141121.jpeg?w=696&#038;ssl=1\" alt=\"Agenda do m\u00eas apresenta como destaque Festa do Trabalhador e homenagens \u00e0s m\u00e3es\"\/>&#13;<br \/>\n                    <\/a>&#13;<br \/>\n&#13;<br \/>\n                &#13;<br \/>\n            <\/article>\n<p>&#13;<\/p>\n<article class=\"list-item noticias \">&#13;<br \/>\n                    <a class=\"list-item__img\" href=\"https:\/\/limeira.sp.gov.br\/imprensa\/noticias\/cultura\/dia-do-trabalho-altera-servicos-da-prefeitura-de-limeira\" tabindex=\"-1\" aria-hidden=\"true\" rel=\"noopener\">&#13;<br \/>\n                        <img data-recalc-dims=\"1\" decoding=\"async\" src=\"https:\/\/i0.wp.com\/ecrie.com.br\/sistema\/conteudos\/imagem\/m_137_0_1_29042024173843.jpg?w=696&#038;ssl=1\" alt=\"Dia do Trabalho altera servi\u00e7os da Prefeitura de Limeira\"\/>&#13;<br \/>\n                    <\/a>&#13;<br \/>\n&#13;<br \/>\n                &#13;<br \/>\n            <\/article>\n<p>&#13;<br \/>\n    <\/aside>\n<p>&#13;<br \/>\n&#13;<br \/>\n            <\/main><\/p><\/div>\n<p><br \/>\n<br \/><a href=\"https:\/\/limeira.sp.gov.br\/verso-e-voz-abre-inscricoes-para-escolas\" rel=\"noopener\">Informa\u00e7\u00f5es da PML <\/a><\/p>\n","protected":false},"excerpt":{"rendered":"<p>&#13; &#13; &#13; &#13; &#13; &#13; &#13; Est\u00e3o abertas as inscri\u00e7\u00f5es para o\u00a0\u201cVerso e Voz\u201d, concurso de declama\u00e7\u00e3o de poemas voltado para as Escolas P\u00fablicas de Ensino Fundamental (anos finais) e de Ensino M\u00e9dio. O edital\u00a0do concurso\u00a0\u00e9 uma realiza\u00e7\u00e3o da Prefeitura de Limeira, por meio da Secretaria de Cultura, e Diretoria de Ensino de Limeira, [&hellip;]<\/p>\n","protected":false},"author":1,"featured_media":3419,"comment_status":"open","ping_status":"open","sticky":false,"template":"","format":"standard","meta":{"_jetpack_newsletter_access":"","_jetpack_dont_email_post_to_subs":false,"_jetpack_newsletter_tier_id":0,"_jetpack_memberships_contains_paywalled_content":false,"_mbp_banners":[],"_jetpack_feature_clip_id":0,"_jetpack_memberships_contains_paid_content":false,"footnotes":"","jetpack_publicize_message":"","jetpack_publicize_feature_enabled":true,"jetpack_social_post_already_shared":true,"jetpack_social_options":{"image_generator_settings":{"template":"highway","default_image_id":0,"font":"","enabled":false},"version":2},"jetpack_post_was_ever_published":false},"categories":[16],"tags":[],"class_list":["post-3418","post","type-post","status-publish","format-standard","has-post-thumbnail","category-local"],"jetpack_publicize_connections":[],"jetpack-related-posts":[],"jetpack_shortlink":"https:\/\/wp.me\/p7Eq1F-T8","jetpack_sharing_enabled":true,"jetpack_featured_media_url":"https:\/\/i0.wp.com\/guialimeira.com.br\/news\/wp-content\/uploads\/2024\/05\/m_137_0_1_30042024141915.jpeg?fit=1250%2C852&ssl=1","_links":{"self":[{"href":"https:\/\/guialimeira.com.br\/news\/wp-json\/wp\/v2\/posts\/3418","targetHints":{"allow":["GET"]}}],"collection":[{"href":"https:\/\/guialimeira.com.br\/news\/wp-json\/wp\/v2\/posts"}],"about":[{"href":"https:\/\/guialimeira.com.br\/news\/wp-json\/wp\/v2\/types\/post"}],"author":[{"embeddable":true,"href":"https:\/\/guialimeira.com.br\/news\/wp-json\/wp\/v2\/users\/1"}],"replies":[{"embeddable":true,"href":"https:\/\/guialimeira.com.br\/news\/wp-json\/wp\/v2\/comments?post=3418"}],"version-history":[{"count":0,"href":"https:\/\/guialimeira.com.br\/news\/wp-json\/wp\/v2\/posts\/3418\/revisions"}],"wp:featuredmedia":[{"embeddable":true,"href":"https:\/\/guialimeira.com.br\/news\/wp-json\/wp\/v2\/media\/3419"}],"wp:attachment":[{"href":"https:\/\/guialimeira.com.br\/news\/wp-json\/wp\/v2\/media?parent=3418"}],"wp:term":[{"taxonomy":"category","embeddable":true,"href":"https:\/\/guialimeira.com.br\/news\/wp-json\/wp\/v2\/categories?post=3418"},{"taxonomy":"post_tag","embeddable":true,"href":"https:\/\/guialimeira.com.br\/news\/wp-json\/wp\/v2\/tags?post=3418"}],"curies":[{"name":"wp","href":"https:\/\/api.w.org\/{rel}","templated":true}]}}