{"id":34098,"date":"2025-05-26T14:49:36","date_gmt":"2025-05-26T17:49:36","guid":{"rendered":"https:\/\/guialimeira.com.br\/?p=34098"},"modified":"2025-05-26T14:49:39","modified_gmt":"2025-05-26T17:49:39","slug":"suzano-abre-mais-de-100-vagas-para-programa-de-estagio-tecnico-em-sete-estados-do-brasil","status":"publish","type":"post","link":"https:\/\/guialimeira.com.br\/news\/suzano-abre-mais-de-100-vagas-para-programa-de-estagio-tecnico-em-sete-estados-do-brasil\/","title":{"rendered":"Suzano abre mais de 100 vagas para Programa de Est\u00e1gio T\u00e9cnico em sete estados do Brasil"},"content":{"rendered":"\n<p class=\"wp-block-paragraph\"><em>Oportunidades s\u00e3o para estudantes de cursos t\u00e9cnicos em diferentes \u00e1reas, com in\u00edcio previsto entre setembro e outubro de 2025<\/em><\/p>\n\n\n\n<p class=\"wp-block-paragraph\">A Suzano, maior produtora mundial de celulose e refer\u00eancia global na fabrica\u00e7\u00e3o de bioprodutos desenvolvidos a partir do eucalipto, abriu inscri\u00e7\u00f5es para mais um ciclo do Programa de Est\u00e1gio T\u00e9cnico 2025. Com o objetivo de acolher novos talentos e promover um futuro sustent\u00e1vel, a empresa busca estudantes que compartilhem da vis\u00e3o de gerar um impacto positivo no mundo, possuam o mesmo prop\u00f3sito de renovar a vida a partir da \u00e1rvore e almejam construir uma carreira promissora de maneira grande e global.<\/p>\n\n\n\n<p class=\"wp-block-paragraph\">O Programa de Est\u00e1gio T\u00e9cnico oferece 101 vagas separadas nos seguintes estados: S\u00e3o Paulo, Bahia, Esp\u00edrito Santo, Maranh\u00e3o, Par\u00e1, Cear\u00e1 e Mato Grosso do Sul.&nbsp;<\/p>\n\n\n\n<p class=\"wp-block-paragraph\">Na regi\u00e3o de Limeira, que abrange os munic\u00edpios de Americana, Santa B\u00e1rbara d\u2019Oeste e Nova Odessa, est\u00e3o dispon\u00edveis 07 vagas para estudantes dos cursos t\u00e9cnicos de Manuten\u00e7\u00e3o El\u00e9trica, Manuten\u00e7\u00e3o Mec\u00e2nica, Mecatr\u00f4nica e Qu\u00edmica. Para participar do processo seletivo, os(as) interessados(as) devem atender aos requisitos estabelecidos pela companhia:<\/p>\n\n\n\n<p class=\"wp-block-paragraph\">Para participar do Programa de Est\u00e1gio T\u00e9cnico da Suzano, \u00e9 necess\u00e1rio ter 18 anos ou mais, estar cursando o n\u00edvel t\u00e9cnico no per\u00edodo noturno, EAD ou aos s\u00e1bados nas regi\u00f5es onde h\u00e1 oportunidades abertas, al\u00e9m de ter forma\u00e7\u00e3o prevista para setembro de 2026 ou posterior, mantendo v\u00ednculo com a institui\u00e7\u00e3o de ensino por pelo menos um ano letivo. Tamb\u00e9m \u00e9 preciso ter acesso e\/ou mobilidade aos locais de trabalho e disponibilidade para estagiar seis horas por dia.<\/p>\n\n\n\n<p class=\"wp-block-paragraph\"><strong>Benef\u00edcios<\/strong><\/p>\n\n\n\n<p class=\"wp-block-paragraph\">Entre os benef\u00edcios oferecidos est\u00e3o bolsa aux\u00edlio compat\u00edvel com o mercado, refeit\u00f3rio nas unidades industriais, vale-transporte ou transporte fretado nas localidades com essa op\u00e7\u00e3o, plano m\u00e9dico, seguro de vida, acesso ao Tele Faz Bem (servi\u00e7o de apoio emocional e psicol\u00f3gico), plataforma Wellz com foco em sa\u00fade integral e cursos e treinamentos on-line pela plataforma digital UniverSuzano.<\/p>\n\n\n\n<p class=\"wp-block-paragraph\">A Suzano acredita que \u201cs\u00f3 \u00e9 bom para n\u00f3s se for bom para o mundo\u201d. Por isso, os(as) estagi\u00e1rios(as) tamb\u00e9m poder\u00e3o participar do programa Voluntariar, contribuindo com a\u00e7\u00f5es sociais e comunit\u00e1rias ao longo do ano.<\/p>\n\n\n\n<p class=\"wp-block-paragraph\">Para Reiner Santos, Gerente de Gente e Gest\u00e3o, algumas habilidades s\u00e3o essenciais para garantir a vaga. \u201cBuscamos candidatos(as) que queiram desenvolver uma carreira s\u00f3lida e de destaque. Nosso foco \u00e9 atrair talentos da regi\u00e3o que estejam dispostos(as) a aprender e que se identifiquem com o prop\u00f3sito da nossa empresa: gerar valor por meio da sustentabilidade e da inova\u00e7\u00e3o\u201d, ressalta.<\/p>\n\n\n\n<p class=\"wp-block-paragraph\"><strong>Como se inscrever?<\/strong><\/p>\n\n\n\n<p class=\"wp-block-paragraph\">As inscri\u00e7\u00f5es s\u00e3o gratuitas e estar\u00e3o abertas at\u00e9 06 de junho de 2025, por meio da plataforma Gupy, no link&nbsp;<a href=\"https:\/\/suzanoestagiotecnico.gupy.io\/\" target=\"_blank\" rel=\"noreferrer noopener\">https:\/\/suzanoestagiotecnico.gupy.io\/<\/a>. O processo seletivo inclui din\u00e2micas e entrevistas entre 09 de junho e 04 de julho, com feedbacks sendo enviados durante o m\u00eas de agosto. Os (As) estagi\u00e1rios(as) selecionados(as) iniciar\u00e3o suas atividades entre setembro e outubro de 2025.<\/p>\n\n\n\n<p class=\"wp-block-paragraph\"><strong>Sobre a Suzano<\/strong>&nbsp;<\/p>\n\n\n\n<p class=\"wp-block-paragraph\">A Suzano \u00e9 a maior produtora mundial de celulose, uma das maiores produtoras de pap\u00e9is da Am\u00e9rica Latina, l\u00edder no segmento de papel higi\u00eanico no Brasil e refer\u00eancia no desenvolvimento de solu\u00e7\u00f5es sustent\u00e1veis e inovadoras a partir de mat\u00e9ria-prima de fonte renov\u00e1vel. Nossos produtos e solu\u00e7\u00f5es est\u00e3o presentes na vida de mais de 2 bilh\u00f5es de pessoas, abastecem mais de 100 pa\u00edses e incluem celulose; pap\u00e9is para imprimir e escrever; pap\u00e9is para embalagens, copos e canudos; pap\u00e9is sanit\u00e1rios e produtos absorventes; al\u00e9m de novos bioprodutos desenvolvidos para atender \u00e0 demanda global. A inova\u00e7\u00e3o e a sustentabilidade orientam nosso prop\u00f3sito de &#8220;Renovar a vida a partir da \u00e1rvore&#8221; e nosso trabalho no enfrentamento dos desafios da sociedade e do planeta.&nbsp;Com mais&nbsp;de 100 anos de hist\u00f3ria, temos a\u00e7\u00f5es nas bolsas do Brasil (SUZB3) e dos Estados Unidos (SUZ). Saiba mais na p\u00e1gina:&nbsp;<a href=\"http:\/\/www.suzano.com.br\/\" target=\"_blank\" rel=\"noreferrer noopener\">www.suzano.com.br<\/a><\/p>\n","protected":false},"excerpt":{"rendered":"<p>Oportunidades s\u00e3o para estudantes de cursos t\u00e9cnicos em diferentes \u00e1reas, com in\u00edcio previsto entre setembro e outubro de 2025 A Suzano, maior produtora mundial de celulose e refer\u00eancia global na fabrica\u00e7\u00e3o de bioprodutos desenvolvidos a partir do eucalipto, abriu inscri\u00e7\u00f5es para mais um ciclo do Programa de Est\u00e1gio T\u00e9cnico 2025. Com o objetivo de acolher [&hellip;]<\/p>\n","protected":false},"author":2,"featured_media":34097,"comment_status":"open","ping_status":"open","sticky":false,"template":"","format":"standard","meta":{"_jetpack_newsletter_access":"","_jetpack_dont_email_post_to_subs":false,"_jetpack_newsletter_tier_id":0,"_jetpack_memberships_contains_paywalled_content":false,"_mbp_banners":[],"_jetpack_feature_clip_id":0,"_jetpack_memberships_contains_paid_content":false,"footnotes":"","jetpack_publicize_message":"","jetpack_publicize_feature_enabled":true,"jetpack_social_post_already_shared":false,"jetpack_social_options":{"image_generator_settings":{"template":"highway","enabled":false},"version":2},"jetpack_post_was_ever_published":false},"categories":[16],"tags":[],"class_list":["post-34098","post","type-post","status-publish","format-standard","has-post-thumbnail","category-local"],"jetpack_publicize_connections":[],"jetpack-related-posts":[],"jetpack_shortlink":"https:\/\/wp.me\/p7Eq1F-8RY","jetpack_sharing_enabled":true,"jetpack_featured_media_url":"https:\/\/i0.wp.com\/guialimeira.com.br\/news\/wp-content\/uploads\/2025\/05\/Divulgacao-estagio-tecnico.jpg?fit=1776%2C1000&ssl=1","_links":{"self":[{"href":"https:\/\/guialimeira.com.br\/news\/wp-json\/wp\/v2\/posts\/34098","targetHints":{"allow":["GET"]}}],"collection":[{"href":"https:\/\/guialimeira.com.br\/news\/wp-json\/wp\/v2\/posts"}],"about":[{"href":"https:\/\/guialimeira.com.br\/news\/wp-json\/wp\/v2\/types\/post"}],"author":[{"embeddable":true,"href":"https:\/\/guialimeira.com.br\/news\/wp-json\/wp\/v2\/users\/2"}],"replies":[{"embeddable":true,"href":"https:\/\/guialimeira.com.br\/news\/wp-json\/wp\/v2\/comments?post=34098"}],"version-history":[{"count":1,"href":"https:\/\/guialimeira.com.br\/news\/wp-json\/wp\/v2\/posts\/34098\/revisions"}],"predecessor-version":[{"id":34099,"href":"https:\/\/guialimeira.com.br\/news\/wp-json\/wp\/v2\/posts\/34098\/revisions\/34099"}],"wp:attachment":[{"href":"https:\/\/guialimeira.com.br\/news\/wp-json\/wp\/v2\/media?parent=34098"}],"wp:term":[{"taxonomy":"category","embeddable":true,"href":"https:\/\/guialimeira.com.br\/news\/wp-json\/wp\/v2\/categories?post=34098"},{"taxonomy":"post_tag","embeddable":true,"href":"https:\/\/guialimeira.com.br\/news\/wp-json\/wp\/v2\/tags?post=34098"}],"curies":[{"name":"wp","href":"https:\/\/api.w.org\/{rel}","templated":true}]}}