{"id":3409,"date":"2024-05-01T18:44:45","date_gmt":"2024-05-01T21:44:45","guid":{"rendered":"https:\/\/guialimeira.com.br\/2024\/05\/01\/volei-de-praia-andre-e-george-se-garantem-nos-jogos-de-paris\/"},"modified":"2024-05-01T18:44:45","modified_gmt":"2024-05-01T21:44:45","slug":"volei-de-praia-andre-e-george-se-garantem-nos-jogos-de-paris","status":"publish","type":"post","link":"https:\/\/guialimeira.com.br\/news\/volei-de-praia-andre-e-george-se-garantem-nos-jogos-de-paris\/","title":{"rendered":"V\u00f4lei de Praia: Andr\u00e9 e George se garantem nos Jogos de Paris"},"content":{"rendered":"<p> <br \/>\n<\/p>\n<div>\n<p>O capixaba Andr\u00e9 Stein e o paraibano George Wanderley garantiram nesta quarta-feira (1) a classifica\u00e7\u00e3o para a disputa do torneio de v\u00f4lei de praia da pr\u00f3xima edi\u00e7\u00e3o dos Jogos Ol\u00edmpicos, que ser\u00e3o disputados em Paris (Fran\u00e7a). A vaga, conquistada pela dupla brasileira que tem a melhor coloca\u00e7\u00e3o no ranking mundial da modalidade, foi confirmada ap\u00f3s Pedro Solberg e Guto decidirem n\u00e3o disputar a etapa do Elite 16 do Circuito Mundial em Bras\u00edlia.<img data-recalc-dims=\"1\" decoding=\"async\" src=\"https:\/\/i0.wp.com\/agenciabrasil.ebc.com.br\/ebc.png?w=696&#038;ssl=1\" style=\"width:1px; height:1px; display:inline;\"\/><img data-recalc-dims=\"1\" decoding=\"async\" src=\"https:\/\/i0.wp.com\/agenciabrasil.ebc.com.br\/ebc.gif?w=696&#038;ssl=1\" style=\"width:1px; height:1px; display:inline;\"\/><\/p>\n<blockquote class=\"instagram-media\" data-instgrm-captioned=\"\" data-instgrm-permalink=\"https:\/\/www.instagram.com\/p\/C6bogIML0y6\/?utm_source=ig_embed&amp;utm_campaign=loading\" data-instgrm-version=\"14\" style=\" background:#FFF; border:0; border-radius:3px; box-shadow:0 0 1px 0 rgba(0,0,0,0.5),0 1px 10px 0 rgba(0,0,0,0.15); margin: 1px; max-width:540px; min-width:326px; padding:0; width:99.375%; width:-webkit-calc(100% - 2px); width:calc(100% - 2px);\">\n<\/blockquote>\n<p>Ap\u00f3s uma \u00f3tima campanha nas etapas do Circuito Mundial que contaram pontos para a corrida ol\u00edmpica (com a conquista de duas medalhas de ouro, duas de prata e uma de bronze), os brasileiros garantiram o passaporte para participarem da primeira Olimp\u00edada de suas vidas.<\/p>\n<p>Al\u00e9m de Andr\u00e9 Stein e de George Wanderley, a equipe do Brasil de v\u00f4lei de praia j\u00e1 conta com a classifica\u00e7\u00e3o para Paris da dupla formada por Duda e por Ana Patr\u00edcia e pelo duo B\u00e1rbara Seixas e Carol Solberg.<\/p>\n<h2>Vagas no badminton<\/h2>\n<p>Outra modalidade na qual o Brasil garantiu atletas nos Jogos de Paris foi o badminton. As vagas foram garantidas por Ygor Coelho, no individual masculino, e por Juliana Viana, no individual feminino.<\/p>\n<blockquote class=\"twitter-tweet\">\n<p dir=\"ltr\" lang=\"pt\" xml:lang=\"pt\">OLHA O BADMINTON EM <a href=\"https:\/\/twitter.com\/hashtag\/PARIS2024?src=hash&amp;ref_src=twsrc%5Etfw\" rel=\"noopener\">#PARIS2024<\/a>! \ud83c\udde7\ud83c\uddf7\ud83d\ude0d\ud83c\udff8<\/p>\n<p>Ygor Coelho e Juliana Viana est\u00e3o confirmados nos Jogos Ol\u00edmpicos e juntam-se ao <a href=\"https:\/\/twitter.com\/hashtag\/TimeBrasil?src=hash&amp;ref_src=twsrc%5Etfw\" rel=\"noopener\">#TimeBrasil<\/a> na Fran\u00e7a!<\/p>\n<p>Ygor chega a sua terceira participa\u00e7\u00e3o, enquanto Juliana far\u00e1 sua estreia!<\/p>\n<p>Parab\u00e9ns, craques! \ud83d\udc9a\ud83d\udc9b <a href=\"https:\/\/t.co\/C9bsGkV8Kg\">pic.twitter.com\/C9bsGkV8Kg<\/a><\/p>\n<p>\u2014 Time Brasil (@timebrasil) <a href=\"https:\/\/twitter.com\/timebrasil\/status\/1785460202147385449?ref_src=twsrc%5Etfw\" rel=\"noopener\">May 1, 2024<\/a><\/p><\/blockquote>\n<p>As vagas foram confirmadas quando o ranking mundial da modalidade foi fechado, na \u00faltima ter\u00e7a-feira (30), com os dois brasileiros presentes na zona de classifica\u00e7\u00e3o.<\/p>\n<\/p><\/div>\n<p><script async src=\"\/\/platform.twitter.com\/widgets.js\" charset=\"utf-8\"><\/script><script async src=\"\/\/www.instagram.com\/embed.js\"><\/script><br \/>\n<br \/><br \/>\n<br \/><a href=\"https:\/\/agenciabrasil.ebc.com.br\/esportes\/noticia\/2024-05\/volei-de-praia-andre-e-george-se-garantem-nos-jogos-de-paris\" rel=\"noopener\">Ag\u00eancia Brasil<\/a><\/p>\n","protected":false},"excerpt":{"rendered":"<p>O capixaba Andr\u00e9 Stein e o paraibano George Wanderley garantiram nesta quarta-feira (1) a classifica\u00e7\u00e3o para a disputa do torneio de v\u00f4lei de praia da pr\u00f3xima edi\u00e7\u00e3o dos Jogos Ol\u00edmpicos, que ser\u00e3o disputados em Paris (Fran\u00e7a). A vaga, conquistada pela dupla brasileira que tem a melhor coloca\u00e7\u00e3o no ranking mundial da modalidade, foi confirmada ap\u00f3s [&hellip;]<\/p>\n","protected":false},"author":1,"featured_media":3410,"comment_status":"open","ping_status":"open","sticky":false,"template":"","format":"standard","meta":{"_jetpack_newsletter_access":"","_jetpack_dont_email_post_to_subs":false,"_jetpack_newsletter_tier_id":0,"_jetpack_memberships_contains_paywalled_content":false,"_mbp_banners":[],"_jetpack_feature_clip_id":0,"_jetpack_memberships_contains_paid_content":false,"footnotes":"","jetpack_publicize_message":"","jetpack_publicize_feature_enabled":true,"jetpack_social_post_already_shared":true,"jetpack_social_options":{"image_generator_settings":{"template":"highway","default_image_id":0,"font":"","enabled":false},"version":2},"jetpack_post_was_ever_published":false},"categories":[23],"tags":[],"class_list":["post-3409","post","type-post","status-publish","format-standard","has-post-thumbnail","category-esportes"],"jetpack_publicize_connections":[],"jetpack-related-posts":[],"jetpack_shortlink":"https:\/\/wp.me\/p7Eq1F-SZ","jetpack_sharing_enabled":true,"jetpack_featured_media_url":"https:\/\/i0.wp.com\/guialimeira.com.br\/news\/wp-content\/uploads\/2024\/05\/vp_al_27.10.2023._15297.jpg?fit=1600%2C800&ssl=1","_links":{"self":[{"href":"https:\/\/guialimeira.com.br\/news\/wp-json\/wp\/v2\/posts\/3409","targetHints":{"allow":["GET"]}}],"collection":[{"href":"https:\/\/guialimeira.com.br\/news\/wp-json\/wp\/v2\/posts"}],"about":[{"href":"https:\/\/guialimeira.com.br\/news\/wp-json\/wp\/v2\/types\/post"}],"author":[{"embeddable":true,"href":"https:\/\/guialimeira.com.br\/news\/wp-json\/wp\/v2\/users\/1"}],"replies":[{"embeddable":true,"href":"https:\/\/guialimeira.com.br\/news\/wp-json\/wp\/v2\/comments?post=3409"}],"version-history":[{"count":0,"href":"https:\/\/guialimeira.com.br\/news\/wp-json\/wp\/v2\/posts\/3409\/revisions"}],"wp:featuredmedia":[{"embeddable":true,"href":"https:\/\/guialimeira.com.br\/news\/wp-json\/wp\/v2\/media\/3410"}],"wp:attachment":[{"href":"https:\/\/guialimeira.com.br\/news\/wp-json\/wp\/v2\/media?parent=3409"}],"wp:term":[{"taxonomy":"category","embeddable":true,"href":"https:\/\/guialimeira.com.br\/news\/wp-json\/wp\/v2\/categories?post=3409"},{"taxonomy":"post_tag","embeddable":true,"href":"https:\/\/guialimeira.com.br\/news\/wp-json\/wp\/v2\/tags?post=3409"}],"curies":[{"name":"wp","href":"https:\/\/api.w.org\/{rel}","templated":true}]}}