{"id":34030,"date":"2025-05-25T18:34:42","date_gmt":"2025-05-25T21:34:42","guid":{"rendered":"https:\/\/guialimeira.com.br\/2025\/05\/25\/calderano-e-vice-campeao-mundial-inedito-no-tenis-de-mesa-em-campanha\/"},"modified":"2025-05-25T18:34:42","modified_gmt":"2025-05-25T21:34:42","slug":"calderano-e-vice-campeao-mundial-inedito-no-tenis-de-mesa-em-campanha","status":"publish","type":"post","link":"https:\/\/guialimeira.com.br\/news\/calderano-e-vice-campeao-mundial-inedito-no-tenis-de-mesa-em-campanha\/","title":{"rendered":"Calderano \u00e9 vice-campe\u00e3o mundial in\u00e9dito no t\u00eanis de Mesa em campanha"},"content":{"rendered":"<p> <br \/>\n<\/p>\n<div>\n<p><strong>Ap\u00f3s uma campanha hist\u00f3rica para mesatenistas das Am\u00e9ricas, o brasileiro Hugo Calderano ficou com o vice-campeonato mundial neste domingo (25), em Doha (Catar).\u00a0<\/strong><img data-recalc-dims=\"1\" decoding=\"async\" src=\"https:\/\/i0.wp.com\/agenciabrasil.ebc.com.br\/ebc.png?w=696&#038;ssl=1\" style=\"width:1px; height:1px; display:inline;\"\/><img data-recalc-dims=\"1\" decoding=\"async\" src=\"https:\/\/i0.wp.com\/agenciabrasil.ebc.com.br\/ebc.gif?w=696&#038;ssl=1\" style=\"width:1px; height:1px; display:inline;\"\/><\/p>\n<p>N\u00famero 3 do mundo, o carioca de 28 anos, foi superado na decis\u00e3o do t\u00edtulo pelo chin\u00eas Wang Chuquin, vice-l\u00edder do <em>ranking<\/em>, por 4 sets a 1, com parciais de 12-10, 11-3, 4-11, 11-2 e 11-7.\u00a0<\/p>\n<p><strong>O brasileiro chegou pela primeira vez a uma final de Mundial, at\u00e9 ent\u00e3o dominadas por mesatenistas asi\u00e1ticos e europeus.<\/strong><\/p>\n<p>O rev\u00e9s para Chuqin ocorre um m\u00eas ap\u00f3s o asi\u00e1tico ter sido derrotado de virada por Calderano na semifinal da Copa do Mundo, em Macau, por 4 sets a 3. Agora, no hist\u00f3rico de partidas entre os dois, o chin\u00eas lidera com cinco vit\u00f3rias em sete confrontos.\u00a0<\/p>\n<p>\u00c9 o primeiro t\u00edtulo mundial de Wang \u2013 ele chegou \u00e0 final em 2023, mas acabou em segundo lugar. A China \u00e9 a maior pot\u00eancia no t\u00eanis de mesa: subiu ao topo do p\u00f3dio nas \u00faltima 11 edi\u00e7\u00f5es do Mundial.<\/p>\n<blockquote>\n<p>&#8220;N\u00e3o consegui apresentar o meu melhor hoje. Foi mais a parte f\u00edsica que pesou, o jogo de ontem me esgotou. Estou exausto ainda. Tentei me recuperar da melhor maneira. Durante o jogo tentei voltar brigando, fazer o melhor, mas eu n\u00e3o tinha mais nada no tanque&#8221;, disse Calderano, ap\u00f3s o rev\u00e9s.<\/p>\n<\/blockquote>\n<p>A prata in\u00e9dita para o Brasil tamb\u00e9m foi motivo de comemora\u00e7\u00e3o para o carioca.<\/p>\n<p>&#8220;Foi um torneio incr\u00edvel, antes do torneio se me falassem que eu sairia com uma medalha, eu ficaria muito feliz. No final eu consegui fazer o melhor que dava pra fazer. Tem um significado enorme, pois sempre foi um dos meus grandes objetivos. Alguns anos atr\u00e1s era muito dif\u00edcil um brasileiro sonhar com medalha no Mundial, e n\u00f3s conseguimos&#8221;, analisou.\u00a0\u00a0<\/p>\n<p>&#8220;Claro que fica o gostinho de quero mais, queria sair daqui como campe\u00e3o mundial, mas com certeza vou ter outras oportunidades. Vou seguir elevando meu n\u00edvel e me preparando para chegar ainda melhor nas pr\u00f3ximas&#8221;, concluiu.<\/p>\n<p>H\u00e1 nove temporadas jogando no Liebherr Ochsenhausen (Alemanha), Calderano agora vai se concentrar para a final da liga alem\u00e3 de t\u00eanis de mesa, contra o Borussia D\u00fcsseldorf, em 15 de junho.<\/p>\n<p>      <!-- Relacionada --><\/p>\n<p>            <!-- Relacionada -->\n    <\/div>\n<p><br \/>\n<br \/><a href=\"https:\/\/agenciabrasil.ebc.com.br\/esportes\/noticia\/2025-05\/calderano-e-vice-campeao-mundial-inedito-no-tenis-de-mesa-em-campanha\" rel=\"noopener\">Ag\u00eancia Brasil<\/a><\/p>\n","protected":false},"excerpt":{"rendered":"<p>Ap\u00f3s uma campanha hist\u00f3rica para mesatenistas das Am\u00e9ricas, o brasileiro Hugo Calderano ficou com o vice-campeonato mundial neste domingo (25), em Doha (Catar).\u00a0 N\u00famero 3 do mundo, o carioca de 28 anos, foi superado na decis\u00e3o do t\u00edtulo pelo chin\u00eas Wang Chuquin, vice-l\u00edder do ranking, por 4 sets a 1, com parciais de 12-10, 11-3, [&hellip;]<\/p>\n","protected":false},"author":1,"featured_media":30885,"comment_status":"open","ping_status":"open","sticky":false,"template":"","format":"standard","meta":{"_jetpack_newsletter_access":"","_jetpack_dont_email_post_to_subs":false,"_jetpack_newsletter_tier_id":0,"_jetpack_memberships_contains_paywalled_content":false,"_mbp_banners":[],"_jetpack_feature_clip_id":0,"_jetpack_memberships_contains_paid_content":false,"footnotes":"","jetpack_publicize_message":"","jetpack_publicize_feature_enabled":true,"jetpack_social_post_already_shared":true,"jetpack_social_options":{"image_generator_settings":{"template":"highway","default_image_id":0,"font":"","enabled":false},"version":2},"jetpack_post_was_ever_published":false},"categories":[23],"tags":[],"class_list":["post-34030","post","type-post","status-publish","format-standard","has-post-thumbnail","category-esportes"],"jetpack_publicize_connections":[],"jetpack-related-posts":[],"jetpack_shortlink":"https:\/\/wp.me\/p7Eq1F-8QS","jetpack_sharing_enabled":true,"jetpack_featured_media_url":"https:\/\/i0.wp.com\/guialimeira.com.br\/news\/wp-content\/uploads\/2025\/04\/calderano_grand_smash_singapura_2025.jpg?fit=1600%2C800&ssl=1","_links":{"self":[{"href":"https:\/\/guialimeira.com.br\/news\/wp-json\/wp\/v2\/posts\/34030","targetHints":{"allow":["GET"]}}],"collection":[{"href":"https:\/\/guialimeira.com.br\/news\/wp-json\/wp\/v2\/posts"}],"about":[{"href":"https:\/\/guialimeira.com.br\/news\/wp-json\/wp\/v2\/types\/post"}],"author":[{"embeddable":true,"href":"https:\/\/guialimeira.com.br\/news\/wp-json\/wp\/v2\/users\/1"}],"replies":[{"embeddable":true,"href":"https:\/\/guialimeira.com.br\/news\/wp-json\/wp\/v2\/comments?post=34030"}],"version-history":[{"count":0,"href":"https:\/\/guialimeira.com.br\/news\/wp-json\/wp\/v2\/posts\/34030\/revisions"}],"wp:featuredmedia":[{"embeddable":true,"href":"https:\/\/guialimeira.com.br\/news\/wp-json\/wp\/v2\/media\/30885"}],"wp:attachment":[{"href":"https:\/\/guialimeira.com.br\/news\/wp-json\/wp\/v2\/media?parent=34030"}],"wp:term":[{"taxonomy":"category","embeddable":true,"href":"https:\/\/guialimeira.com.br\/news\/wp-json\/wp\/v2\/categories?post=34030"},{"taxonomy":"post_tag","embeddable":true,"href":"https:\/\/guialimeira.com.br\/news\/wp-json\/wp\/v2\/tags?post=34030"}],"curies":[{"name":"wp","href":"https:\/\/api.w.org\/{rel}","templated":true}]}}