{"id":34026,"date":"2025-05-25T17:33:49","date_gmt":"2025-05-25T20:33:49","guid":{"rendered":"https:\/\/guialimeira.com.br\/2025\/05\/25\/candidato-unico-samir-xaud-e-eleito-presidente-da-cbf\/"},"modified":"2025-05-25T17:33:49","modified_gmt":"2025-05-25T20:33:49","slug":"candidato-unico-samir-xaud-e-eleito-presidente-da-cbf","status":"publish","type":"post","link":"https:\/\/guialimeira.com.br\/news\/candidato-unico-samir-xaud-e-eleito-presidente-da-cbf\/","title":{"rendered":"Candidato \u00fanico, Samir Xaud \u00e9 eleito presidente da CBF"},"content":{"rendered":"<p> <br \/>\n<\/p>\n<div>\n<p>O m\u00e9dico infectologista e dirigente esportivo Samir de Ara\u00fajo Xaud, de 41 anos, \u00e9 o novo presidente da Confedera\u00e7\u00e3o Brasileira de Futebol (CBF).\u00a0<img data-recalc-dims=\"1\" decoding=\"async\" src=\"https:\/\/i0.wp.com\/agenciabrasil.ebc.com.br\/ebc.png?w=696&#038;ssl=1\" style=\"width:1px; height:1px; display:inline;\"\/><img data-recalc-dims=\"1\" decoding=\"async\" src=\"https:\/\/i0.wp.com\/agenciabrasil.ebc.com.br\/ebc.gif?w=696&#038;ssl=1\" style=\"width:1px; height:1px; display:inline;\"\/><\/p>\n<p><strong>Candidato \u00fanico, ele foi eleito neste domingo (25) na sede da entidade, no Rio de Janeiro, por 25 das 27 federa\u00e7\u00f5es estaduais e por apenas 10 dos 40 clubes das S\u00e9ries A e B do Campeonato Brasileiro.\u00a0O mandato de Xaud vai at\u00e9 2029.<\/strong><\/p>\n<p><strong>Ele comandar\u00e1 a CBF no lugar de Ednaldo Rodrigues, afastado no \u00faltimo dia 15, por determina\u00e7\u00e3o do Tribunal de Justi\u00e7a do Rio de Janeiro<\/strong>.\u00a0<\/p>\n<p>No in\u00edcio do ano passado, Xaud foi eleito presidente da Federa\u00e7\u00e3o Roraimense de Futebol (FRF), antes comandada por seu pai por 42 anos seguidos.<\/p>\n<h2>Boicote<\/h2>\n<p>Diferentemente da elei\u00e7\u00e3o anterior, que reelegeu Ednaldo Rodrigues por unanimidade, <strong>o pleito deste domingo n\u00e3o contou com os votos de 18 clubes.\u00a0<\/strong><\/p>\n<p><strong>Participaram do boicote \u00e0 elei\u00e7\u00e3o da CBF as seguinte agremia\u00e7\u00f5es: Am\u00e9rica-MG, Athletico, Atl\u00e9tico-GO, Botafogo-SP, Chapecoense, Corinthians, Coritiba, Cuiab\u00e1, Flamengo, Fluminense, Fortaleza, Goi\u00e1s, Internacional, Juventude, Mirassol, Novorizontino, S\u00e3o Paulo e Sport.<\/strong><\/p>\n<p>Apenas Cruzeiro, Oper\u00e1rio e Santos votaram neste domingo (25). Bragantino e Ferrovi\u00e1ria n\u00e3o compareceram ao pleito, assim como a Federa\u00e7\u00e3o Paulista de Futebol (FPF), a maior do pa\u00eds.<\/p>\n<p>Vale destacar que os votos t\u00eam peso diferente de acordo com o estatuto da CBF. O voto das federa\u00e7\u00f5es tem peso tr\u00eas; os clubes da S\u00e9rie A t\u00eam peso dois; e os demais da S\u00e9rie B contam apenas um ponto.\u00a0<\/p>\n<p><strong>Sendo assim, Xaud totalizou 103 pontos, sendo que o m\u00e1ximo poss\u00edvel seria 141.<\/strong><\/p>\n<p>A elei\u00e7\u00e3o ocorre um dia antes da primeira convoca\u00e7\u00e3o da sele\u00e7\u00e3o brasileira pelo novo t\u00e9cnico Carlo Ancelotti, ex-treinador do Real Madrid. A equipe disputar\u00e1 em junho as Eliminat\u00f3rias da Copa do Mundo.<\/p>\n<p>&#8220;Queremos que o povo volte a se identificar com a sele\u00e7\u00e3o canarinho&#8221;, afirmou Xaud, no discurso de posse.\u00a0<\/p>\n<blockquote>\n<p>&#8220;Iniciamos uma nova fase na CBF. Nossa gest\u00e3o ser\u00e1 marcada pelas renova\u00e7\u00f5es das ideias e pelo desenvolvimento pleno do esporte. Nosso prop\u00f3sito \u00e9 construir uma nova CBF, moderna e comprometida com o desenvolvimento da ind\u00fastria de futebol&#8221;.<\/p>\n<\/blockquote>\n<p>Al\u00e9m de Xaud, foram eleitos oito vice-presidentes: Ednailson Leite Rozenha, Fernando Jos\u00e9 Macieira Sarney, Fl\u00e1vio Diz Zveiter, Gustavo Dias Henrique, Jos\u00e9 Vanildo da Silva, Michelle Ramalho Cardoso, Ricardo Augusto Lobo Gluck Paul e Rubens Renato Angelotti.<\/p>\n<h2>Legalidade em pauta<\/h2>\n<p>Nesta semana, <strong>volta \u00e0 pauta do Supremo Tribunal Federal (STF) a legalidade do processo eleitoral da CBF<\/strong>.\u00a0<\/p>\n<p>Em fevereiro deste ano, o ministro Gilmar Mendes arquivou a a\u00e7\u00e3o do Minist\u00e9rio P\u00fablico, iniciada em 2017, ap\u00f3s homologa\u00e7\u00e3o do acordo que reconhecia a conformidade do pleito.\u00a0<\/p>\n<p>No entanto, com a conclus\u00e3o do pedido de vista solicitado pelo ministro Fl\u00e1vio Dino, o <strong>m\u00e9rito da A\u00e7\u00e3o Civil P\u00fablica que questiona as mudan\u00e7as no estatuto eleitoral da CBF ser\u00e1 julgado na pr\u00f3xima quarta-feira<\/strong> (28).\u00a0<\/p>\n<p><strong>Tais mudan\u00e7as estabeleceram peso diferente aos votos de federa\u00e7\u00f5es e clubes do Brasileir\u00e3o nas elei\u00e7\u00f5es \u00e0 presid\u00eancia da entidade esportiva.<\/strong><\/p>\n<p>      <!-- Relacionada --><\/p>\n<p>            <!-- Relacionada -->\n    <\/div>\n<p><br \/>\n<br \/><a href=\"https:\/\/agenciabrasil.ebc.com.br\/esportes\/noticia\/2025-05\/candidato-unico-samir-xaud-e-eleito-presidente-da-cbf\" rel=\"noopener\">Ag\u00eancia Brasil<\/a><\/p>\n","protected":false},"excerpt":{"rendered":"<p>O m\u00e9dico infectologista e dirigente esportivo Samir de Ara\u00fajo Xaud, de 41 anos, \u00e9 o novo presidente da Confedera\u00e7\u00e3o Brasileira de Futebol (CBF).\u00a0 Candidato \u00fanico, ele foi eleito neste domingo (25) na sede da entidade, no Rio de Janeiro, por 25 das 27 federa\u00e7\u00f5es estaduais e por apenas 10 dos 40 clubes das S\u00e9ries A [&hellip;]<\/p>\n","protected":false},"author":1,"featured_media":34027,"comment_status":"open","ping_status":"open","sticky":false,"template":"","format":"standard","meta":{"_jetpack_newsletter_access":"","_jetpack_dont_email_post_to_subs":false,"_jetpack_newsletter_tier_id":0,"_jetpack_memberships_contains_paywalled_content":false,"_mbp_banners":[],"_jetpack_feature_clip_id":0,"_jetpack_memberships_contains_paid_content":false,"footnotes":"","jetpack_publicize_message":"","jetpack_publicize_feature_enabled":true,"jetpack_social_post_already_shared":true,"jetpack_social_options":{"image_generator_settings":{"template":"highway","default_image_id":0,"font":"","enabled":false},"version":2},"jetpack_post_was_ever_published":false},"categories":[23],"tags":[],"class_list":["post-34026","post","type-post","status-publish","format-standard","has-post-thumbnail","category-esportes"],"jetpack_publicize_connections":[],"jetpack-related-posts":[],"jetpack_shortlink":"https:\/\/wp.me\/p7Eq1F-8QO","jetpack_sharing_enabled":true,"jetpack_featured_media_url":"https:\/\/i0.wp.com\/guialimeira.com.br\/news\/wp-content\/uploads\/2025\/05\/1000009489.jpg?fit=1600%2C800&ssl=1","_links":{"self":[{"href":"https:\/\/guialimeira.com.br\/news\/wp-json\/wp\/v2\/posts\/34026","targetHints":{"allow":["GET"]}}],"collection":[{"href":"https:\/\/guialimeira.com.br\/news\/wp-json\/wp\/v2\/posts"}],"about":[{"href":"https:\/\/guialimeira.com.br\/news\/wp-json\/wp\/v2\/types\/post"}],"author":[{"embeddable":true,"href":"https:\/\/guialimeira.com.br\/news\/wp-json\/wp\/v2\/users\/1"}],"replies":[{"embeddable":true,"href":"https:\/\/guialimeira.com.br\/news\/wp-json\/wp\/v2\/comments?post=34026"}],"version-history":[{"count":0,"href":"https:\/\/guialimeira.com.br\/news\/wp-json\/wp\/v2\/posts\/34026\/revisions"}],"wp:featuredmedia":[{"embeddable":true,"href":"https:\/\/guialimeira.com.br\/news\/wp-json\/wp\/v2\/media\/34027"}],"wp:attachment":[{"href":"https:\/\/guialimeira.com.br\/news\/wp-json\/wp\/v2\/media?parent=34026"}],"wp:term":[{"taxonomy":"category","embeddable":true,"href":"https:\/\/guialimeira.com.br\/news\/wp-json\/wp\/v2\/categories?post=34026"},{"taxonomy":"post_tag","embeddable":true,"href":"https:\/\/guialimeira.com.br\/news\/wp-json\/wp\/v2\/tags?post=34026"}],"curies":[{"name":"wp","href":"https:\/\/api.w.org\/{rel}","templated":true}]}}