{"id":33525,"date":"2025-05-20T04:28:46","date_gmt":"2025-05-20T07:28:46","guid":{"rendered":"https:\/\/guialimeira.com.br\/?p=33525"},"modified":"2025-05-20T04:28:49","modified_gmt":"2025-05-20T07:28:49","slug":"mostra-teatro-limeira-2025-inscricoes-abertas","status":"publish","type":"post","link":"https:\/\/guialimeira.com.br\/news\/mostra-teatro-limeira-2025-inscricoes-abertas\/","title":{"rendered":"Mostra Municipal de Teatro de Limeira 2025 est\u00e1 com inscri\u00e7\u00f5es abertas at\u00e9 26 de maio"},"content":{"rendered":"\n<h2 class=\"wp-block-heading\">Evento ser\u00e1 realizado de 20 a 27 de junho e celebra o talento dos artistas c\u00eanicos da cidade<\/h2>\n\n\n\n<p class=\"wp-block-paragraph\">A <strong>Mostra Municipal de Teatro de Limeira 2025<\/strong> j\u00e1 est\u00e1 com inscri\u00e7\u00f5es abertas! O evento, que acontecer\u00e1 entre os dias <strong>20 e 27 de junho<\/strong>, tem como objetivo <strong>valorizar a produ\u00e7\u00e3o teatral local<\/strong>, incentivar a forma\u00e7\u00e3o de p\u00fablico e fortalecer o cen\u00e1rio art\u00edstico da cidade.<\/p>\n\n\n\n<p class=\"wp-block-paragraph\">As inscri\u00e7\u00f5es podem ser feitas at\u00e9 o dia <strong>26 de maio de 2025<\/strong>, exclusivamente online. A participa\u00e7\u00e3o \u00e9 destinada a <strong>grupos e companhias teatrais com sede em Limeira<\/strong>, devidamente cadastrados no <strong>Cadastro Municipal da Cultura<\/strong>.<\/p>\n\n\n\n<hr class=\"wp-block-separator has-alpha-channel-opacity\"\/>\n\n\n\n<h2 class=\"wp-block-heading\">\ud83c\udfad O que \u00e9 a Mostra?<\/h2>\n\n\n\n<p class=\"wp-block-paragraph\">A Mostra \u00e9 um espa\u00e7o de <strong>interc\u00e2mbio art\u00edstico, diversidade est\u00e9tica e reconhecimento cultural<\/strong>, reunindo apresenta\u00e7\u00f5es nas categorias <strong>Teatro Adulto<\/strong> e <strong>Teatro Infantil<\/strong>. Espet\u00e1culos de rua tamb\u00e9m podem participar, desde que se enquadrem nas categorias j\u00e1 citadas.<\/p>\n\n\n\n<p class=\"wp-block-paragraph\">Al\u00e9m das apresenta\u00e7\u00f5es, haver\u00e1 <strong>premia\u00e7\u00e3o por categorias art\u00edsticas<\/strong>, <strong>ajuda de custo de R$ 2.500,00 por grupo<\/strong> selecionado e <strong>a\u00e7\u00f5es formativas<\/strong> com oficinas oferecidas pelos jurados.<\/p>\n\n\n\n<hr class=\"wp-block-separator has-alpha-channel-opacity\"\/>\n\n\n\n<h2 class=\"wp-block-heading\">\ud83d\udcc5 Cronograma<\/h2>\n\n\n\n<ul class=\"wp-block-list\">\n<li><strong>Inscri\u00e7\u00f5es:<\/strong> at\u00e9 26 de maio<\/li>\n\n\n\n<li><strong>Atualiza\u00e7\u00e3o de cadastros culturais:<\/strong> at\u00e9 22 de maio<\/li>\n\n\n\n<li><strong>Divulga\u00e7\u00e3o dos selecionados:<\/strong> 31 de maio no Di\u00e1rio Oficial<\/li>\n\n\n\n<li><strong>Apresenta\u00e7\u00f5es p\u00fablicas:<\/strong> 20 a 27 de junho<\/li>\n\n\n\n<li><strong>Encerramento e premia\u00e7\u00e3o:<\/strong> 27 de junho, com participa\u00e7\u00e3o dos alunos da EMCEA<\/li>\n<\/ul>\n\n\n\n<hr class=\"wp-block-separator has-alpha-channel-opacity\"\/>\n\n\n\n<h2 class=\"wp-block-heading\">\ud83d\udccc Como se inscrever?<\/h2>\n\n\n\n<p class=\"wp-block-paragraph\">As inscri\u00e7\u00f5es s\u00e3o feitas pelo formul\u00e1rio eletr\u00f4nico da Secretaria Municipal da Cultura, com envio obrigat\u00f3rio de:<\/p>\n\n\n\n<ul class=\"wp-block-list\">\n<li>Release e sinopse do espet\u00e1culo<\/li>\n\n\n\n<li>Link para v\u00eddeo completo ou ensaio<\/li>\n\n\n\n<li>Ficha t\u00e9cnica completa com n\u00famero de cadastro<\/li>\n\n\n\n<li>Mapa de luz, texto completo em PDF e fotos de divulga\u00e7\u00e3o<\/li>\n\n\n\n<li>Declara\u00e7\u00f5es de direitos autorais e uso de imagem<\/li>\n\n\n\n<li>Autoriza\u00e7\u00e3o dos respons\u00e1veis para menores de idade<\/li>\n<\/ul>\n\n\n\n<p class=\"wp-block-paragraph\">\ud83d\udce5 <strong>Link de inscri\u00e7\u00e3o:<\/strong><br><a>Formul\u00e1rio online da Mostra<\/a><\/p>\n\n\n\n<hr class=\"wp-block-separator has-alpha-channel-opacity\"\/>\n\n\n\n<h2 class=\"wp-block-heading\">\ud83c\udfc6 Reconhecimento art\u00edstico e premia\u00e7\u00e3o<\/h2>\n\n\n\n<p class=\"wp-block-paragraph\">Durante a Mostra, os jurados \u2014 profissionais da \u00e1rea teatral convidados de fora do munic\u00edpio \u2014 far\u00e3o a avalia\u00e7\u00e3o t\u00e9cnica e art\u00edstica dos espet\u00e1culos. Ser\u00e3o entregues <strong>certificados de destaque nas categorias de atua\u00e7\u00e3o, dire\u00e7\u00e3o, figurino, sonoplastia, ilumina\u00e7\u00e3o e cenografia<\/strong>, al\u00e9m do t\u00edtulo de <strong>Melhor Espet\u00e1culo Adulto e Infantil<\/strong>.<\/p>\n\n\n\n<p class=\"wp-block-paragraph\">Os dois espet\u00e1culos melhor avaliados receber\u00e3o <strong>ajuda de custo adicional para se apresentarem em eventos culturais da cidade<\/strong>.<\/p>\n\n\n\n<hr class=\"wp-block-separator has-alpha-channel-opacity\"\/>\n\n\n\n<h2 class=\"wp-block-heading\">\u267f Acessibilidade e inclus\u00e3o<\/h2>\n\n\n\n<p class=\"wp-block-paragraph\">A Secretaria Municipal da Cultura garantir\u00e1 <strong>acessibilidade f\u00edsica e comunicacional<\/strong> nos locais de apresenta\u00e7\u00e3o. Espet\u00e1culos que utilizarem recursos audiovisuais devem conter <strong>legendas<\/strong> para atender o p\u00fablico com defici\u00eancia auditiva.<\/p>\n","protected":false},"excerpt":{"rendered":"<p>Inscri\u00e7\u00f5es abertas para a Mostra Municipal de Teatro de Limeira 2025 at\u00e9 26 de maio. Evento ser\u00e1 de 20 a 27 de junho com ajuda de custo e premia\u00e7\u00f5es culturais.<\/p>\n","protected":false},"author":1,"featured_media":33526,"comment_status":"open","ping_status":"open","sticky":false,"template":"","format":"standard","meta":{"_jetpack_newsletter_access":"","_jetpack_dont_email_post_to_subs":false,"_jetpack_newsletter_tier_id":0,"_jetpack_memberships_contains_paywalled_content":false,"_mbp_banners":[],"_jetpack_feature_clip_id":0,"_jetpack_memberships_contains_paid_content":false,"footnotes":"","jetpack_publicize_message":"","jetpack_publicize_feature_enabled":true,"jetpack_social_post_already_shared":true,"jetpack_social_options":{"image_generator_settings":{"template":"highway","default_image_id":0,"font":"","enabled":false},"version":2},"jetpack_post_was_ever_published":false},"categories":[18,16],"tags":[29],"class_list":["post-33525","post","type-post","status-publish","format-standard","has-post-thumbnail","category-cultura","category-local","tag-limeira"],"jetpack_publicize_connections":[],"jetpack-related-posts":[],"jetpack_shortlink":"https:\/\/wp.me\/p7Eq1F-8IJ","jetpack_sharing_enabled":true,"jetpack_featured_media_url":"https:\/\/i0.wp.com\/guialimeira.com.br\/news\/wp-content\/uploads\/2025\/05\/mostra-teatro-limeira.png?fit=1024%2C1024&ssl=1","_links":{"self":[{"href":"https:\/\/guialimeira.com.br\/news\/wp-json\/wp\/v2\/posts\/33525","targetHints":{"allow":["GET"]}}],"collection":[{"href":"https:\/\/guialimeira.com.br\/news\/wp-json\/wp\/v2\/posts"}],"about":[{"href":"https:\/\/guialimeira.com.br\/news\/wp-json\/wp\/v2\/types\/post"}],"author":[{"embeddable":true,"href":"https:\/\/guialimeira.com.br\/news\/wp-json\/wp\/v2\/users\/1"}],"replies":[{"embeddable":true,"href":"https:\/\/guialimeira.com.br\/news\/wp-json\/wp\/v2\/comments?post=33525"}],"version-history":[{"count":1,"href":"https:\/\/guialimeira.com.br\/news\/wp-json\/wp\/v2\/posts\/33525\/revisions"}],"predecessor-version":[{"id":33527,"href":"https:\/\/guialimeira.com.br\/news\/wp-json\/wp\/v2\/posts\/33525\/revisions\/33527"}],"wp:featuredmedia":[{"embeddable":true,"href":"https:\/\/guialimeira.com.br\/news\/wp-json\/wp\/v2\/media\/33526"}],"wp:attachment":[{"href":"https:\/\/guialimeira.com.br\/news\/wp-json\/wp\/v2\/media?parent=33525"}],"wp:term":[{"taxonomy":"category","embeddable":true,"href":"https:\/\/guialimeira.com.br\/news\/wp-json\/wp\/v2\/categories?post=33525"},{"taxonomy":"post_tag","embeddable":true,"href":"https:\/\/guialimeira.com.br\/news\/wp-json\/wp\/v2\/tags?post=33525"}],"curies":[{"name":"wp","href":"https:\/\/api.w.org\/{rel}","templated":true}]}}