{"id":33452,"date":"2025-05-19T13:51:11","date_gmt":"2025-05-19T16:51:11","guid":{"rendered":"https:\/\/guialimeira.com.br\/?p=33452"},"modified":"2025-05-19T13:51:13","modified_gmt":"2025-05-19T16:51:13","slug":"apoiadosas-pela-suzano-apicultoresas-do-programa-colmeias-ampliam-producao-de-mel-em-30-no-estado-de-sao-paulo","status":"publish","type":"post","link":"https:\/\/guialimeira.com.br\/news\/apoiadosas-pela-suzano-apicultoresas-do-programa-colmeias-ampliam-producao-de-mel-em-30-no-estado-de-sao-paulo\/","title":{"rendered":"Apoiados(as) pela Suzano, apicultores(as) do Programa Colmeias ampliam produ\u00e7\u00e3o de mel em 30% no Estado de S\u00e3o Paulo"},"content":{"rendered":"\n<p class=\"wp-block-paragraph\"><em>Iniciativa beneficiou diretamente mais de 530 produtores(as) em 2024 e movimentou R$ 9,3 milh\u00f5es, integrando gera\u00e7\u00e3o de renda, conserva\u00e7\u00e3o ambiental e fortalecimento de comunidades locais<\/em><\/p>\n\n\n\n<p class=\"wp-block-paragraph\">No m\u00eas em que se celebram o Dia da Abelha (20\/5) e o Dia do Apicultor (22\/5), a&nbsp;Suzano, maior produtora mundial de celulose e refer\u00eancia global na fabrica\u00e7\u00e3o de bioprodutos desenvolvidos a partir de eucalipto, comemora os resultados expressivos do Programa Colmeias, sua iniciativa de fomento \u00e0 apicultura sustent\u00e1vel. Somente no Estado de S\u00e3o Paulo, a iniciativa registrou um crescimento de 30% na produ\u00e7\u00e3o em 2024, saltando de 753 toneladas para mais de 981 toneladas de mel. O avan\u00e7o tamb\u00e9m refletiu no faturamento do programa,&nbsp;que movimentou R$ 9,3 milh\u00f5es no per\u00edodo, valor 52% superior em compara\u00e7\u00e3o ao ano anterior.<\/p>\n\n\n\n<p class=\"wp-block-paragraph\">As abelhas s\u00e3o fundamentais para a biodiversidade, pois garantem a poliniza\u00e7\u00e3o de diversas esp\u00e9cies vegetais. Integrar a apicultura \u00e0s planta\u00e7\u00f5es de eucalipto \u00e9 uma pr\u00e1tica que contribui para o equil\u00edbrio dos ecossistemas e, ao mesmo tempo, gera fonte sustent\u00e1vel de renda para as comunidades locais. Ao estimular a profissionaliza\u00e7\u00e3o da apicultura e ampliar o acesso a mercados, o Colmeias promove mudan\u00e7as significativas na vida de pequenos(as) produtores(as) e beneficia centenas de fam\u00edlias.<\/p>\n\n\n\n<p class=\"wp-block-paragraph\">\u201cNa Suzano, acreditamos que s\u00f3 \u00e9 bom para n\u00f3s se for bom para o mundo, e o Programa Colmeias traduz esse prop\u00f3sito ao conectar gera\u00e7\u00e3o de trabalho e renda com a prote\u00e7\u00e3o da biodiversidade. Nossa inten\u00e7\u00e3o \u00e9 fortalecer ainda mais essa cadeia produtiva nos territ\u00f3rios onde atuamos, contribuindo para um futuro mais justo, pr\u00f3spero e sustent\u00e1vel para todos(as)\u201d, afirma Adriano Martins, coordenador de Relacionamento Social da Suzano.<\/p>\n\n\n\n<p class=\"wp-block-paragraph\">Em 2024, o programa beneficiou diretamente 535 apicultores(as), ligados(as) a 16 associa\u00e7\u00f5es nas regi\u00f5es do Vale do Para\u00edba, Oeste e Sul do Estado de S\u00e3o Paulo. Juntos(as), esses(as) produtores(as) mantiveram no ano passado mais de 15 mil colmeias instaladas em \u00e1reas florestais da Suzano, resultando em uma produ\u00e7\u00e3o significativa de mais de 239 toneladas de mel s\u00f3 em \u00e1reas da empresa.<\/p>\n\n\n\n<p class=\"wp-block-paragraph\">Na regi\u00e3o do Polo Cuesta, que compreende os munic\u00edpios de Avar\u00e9, Botucatu e Itatinga, mais de 200 apicultores(as) participam ativamente do Programa Colmeias. Cibele Andrade \u00e9 uma delas. Membro da Associa\u00e7\u00e3o dos Apicultores do Polo Cuesta (Apicuesta), ela vem de uma fam\u00edlia tradicional na atividade: seu pai atua na apicultura h\u00e1 mais de 40 anos, e foi com ele e os irm\u00e3os que Cibele deu os primeiros passos neste trabalho. Em 2013, ap\u00f3s se casar, ela e o marido deram in\u00edcio \u00e0 pr\u00f3pria cria\u00e7\u00e3o de abelhas e produ\u00e7\u00e3o de mel e seus derivados, mantendo viva a tradi\u00e7\u00e3o familiar.<\/p>\n\n\n\n<p class=\"wp-block-paragraph\">\u201cA apicultura \u00e9 muito gratificante. Aprendemos com as abelhas todos os dias! A parceria com a Suzano representa uma grande ajuda para quem enfrenta limita\u00e7\u00f5es como a falta de espa\u00e7o ou recursos. Com o Programa Colmeias, temos acesso aos pastos ap\u00edcolas e conseguimos melhorar nossa produ\u00e7\u00e3o. Al\u00e9m da grande \u00e1rea de floresta de eucalipto, tamb\u00e9m podemos explorar as matas no entorno, o que nos possibilita produzir mel silvestre. Em 2024, nossas abelhas produziram cerca de 20 toneladas de mel\u201d, destaca.<\/p>\n\n\n\n<p class=\"wp-block-paragraph\">De acordo com a apicultora, a diversidade das floradas \u2014 eucalipto, laranjeira e silvestre \u2014 \u00e9 muito positiva, pois permite a cria\u00e7\u00e3o de uma gama variada de produtos. Cerca de 60% da produ\u00e7\u00e3o de Cibele \u00e9 exportada, e o restante \u00e9 vendido em com\u00e9rcios parceiros. Ela tamb\u00e9m participa, mensalmente, do projeto Espa\u00e7o Sustentabilidade, onde tem a oportunidade de vender seus produtos na feira realizada dentro da unidade da Suzano em Limeira.<\/p>\n\n\n\n<h3 class=\"wp-block-heading\"><a><\/a><strong>Programa Colmeias<\/strong><\/h3>\n\n\n\n<p class=\"wp-block-paragraph\">Lan\u00e7ado h\u00e1 17 anos, em 2008, com o objetivo de fortalecer a cadeia produtiva do mel, o Programa Colmeias atua de forma integrada para impulsionar o desenvolvimento local por meio da apicultura. Seu modelo contempla a organiza\u00e7\u00e3o e gest\u00e3o de associa\u00e7\u00f5es e cooperativas, oferecendo suporte t\u00e9cnico e administrativo, al\u00e9m da promo\u00e7\u00e3o cont\u00ednua de capacita\u00e7\u00f5es, acesso a insumos, tecnologias e equipamentos.<\/p>\n\n\n\n<p class=\"wp-block-paragraph\">A iniciativa tamb\u00e9m investe na abertura de canais de comercializa\u00e7\u00e3o e incentiva o empreendedorismo, contribuindo diretamente para o aumento da renda das fam\u00edlias envolvidas. Al\u00e9m disso, o programa \u00e9 articulado com institui\u00e7\u00f5es como Sebrae, Senar, CATI, universidades p\u00fablicas e privadas, prefeituras e cons\u00f3rcios regionais, fortalecendo redes de coopera\u00e7\u00e3o entre o setor privado e a agricultura familiar.<\/p>\n\n\n\n<p class=\"wp-block-paragraph\">Para 2025, est\u00e3o previstas novas a\u00e7\u00f5es dentro das Cadeias Produtivas Locais e a expans\u00e3o estrat\u00e9gica do programa, em sintonia com os Compromissos para Renovar a Vida \u2014 metas de longo prazo da Suzano.<\/p>\n\n\n\n<p class=\"wp-block-paragraph\"><strong>Sobre a Suzano<\/strong><\/p>\n\n\n\n<p class=\"wp-block-paragraph\">A Suzano \u00e9 a maior produtora mundial de celulose, uma das maiores fabricantes de pap\u00e9is da Am\u00e9rica Latina e l\u00edder no segmento de papel higi\u00eanico no Brasil. A companhia adota as melhores pr\u00e1ticas de inova\u00e7\u00e3o e sustentabilidade para desenvolver produtos e solu\u00e7\u00f5es a partir de mat\u00e9ria-prima renov\u00e1vel. Os produtos da Suzano est\u00e3o presentes na vida de mais de 2 bilh\u00f5es de pessoas, cerca de 25% da popula\u00e7\u00e3o mundial, e incluem celulose; itens para higiene pessoal como papel higi\u00eanico e guardanapos; pap\u00e9is para embalagens, copos e canudos; pap\u00e9is para imprimir e escrever, entre outros produtos desenvolvidos para atender \u00e0 crescente necessidade do planeta por itens mais sustent\u00e1veis. Entre suas marcas no Brasil est\u00e3o Neve\u00ae, P\u00f3len\u00ae, Suzano Report\u00ae, Mimmo\u00ae, entre outras. Com sede no Brasil e opera\u00e7\u00f5es na Am\u00e9rica Latina, Am\u00e9rica do Norte, Europa e \u00c1sia, a empresa tem mais de 100 anos de hist\u00f3ria e a\u00e7\u00f5es negociadas nas bolsas do Brasil (SUZB3) e dos Estados Unidos (SUZ). Saiba mais em:&nbsp;<a href=\"https:\/\/suzano.com.br\/\" target=\"_blank\" rel=\"noreferrer noopener\">suzano.com.br<\/a>.<\/p>\n","protected":false},"excerpt":{"rendered":"<p>Iniciativa beneficiou diretamente mais de 530 produtores(as) em 2024 e movimentou R$ 9,3 milh\u00f5es, integrando gera\u00e7\u00e3o de renda, conserva\u00e7\u00e3o ambiental e fortalecimento de comunidades locais No m\u00eas em que se celebram o Dia da Abelha (20\/5) e o Dia do Apicultor (22\/5), a&nbsp;Suzano, maior produtora mundial de celulose e refer\u00eancia global na fabrica\u00e7\u00e3o de bioprodutos [&hellip;]<\/p>\n","protected":false},"author":2,"featured_media":33455,"comment_status":"open","ping_status":"open","sticky":false,"template":"","format":"standard","meta":{"_jetpack_newsletter_access":"","_jetpack_dont_email_post_to_subs":false,"_jetpack_newsletter_tier_id":0,"_jetpack_memberships_contains_paywalled_content":false,"_mbp_banners":[],"_jetpack_feature_clip_id":0,"_jetpack_memberships_contains_paid_content":false,"footnotes":"","jetpack_publicize_message":"","jetpack_publicize_feature_enabled":true,"jetpack_social_post_already_shared":true,"jetpack_social_options":{"image_generator_settings":{"template":"highway","default_image_id":0,"font":"","enabled":false},"version":2},"jetpack_post_was_ever_published":false},"categories":[16],"tags":[],"class_list":["post-33452","post","type-post","status-publish","format-standard","has-post-thumbnail","category-local"],"jetpack_publicize_connections":[],"jetpack-related-posts":[],"jetpack_shortlink":"https:\/\/wp.me\/p7Eq1F-8Hy","jetpack_sharing_enabled":true,"jetpack_featured_media_url":"https:\/\/i0.wp.com\/guialimeira.com.br\/news\/wp-content\/uploads\/2025\/05\/Colmeias_UNF3.jpg?fit=1560%2C1040&ssl=1","_links":{"self":[{"href":"https:\/\/guialimeira.com.br\/news\/wp-json\/wp\/v2\/posts\/33452","targetHints":{"allow":["GET"]}}],"collection":[{"href":"https:\/\/guialimeira.com.br\/news\/wp-json\/wp\/v2\/posts"}],"about":[{"href":"https:\/\/guialimeira.com.br\/news\/wp-json\/wp\/v2\/types\/post"}],"author":[{"embeddable":true,"href":"https:\/\/guialimeira.com.br\/news\/wp-json\/wp\/v2\/users\/2"}],"replies":[{"embeddable":true,"href":"https:\/\/guialimeira.com.br\/news\/wp-json\/wp\/v2\/comments?post=33452"}],"version-history":[{"count":1,"href":"https:\/\/guialimeira.com.br\/news\/wp-json\/wp\/v2\/posts\/33452\/revisions"}],"predecessor-version":[{"id":33456,"href":"https:\/\/guialimeira.com.br\/news\/wp-json\/wp\/v2\/posts\/33452\/revisions\/33456"}],"wp:featuredmedia":[{"embeddable":true,"href":"https:\/\/guialimeira.com.br\/news\/wp-json\/wp\/v2\/media\/33455"}],"wp:attachment":[{"href":"https:\/\/guialimeira.com.br\/news\/wp-json\/wp\/v2\/media?parent=33452"}],"wp:term":[{"taxonomy":"category","embeddable":true,"href":"https:\/\/guialimeira.com.br\/news\/wp-json\/wp\/v2\/categories?post=33452"},{"taxonomy":"post_tag","embeddable":true,"href":"https:\/\/guialimeira.com.br\/news\/wp-json\/wp\/v2\/tags?post=33452"}],"curies":[{"name":"wp","href":"https:\/\/api.w.org\/{rel}","templated":true}]}}