{"id":3343,"date":"2024-05-01T08:12:56","date_gmt":"2024-05-01T11:12:56","guid":{"rendered":"https:\/\/guialimeira.com.br\/2024\/05\/01\/semuttran-lanca-campanha-amanha-30-04-na-estacao-da-paulista-portal-do-municipio-de-piracicaba\/"},"modified":"2024-05-01T08:12:56","modified_gmt":"2024-05-01T11:12:56","slug":"semuttran-lanca-campanha-amanha-30-04-na-estacao-da-paulista-portal-do-municipio-de-piracicaba","status":"publish","type":"post","link":"https:\/\/guialimeira.com.br\/news\/semuttran-lanca-campanha-amanha-30-04-na-estacao-da-paulista-portal-do-municipio-de-piracicaba\/","title":{"rendered":"Semuttran\u00a0lan\u00e7a campanha\u00a0amanh\u00e3, 30\/04, na Esta\u00e7\u00e3o da Paulista \u2013 Portal do Munic\u00edpio de Piracicaba"},"content":{"rendered":"<p> <br \/>\n<\/p>\n<div>\n<figure class=\"wp-block-image size-large\"><img data-recalc-dims=\"1\" fetchpriority=\"high\" decoding=\"async\" width=\"696\" height=\"464\" src=\"https:\/\/i0.wp.com\/piracicaba.sp.gov.br\/wp-content\/uploads\/2024\/04\/Secretaria-fara-acoes-de-conscientizacao-e-abordagem-durante-todo-o-mes-em-diversos-pontos-da-cidade-1-1024x683.jpg?resize=696%2C464&#038;ssl=1\" alt=\"\" class=\"wp-image-78111\" srcset=\"https:\/\/piracicaba.sp.gov.br\/wp-content\/uploads\/2024\/04\/Secretaria-fara-acoes-de-conscientizacao-e-abordagem-durante-todo-o-mes-em-diversos-pontos-da-cidade-1-1024x683.jpg 1024w, https:\/\/piracicaba.sp.gov.br\/wp-content\/uploads\/2024\/04\/Secretaria-fara-acoes-de-conscientizacao-e-abordagem-durante-todo-o-mes-em-diversos-pontos-da-cidade-1-300x200.jpg 300w, https:\/\/piracicaba.sp.gov.br\/wp-content\/uploads\/2024\/04\/Secretaria-fara-acoes-de-conscientizacao-e-abordagem-durante-todo-o-mes-em-diversos-pontos-da-cidade-1-768x512.jpg 768w, https:\/\/piracicaba.sp.gov.br\/wp-content\/uploads\/2024\/04\/Secretaria-fara-acoes-de-conscientizacao-e-abordagem-durante-todo-o-mes-em-diversos-pontos-da-cidade-1-1536x1024.jpg 1536w, https:\/\/piracicaba.sp.gov.br\/wp-content\/uploads\/2024\/04\/Secretaria-fara-acoes-de-conscientizacao-e-abordagem-durante-todo-o-mes-em-diversos-pontos-da-cidade-1-2048x1365.jpg 2048w\" sizes=\"(max-width: 1024px) 100vw, 1024px\"\/><figcaption class=\"wp-element-caption\"><strong><em><sub>Secretaria far\u00e1 a\u00e7\u00f5es de conscientiza\u00e7\u00e3o e abordagem durante todo o m\u00eas, em diversos pontos da cidade<\/sub><\/em><\/strong><\/figcaption><\/figure>\n<p>A Prefeitura de Piracicaba, por meio da Semuttran (Secretaria Municipal de Mobilidade Urbana Tr\u00e2nsito e Transportes), realiza amanh\u00e3, 30\/04, o lan\u00e7amento da campanha alusiva ao movimento Maio Amarelo, de conscientiza\u00e7\u00e3o para redu\u00e7\u00e3o de acidentes no tr\u00e2nsito, que tem o tema Paz no Tr\u00e2nsito Come\u00e7a por Voc\u00ea. A a\u00e7\u00e3o, organizada pelo (Centro de Refer\u00eancia em Sa\u00fade do Trabalhador), da Secretaria de Sa\u00fade, e Forum de Seguran\u00e7a no Tr\u00e2nsito acontece na Esta\u00e7\u00e3o da Paulista, das 9h \u00e0s 12h, \u00e9 gratuita e aberta ao p\u00fablico.<\/p>\n<p>Durante o evento haver\u00e1 circuito sa\u00fade, com aferi\u00e7\u00e3o de press\u00e3o e testes de glicemia; distribui\u00e7\u00e3o de antenas corta linha e adesivos refletivos para capacetes; testes de acuidade visual, checklist de motos e orienta\u00e7\u00e3o de dire\u00e7\u00e3o defensiva.<\/p>\n<p>Ap\u00f3s o lan\u00e7amento, a campanha seguir\u00e1 durante todo o m\u00eas de maio, com a\u00e7\u00f5es de abordagem nos dias 1\u00ba, 05, 16, 24 e 30, em parceria com a Pol\u00edcia Militar e a Guarda Civil Municipal.<\/p>\n<p>Tamb\u00e9m haver\u00e1 a\u00e7\u00f5es de conscientiza\u00e7\u00e3o em conjunto com a GCM e a PM, nos dias 2, 3, 6, 9, 12, 15, 19, 23, 28 e 31.<\/p>\n<p>A campanha contar\u00e1 ainda com eventos extras, como distribui\u00e7\u00e3o de fitas s\u00edmbolo, orienta\u00e7\u00f5es a estudantes com entrega de material, fiscaliza\u00e7\u00e3o de vans escolares e palestra.<\/p>\n<p>\u201cEstamos mais uma vez iniciando as a\u00e7\u00f5es em alus\u00e3o ao movimento, que tem propor\u00e7\u00e3o internacional, chamado Maio Amarelo. O intuito \u00e9 conscientizar sobre a import\u00e2ncia da seguran\u00e7a no tr\u00e2nsito. Esse ano o tema reflete a nossa busca incessante de preservar vidas, diminuindo os acidentes e claro, tamb\u00e9m, evitar as sequelas, causadas por atitudes que poderiam ser prevenidas, que s\u00e3o as famosas imprud\u00eancias no tr\u00e2nsito\u201d, explicou Jane Franco Oliveira, titular da Semuttran<\/p>\n<p><strong>SEGURAN\u00c7A<\/strong>\u00a0\u2013 Hoje, 29\/04, o Cerest, tamb\u00e9m em parceria com agentes da Semuttran e o F\u00f3rum de Seguran\u00e7a no Tr\u00e2nsito, organizou encontros com profissionais que utilizam motos para se deslocar para o trabalho e para casa. A a\u00e7\u00e3o, que aconteceu em diversas empresas, abordou a seguran\u00e7a no tr\u00e2nsito e os cuidados no trajeto.<\/p>\n<\/p><\/div>\n<p><br \/>\n<br \/><a href=\"https:\/\/piracicaba.sp.gov.br\/noticias\/maio-amarelo-semuttran-lanca-campanha-amanha-30-04-na-estacao-da-paulista\/\" rel=\"noopener\">Informa\u00e7\u00f5es PMP <\/a><\/p>\n","protected":false},"excerpt":{"rendered":"<p>Secretaria far\u00e1 a\u00e7\u00f5es de conscientiza\u00e7\u00e3o e abordagem durante todo o m\u00eas, em diversos pontos da cidade A Prefeitura de Piracicaba, por meio da Semuttran (Secretaria Municipal de Mobilidade Urbana Tr\u00e2nsito e Transportes), realiza amanh\u00e3, 30\/04, o lan\u00e7amento da campanha alusiva ao movimento Maio Amarelo, de conscientiza\u00e7\u00e3o para redu\u00e7\u00e3o de acidentes no tr\u00e2nsito, que tem o [&hellip;]<\/p>\n","protected":false},"author":1,"featured_media":3344,"comment_status":"open","ping_status":"open","sticky":false,"template":"","format":"standard","meta":{"_jetpack_newsletter_access":"","_jetpack_dont_email_post_to_subs":false,"_jetpack_newsletter_tier_id":0,"_jetpack_memberships_contains_paywalled_content":false,"_mbp_banners":[],"_jetpack_feature_clip_id":0,"_jetpack_memberships_contains_paid_content":false,"footnotes":"","jetpack_publicize_message":"","jetpack_publicize_feature_enabled":true,"jetpack_social_post_already_shared":true,"jetpack_social_options":{"image_generator_settings":{"template":"highway","default_image_id":0,"font":"","enabled":false},"version":2},"jetpack_post_was_ever_published":false},"categories":[20],"tags":[],"class_list":["post-3343","post","type-post","status-publish","format-standard","has-post-thumbnail","category-regiao"],"jetpack_publicize_connections":[],"jetpack-related-posts":[],"jetpack_shortlink":"https:\/\/wp.me\/p7Eq1F-RV","jetpack_sharing_enabled":true,"jetpack_featured_media_url":"https:\/\/i0.wp.com\/guialimeira.com.br\/news\/wp-content\/uploads\/2024\/05\/Secretaria-fara-acoes-de-conscientizacao-e-abordagem-durante-todo-o-mes-em-diversos-pontos-da-cidade-1-1024x683.jpg?fit=1024%2C683&ssl=1","_links":{"self":[{"href":"https:\/\/guialimeira.com.br\/news\/wp-json\/wp\/v2\/posts\/3343","targetHints":{"allow":["GET"]}}],"collection":[{"href":"https:\/\/guialimeira.com.br\/news\/wp-json\/wp\/v2\/posts"}],"about":[{"href":"https:\/\/guialimeira.com.br\/news\/wp-json\/wp\/v2\/types\/post"}],"author":[{"embeddable":true,"href":"https:\/\/guialimeira.com.br\/news\/wp-json\/wp\/v2\/users\/1"}],"replies":[{"embeddable":true,"href":"https:\/\/guialimeira.com.br\/news\/wp-json\/wp\/v2\/comments?post=3343"}],"version-history":[{"count":0,"href":"https:\/\/guialimeira.com.br\/news\/wp-json\/wp\/v2\/posts\/3343\/revisions"}],"wp:featuredmedia":[{"embeddable":true,"href":"https:\/\/guialimeira.com.br\/news\/wp-json\/wp\/v2\/media\/3344"}],"wp:attachment":[{"href":"https:\/\/guialimeira.com.br\/news\/wp-json\/wp\/v2\/media?parent=3343"}],"wp:term":[{"taxonomy":"category","embeddable":true,"href":"https:\/\/guialimeira.com.br\/news\/wp-json\/wp\/v2\/categories?post=3343"},{"taxonomy":"post_tag","embeddable":true,"href":"https:\/\/guialimeira.com.br\/news\/wp-json\/wp\/v2\/tags?post=3343"}],"curies":[{"name":"wp","href":"https:\/\/api.w.org\/{rel}","templated":true}]}}