{"id":3342,"date":"2024-05-01T07:37:51","date_gmt":"2024-05-01T10:37:51","guid":{"rendered":"https:\/\/guialimeira.com.br\/2024\/05\/01\/governo-de-sp-define-salario-minimo-estadual-de-r-1-640\/"},"modified":"2024-05-01T07:37:51","modified_gmt":"2024-05-01T10:37:51","slug":"governo-de-sp-define-salario-minimo-estadual-de-r-1-640","status":"publish","type":"post","link":"https:\/\/guialimeira.com.br\/news\/governo-de-sp-define-salario-minimo-estadual-de-r-1-640\/","title":{"rendered":"Governo de SP define sal\u00e1rio m\u00ednimo estadual de R$ 1.640"},"content":{"rendered":"<p> <br \/>\n<\/p>\n<div id=\"\">&#13;<br \/>\n                                <!-- Title -->&#13;<br \/>\n                                &#13;<br \/>\n&#13;<br \/>\n                                <!-- Excerpt -->&#13;<\/p>\n<p class=\"excerpt\">Pelo 2\u00ba ano seguido, piso paulista sobe acima da infla\u00e7\u00e3o e supera em 16% o pagamento nacional<\/p>\n<p>&#13;<br \/>\n&#13;<br \/>\n                                &#13;\n                            <\/p><\/div>\n<div id=\"\">&#13;<\/p>\n<p>O sal\u00e1rio m\u00ednimo paulista para 2024 dever\u00e1 ficar em R$ 1.640, com reajuste acima da infla\u00e7\u00e3o pelo segundo ano seguido e aumento acumulado de at\u00e9 27,7% em rela\u00e7\u00e3o ao piso estadual de 2022.<\/p>\n<p>O governador Tarc\u00edsio de Freitas enviou a proposta \u00e0 Assembleia Legislativa do Estado de S\u00e3o Paulo (Alesp) na \u00faltima ter\u00e7a-feira (30) com valor 16,1% acima do sal\u00e1rio m\u00ednimo do Governo Federal, estabelecido em R$ 1.412 desde o in\u00edcio deste ano.<\/p>\n<p>\u201cDesde 2023, nossa gest\u00e3o tem o compromisso de promover mais dignidade para a popula\u00e7\u00e3o, e o aumento na remunera\u00e7\u00e3o tem impacto direto nesse prop\u00f3sito. Mais uma vez, nossa proposta \u00e9 que o piso estadual tenha aumento real acima da infla\u00e7\u00e3o. Contaremos com os deputados estaduais para que o sal\u00e1rio m\u00ednimo paulista de R$ 1.640 seja aprovado com celeridade\u201d, afirmou Tarc\u00edsio.<\/p>\n<p>O piso estadual de R$ 1.640 \u00e9 5,8% mais alto que o valor estabelecido desde junho de 2023, de R$ 1.550. O reajuste proposto pelo Governo de S\u00e3o Paulo para 2024 tamb\u00e9m representa um aumento real em rela\u00e7\u00e3o \u00e0 infla\u00e7\u00e3o oficial acumulada dos \u00faltimos 12 meses, que ficou em 3,93% segundo o IBGE.<\/p>\n<p>Em 2023, primeiro ano da atual gest\u00e3o, o Pal\u00e1cio dos Bandeirantes prop\u00f4s aumentos de 20,7% e 18,7% para as duas faixas existentes dos referenciais salariais, que eram de R$ 1.280 e R$ 1.306. A lei aprovada pela Alesp no ano passado tamb\u00e9m unificou o piso estadual para 70 categorias profissionais espec\u00edficas que t\u00eam direito ao sal\u00e1rio m\u00ednimo paulista.<\/p>\n<p>Desta forma, a proposta de R$ 1.640 equivale a reajustes acumulados entre 25,5% e 27,7% em rela\u00e7\u00e3o ao sal\u00e1rio m\u00ednimo paulista de 2022. Nos \u00faltimos 24 meses, o IPCA \u2013 \u00edndice oficial da infla\u00e7\u00e3o no Brasil \u2013 acumulado \u00e9 de 10,5%.<\/p>\n<p>Criado em 2007, o piso estadual permite que trabalhadores paulistas recebam remunera\u00e7\u00f5es acima do sal\u00e1rio m\u00ednimo nacional. Os valores propostos pelo Governo do Estado levam em conta as condi\u00e7\u00f5es de demanda de m\u00e3o-de-obra e custo de vida em S\u00e3o Paulo, incorporando especificidades do mercado de trabalho local.<\/p>\n<\/p><\/div>\n<p><br \/>\n<br \/><a href=\"https:\/\/www.saopaulo.sp.gov.br\/spnoticias\/ultimas-noticias\/governo-de-sp-define-salario-minimo-estadual-de-r-1-640\/\" rel=\"noopener\">Informa\u00e7\u00f5es GOV.SP<\/a><\/p>\n","protected":false},"excerpt":{"rendered":"<p>&#13; &#13; &#13; &#13; &#13; Pelo 2\u00ba ano seguido, piso paulista sobe acima da infla\u00e7\u00e3o e supera em 16% o pagamento nacional &#13; &#13; &#13; &#13; O sal\u00e1rio m\u00ednimo paulista para 2024 dever\u00e1 ficar em R$ 1.640, com reajuste acima da infla\u00e7\u00e3o pelo segundo ano seguido e aumento acumulado de at\u00e9 27,7% em rela\u00e7\u00e3o ao [&hellip;]<\/p>\n","protected":false},"author":1,"featured_media":238,"comment_status":"open","ping_status":"open","sticky":false,"template":"","format":"standard","meta":{"_jetpack_newsletter_access":"","_jetpack_dont_email_post_to_subs":false,"_jetpack_newsletter_tier_id":0,"_jetpack_memberships_contains_paywalled_content":false,"_mbp_banners":[],"_jetpack_feature_clip_id":0,"_jetpack_memberships_contains_paid_content":false,"footnotes":"","jetpack_publicize_message":"","jetpack_publicize_feature_enabled":true,"jetpack_social_post_already_shared":true,"jetpack_social_options":{"image_generator_settings":{"template":"highway","default_image_id":0,"font":"","enabled":false},"version":2},"jetpack_post_was_ever_published":false},"categories":[21],"tags":[],"class_list":["post-3342","post","type-post","status-publish","format-standard","has-post-thumbnail","category-sp-news"],"jetpack_publicize_connections":[],"jetpack-related-posts":[],"jetpack_shortlink":"https:\/\/wp.me\/p7Eq1F-RU","jetpack_sharing_enabled":true,"jetpack_featured_media_url":"https:\/\/i0.wp.com\/guialimeira.com.br\/news\/wp-content\/uploads\/2024\/03\/cover.png?fit=650%2C650&ssl=1","_links":{"self":[{"href":"https:\/\/guialimeira.com.br\/news\/wp-json\/wp\/v2\/posts\/3342","targetHints":{"allow":["GET"]}}],"collection":[{"href":"https:\/\/guialimeira.com.br\/news\/wp-json\/wp\/v2\/posts"}],"about":[{"href":"https:\/\/guialimeira.com.br\/news\/wp-json\/wp\/v2\/types\/post"}],"author":[{"embeddable":true,"href":"https:\/\/guialimeira.com.br\/news\/wp-json\/wp\/v2\/users\/1"}],"replies":[{"embeddable":true,"href":"https:\/\/guialimeira.com.br\/news\/wp-json\/wp\/v2\/comments?post=3342"}],"version-history":[{"count":0,"href":"https:\/\/guialimeira.com.br\/news\/wp-json\/wp\/v2\/posts\/3342\/revisions"}],"wp:featuredmedia":[{"embeddable":true,"href":"https:\/\/guialimeira.com.br\/news\/wp-json\/wp\/v2\/media\/238"}],"wp:attachment":[{"href":"https:\/\/guialimeira.com.br\/news\/wp-json\/wp\/v2\/media?parent=3342"}],"wp:term":[{"taxonomy":"category","embeddable":true,"href":"https:\/\/guialimeira.com.br\/news\/wp-json\/wp\/v2\/categories?post=3342"},{"taxonomy":"post_tag","embeddable":true,"href":"https:\/\/guialimeira.com.br\/news\/wp-json\/wp\/v2\/tags?post=3342"}],"curies":[{"name":"wp","href":"https:\/\/api.w.org\/{rel}","templated":true}]}}