{"id":3338,"date":"2024-05-01T07:11:43","date_gmt":"2024-05-01T10:11:43","guid":{"rendered":"https:\/\/guialimeira.com.br\/2024\/05\/01\/prefeitura-inicia-obras-para-pavimentacao-da-rua-julio-soares-diehl-que-liga-o-costa-rica-ao-monte-libano\/"},"modified":"2024-05-01T07:11:43","modified_gmt":"2024-05-01T10:11:43","slug":"prefeitura-inicia-obras-para-pavimentacao-da-rua-julio-soares-diehl-que-liga-o-costa-rica-ao-monte-libano","status":"publish","type":"post","link":"https:\/\/guialimeira.com.br\/news\/prefeitura-inicia-obras-para-pavimentacao-da-rua-julio-soares-diehl-que-liga-o-costa-rica-ao-monte-libano\/","title":{"rendered":"Prefeitura inicia obras para pavimenta\u00e7\u00e3o da rua J\u00falio Soares Diehl, que liga\u00a0o\u00a0Costa Rica\u00a0ao\u00a0Monte L\u00edbano"},"content":{"rendered":"<p> <br \/>\n<\/p>\n<div itemprop=\"articleBody\">\n<div class=\"m-auto col-lg-8\">\n<figure class=\"wp-block-image size-large\"><img data-recalc-dims=\"1\" fetchpriority=\"high\" decoding=\"async\" width=\"696\" height=\"464\" src=\"https:\/\/i0.wp.com\/piracicaba.sp.gov.br\/wp-content\/uploads\/2024\/04\/Primeiros-servicos-sao-de-adequacoes-na-rede-de-drenagem-com-instalacao-de-tubulacao-1-1024x682.jpg?resize=696%2C464&#038;ssl=1\" alt=\"\" class=\"wp-image-78109\" srcset=\"https:\/\/piracicaba.sp.gov.br\/wp-content\/uploads\/2024\/04\/Primeiros-servicos-sao-de-adequacoes-na-rede-de-drenagem-com-instalacao-de-tubulacao-1-1024x682.jpg 1024w, https:\/\/piracicaba.sp.gov.br\/wp-content\/uploads\/2024\/04\/Primeiros-servicos-sao-de-adequacoes-na-rede-de-drenagem-com-instalacao-de-tubulacao-1-300x200.jpg 300w, https:\/\/piracicaba.sp.gov.br\/wp-content\/uploads\/2024\/04\/Primeiros-servicos-sao-de-adequacoes-na-rede-de-drenagem-com-instalacao-de-tubulacao-1-768x512.jpg 768w, https:\/\/piracicaba.sp.gov.br\/wp-content\/uploads\/2024\/04\/Primeiros-servicos-sao-de-adequacoes-na-rede-de-drenagem-com-instalacao-de-tubulacao-1-1536x1024.jpg 1536w, https:\/\/piracicaba.sp.gov.br\/wp-content\/uploads\/2024\/04\/Primeiros-servicos-sao-de-adequacoes-na-rede-de-drenagem-com-instalacao-de-tubulacao-1.jpg 2000w\" sizes=\"(max-width: 1024px) 100vw, 1024px\"\/><figcaption class=\"wp-element-caption\"><strong><em><sub>Primeiros servi\u00e7os s\u00e3o de adequa\u00e7\u00f5es na rede de drenagem, com instala\u00e7\u00e3o de tubula\u00e7\u00e3o<\/sub><\/em><\/strong><\/figcaption><\/figure>\n<p>A Prefeitura de Piracicaba, por meio da Secretaria de Obras e Zeladoria (Semozel), iniciou hoje, 29\/04, obra de infraestrutura na rua J\u00falio Soares Diehl, via que liga os bairros Costa Rica e Monte L\u00edbano. A equipe atua agora com adequa\u00e7\u00e3o do sistema de drenagem, com instala\u00e7\u00e3o de galeria de \u00e1guas pluviais, para posterior pavimenta\u00e7\u00e3o, j\u00e1 que a rua ainda n\u00e3o \u00e9 asfaltada.<\/p>\n<p>Al\u00e9m da drenagem e do pavimento, est\u00e3o inclusos ainda servi\u00e7os de constru\u00e7\u00e3o de guias, sarjetas e cal\u00e7adas.<\/p>\n<figure class=\"wp-block-image size-large\"><img data-recalc-dims=\"1\" loading=\"lazy\" decoding=\"async\" width=\"696\" height=\"464\" src=\"https:\/\/i0.wp.com\/piracicaba.sp.gov.br\/wp-content\/uploads\/2024\/04\/Rua-Julio-Soares-Diehl-liga-os-bairros-Costa-Rica-e-Monte-Libano-1-1024x682.jpg?resize=696%2C464&#038;ssl=1\" alt=\"\" class=\"wp-image-78110\" srcset=\"https:\/\/piracicaba.sp.gov.br\/wp-content\/uploads\/2024\/04\/Rua-Julio-Soares-Diehl-liga-os-bairros-Costa-Rica-e-Monte-Libano-1-1024x682.jpg 1024w, https:\/\/piracicaba.sp.gov.br\/wp-content\/uploads\/2024\/04\/Rua-Julio-Soares-Diehl-liga-os-bairros-Costa-Rica-e-Monte-Libano-1-300x200.jpg 300w, https:\/\/piracicaba.sp.gov.br\/wp-content\/uploads\/2024\/04\/Rua-Julio-Soares-Diehl-liga-os-bairros-Costa-Rica-e-Monte-Libano-1-768x512.jpg 768w, https:\/\/piracicaba.sp.gov.br\/wp-content\/uploads\/2024\/04\/Rua-Julio-Soares-Diehl-liga-os-bairros-Costa-Rica-e-Monte-Libano-1-1536x1024.jpg 1536w, https:\/\/piracicaba.sp.gov.br\/wp-content\/uploads\/2024\/04\/Rua-Julio-Soares-Diehl-liga-os-bairros-Costa-Rica-e-Monte-Libano-1.jpg 2000w\" sizes=\"auto, (max-width: 1024px) 100vw, 1024px\"\/><figcaption class=\"wp-element-caption\"><strong><em><sub>Rua J\u00falio Soares Diehl liga os bairros Costa Rica e Monte L\u00edbano<\/sub><\/em><\/strong><\/figcaption><\/figure>\n<p>No total, a obra contemplar\u00e1 mais de 3.400 m2, com investimento previsto de R$ 1,1 milh\u00e3o.<\/p>\n<p>A rua \u00e9 a principal via de acesso entre os bairros, j\u00e1 que liga a rua Vaticano, no Costa Rica, \u00e0 rua Papa Jo\u00e3o Paulo II, no Monte L\u00edbano.<\/p>\n<\/div>\n<\/div>\n<p><br \/>\n<br \/><a href=\"https:\/\/piracicaba.sp.gov.br\/noticias\/prefeitura-inicia-obras-para-pavimentacao-da-rua-julio-soares-diehl-que-liga-o-costa-rica-ao-monte-libano\/\" rel=\"noopener\">Informa\u00e7\u00f5es PMP <\/a><\/p>\n","protected":false},"excerpt":{"rendered":"<p>Primeiros servi\u00e7os s\u00e3o de adequa\u00e7\u00f5es na rede de drenagem, com instala\u00e7\u00e3o de tubula\u00e7\u00e3o A Prefeitura de Piracicaba, por meio da Secretaria de Obras e Zeladoria (Semozel), iniciou hoje, 29\/04, obra de infraestrutura na rua J\u00falio Soares Diehl, via que liga os bairros Costa Rica e Monte L\u00edbano. A equipe atua agora com adequa\u00e7\u00e3o do sistema [&hellip;]<\/p>\n","protected":false},"author":1,"featured_media":3339,"comment_status":"open","ping_status":"open","sticky":false,"template":"","format":"standard","meta":{"_jetpack_newsletter_access":"","_jetpack_dont_email_post_to_subs":false,"_jetpack_newsletter_tier_id":0,"_jetpack_memberships_contains_paywalled_content":false,"_mbp_banners":[],"_jetpack_feature_clip_id":0,"_jetpack_memberships_contains_paid_content":false,"footnotes":"","jetpack_publicize_message":"","jetpack_publicize_feature_enabled":true,"jetpack_social_post_already_shared":true,"jetpack_social_options":{"image_generator_settings":{"template":"highway","default_image_id":0,"font":"","enabled":false},"version":2},"jetpack_post_was_ever_published":false},"categories":[20],"tags":[],"class_list":["post-3338","post","type-post","status-publish","format-standard","has-post-thumbnail","category-regiao"],"jetpack_publicize_connections":[],"jetpack-related-posts":[],"jetpack_shortlink":"https:\/\/wp.me\/p7Eq1F-RQ","jetpack_sharing_enabled":true,"jetpack_featured_media_url":"https:\/\/i0.wp.com\/guialimeira.com.br\/news\/wp-content\/uploads\/2024\/05\/Primeiros-servicos-sao-de-adequacoes-na-rede-de-drenagem-com-instalacao-de-tubulacao-1-1024x682.jpg?fit=1024%2C682&ssl=1","_links":{"self":[{"href":"https:\/\/guialimeira.com.br\/news\/wp-json\/wp\/v2\/posts\/3338","targetHints":{"allow":["GET"]}}],"collection":[{"href":"https:\/\/guialimeira.com.br\/news\/wp-json\/wp\/v2\/posts"}],"about":[{"href":"https:\/\/guialimeira.com.br\/news\/wp-json\/wp\/v2\/types\/post"}],"author":[{"embeddable":true,"href":"https:\/\/guialimeira.com.br\/news\/wp-json\/wp\/v2\/users\/1"}],"replies":[{"embeddable":true,"href":"https:\/\/guialimeira.com.br\/news\/wp-json\/wp\/v2\/comments?post=3338"}],"version-history":[{"count":0,"href":"https:\/\/guialimeira.com.br\/news\/wp-json\/wp\/v2\/posts\/3338\/revisions"}],"wp:featuredmedia":[{"embeddable":true,"href":"https:\/\/guialimeira.com.br\/news\/wp-json\/wp\/v2\/media\/3339"}],"wp:attachment":[{"href":"https:\/\/guialimeira.com.br\/news\/wp-json\/wp\/v2\/media?parent=3338"}],"wp:term":[{"taxonomy":"category","embeddable":true,"href":"https:\/\/guialimeira.com.br\/news\/wp-json\/wp\/v2\/categories?post=3338"},{"taxonomy":"post_tag","embeddable":true,"href":"https:\/\/guialimeira.com.br\/news\/wp-json\/wp\/v2\/tags?post=3338"}],"curies":[{"name":"wp","href":"https:\/\/api.w.org\/{rel}","templated":true}]}}