{"id":33366,"date":"2025-05-17T18:10:42","date_gmt":"2025-05-17T21:10:42","guid":{"rendered":"https:\/\/guialimeira.com.br\/2025\/05\/17\/isaquias-queiroz-garante-ouro-na-copa-do-mundo-de-canoagem-velocidade\/"},"modified":"2025-05-17T18:10:42","modified_gmt":"2025-05-17T21:10:42","slug":"isaquias-queiroz-garante-ouro-na-copa-do-mundo-de-canoagem-velocidade","status":"publish","type":"post","link":"https:\/\/guialimeira.com.br\/news\/isaquias-queiroz-garante-ouro-na-copa-do-mundo-de-canoagem-velocidade\/","title":{"rendered":"Isaquias Queiroz garante ouro na Copa do Mundo de canoagem velocidade"},"content":{"rendered":"<p> <br \/>\n<\/p>\n<div>\n<p><strong>O campe\u00e3o ol\u00edmpico Isaquias Queiroz conquistou, neste s\u00e1bado (17), a medalha de ouro na Copa do Mundo de canoagem velocidade, disputada em Szeged, na H\u00fangria. <\/strong>O baiano, de 31 anos, venceu a prova dos 500 metros da categoria C1 (canoa individual), com tempo de 1min47s80. O conterr\u00e2neo Gabriel Assun\u00e7\u00e3o, 20 anos, foi o quinto colocado da final, terminando o percurso em 1min50s17.<img data-recalc-dims=\"1\" decoding=\"async\" src=\"https:\/\/i0.wp.com\/agenciabrasil.ebc.com.br\/ebc.png?w=696&#038;ssl=1\" style=\"width:1px; height:1px; display:inline;\"\/><img data-recalc-dims=\"1\" decoding=\"async\" src=\"https:\/\/i0.wp.com\/agenciabrasil.ebc.com.br\/ebc.gif?w=696&#038;ssl=1\" style=\"width:1px; height:1px; display:inline;\"\/><\/p>\n<p>Isaquias ficou \u00e0 frente do russo Zakhar Petrov (que compete como atleta neutro, j\u00e1 que o pa\u00eds est\u00e1 suspenso de eventos internacionais por conta da guerra com a Ucr\u00e2nia) e do romeno Catalin Chirla.<strong> O cano\u00edsta de Ubaitaba (BA) n\u00e3o competia fora do Brasil desde os Jogos de Paris, em 2024, quando foi prata nos mil metros da mesma categoria <\/strong>C1, prova em que foi ouro tr\u00eas anos antes, em T\u00f3quio, no Jap\u00e3o. Ele acumula cinco medalhas ol\u00edmpicas na carreira.<\/p>\n<p>Depois de ganhar a primeira medalha em Szeged, Isaquias voltou para a \u00e1gua &#8211; ao lado de Gabriel &#8211; para disputa das eliminat\u00f3rias dos 500 metros da categoria C2 (canoa para dois). Eles e os tamb\u00e9m baianos Filipe Vieira e Jacky Goodman avan\u00e7aram \u00e0s semifinais. No domingo (18), a partir de 5h (hor\u00e1rio de Bras\u00edlia), as duplas competem na mesma bateria (que re\u00fane oito embarca\u00e7\u00f5es) por quatro vagas na final, prevista para 7h25.<\/p>\n<p>Outro cano\u00edsta brasileiro &#8211; e mais um nascido na Bahia &#8211; que brigar\u00e1 por medalha neste domingo \u00e9 Mateus Nunes. O atleta de Itacar\u00e9 (BA) disputa, \u00e0s 9h40, a final dos cinco mil metros do C1.<\/p>\n<h2>Mais p\u00f3dios<\/h2>\n<p><strong>O esporte brasileiro tamb\u00e9m foi ao p\u00f3dio no triatlo. O paulista Miguel Hidalgo abriu a temporada da S\u00e9rie Mundial com um terceiro lugar na etapa de Yokohama, no Jap\u00e3o.<\/strong> Ele acabou o percurso de 1,5 quil\u00f4metros de nata\u00e7\u00e3o, 40 km de ciclismo e 10 km de corrida em 1h41min29s, em uma prova de recupera\u00e7\u00e3o, j\u00e1 que saiu da parte aqu\u00e1tica da prova na 16\u00aa posi\u00e7\u00e3o. O australiano Matthew Hauser levou a melhor, seguido pelo portugu\u00eas Vasco Vila\u00e7a, que levou a prata.<\/p>\n<p>J\u00e1 pela Copa do Mundo de gin\u00e1stica art\u00edstica, <strong>Gabriela Barbosa e Gabriela Bou\u00e7as foram prata e bronze, respectivamente, na final das barras assim\u00e9tricas da etapa de Koper, na Eslov\u00eania. <\/strong>\u00c9 a primeira vez que ambas v\u00e3o ao p\u00f3dio em uma competi\u00e7\u00e3o deste n\u00edvel. Atleta da casa, Lucija Hribar ficou com o primeiro lugar.<\/p>\n<p>As xar\u00e1s voltam a competir no domingo, na final da trave. Gabriela Barbosa ainda est\u00e1 na decis\u00e3o do solo, que tamb\u00e9m ter\u00e1 participa\u00e7\u00e3o de Julia Coutinho. No masculino, Patrick Correa e Lucas Bitencourt, o Bisteca, brigar\u00e3o por medalhas na barra fixa, sendo que Lucas tamb\u00e9m disputa o p\u00f3dio nas barras paralelas, assim como Johnny Massahiro Oshiro.<\/p>\n<p>      <!-- Relacionada --><\/p>\n<p>            <!-- Relacionada -->\n    <\/div>\n<p><br \/>\n<br \/><a href=\"https:\/\/agenciabrasil.ebc.com.br\/esportes\/noticia\/2025-05\/isaquias-queiroz-garante-ouro-na-copa-do-mundo-de-canoagem-velocidade\" rel=\"noopener\">Ag\u00eancia Brasil<\/a><\/p>\n","protected":false},"excerpt":{"rendered":"<p>O campe\u00e3o ol\u00edmpico Isaquias Queiroz conquistou, neste s\u00e1bado (17), a medalha de ouro na Copa do Mundo de canoagem velocidade, disputada em Szeged, na H\u00fangria. O baiano, de 31 anos, venceu a prova dos 500 metros da categoria C1 (canoa individual), com tempo de 1min47s80. O conterr\u00e2neo Gabriel Assun\u00e7\u00e3o, 20 anos, foi o quinto colocado [&hellip;]<\/p>\n","protected":false},"author":1,"featured_media":33367,"comment_status":"open","ping_status":"open","sticky":false,"template":"","format":"standard","meta":{"_jetpack_newsletter_access":"","_jetpack_dont_email_post_to_subs":false,"_jetpack_newsletter_tier_id":0,"_jetpack_memberships_contains_paywalled_content":false,"_mbp_banners":[],"_jetpack_feature_clip_id":0,"_jetpack_memberships_contains_paid_content":false,"footnotes":"","jetpack_publicize_message":"","jetpack_publicize_feature_enabled":true,"jetpack_social_post_already_shared":true,"jetpack_social_options":{"image_generator_settings":{"template":"highway","default_image_id":0,"font":"","enabled":false},"version":2},"jetpack_post_was_ever_published":false},"categories":[23],"tags":[],"class_list":["post-33366","post","type-post","status-publish","format-standard","has-post-thumbnail","category-esportes"],"jetpack_publicize_connections":[],"jetpack-related-posts":[],"jetpack_shortlink":"https:\/\/wp.me\/p7Eq1F-8Ga","jetpack_sharing_enabled":true,"jetpack_featured_media_url":"https:\/\/i0.wp.com\/guialimeira.com.br\/news\/wp-content\/uploads\/2025\/05\/whatsapp_image_2025-05-17_at_05.53.56.jpg?fit=1600%2C800&ssl=1","_links":{"self":[{"href":"https:\/\/guialimeira.com.br\/news\/wp-json\/wp\/v2\/posts\/33366","targetHints":{"allow":["GET"]}}],"collection":[{"href":"https:\/\/guialimeira.com.br\/news\/wp-json\/wp\/v2\/posts"}],"about":[{"href":"https:\/\/guialimeira.com.br\/news\/wp-json\/wp\/v2\/types\/post"}],"author":[{"embeddable":true,"href":"https:\/\/guialimeira.com.br\/news\/wp-json\/wp\/v2\/users\/1"}],"replies":[{"embeddable":true,"href":"https:\/\/guialimeira.com.br\/news\/wp-json\/wp\/v2\/comments?post=33366"}],"version-history":[{"count":0,"href":"https:\/\/guialimeira.com.br\/news\/wp-json\/wp\/v2\/posts\/33366\/revisions"}],"wp:featuredmedia":[{"embeddable":true,"href":"https:\/\/guialimeira.com.br\/news\/wp-json\/wp\/v2\/media\/33367"}],"wp:attachment":[{"href":"https:\/\/guialimeira.com.br\/news\/wp-json\/wp\/v2\/media?parent=33366"}],"wp:term":[{"taxonomy":"category","embeddable":true,"href":"https:\/\/guialimeira.com.br\/news\/wp-json\/wp\/v2\/categories?post=33366"},{"taxonomy":"post_tag","embeddable":true,"href":"https:\/\/guialimeira.com.br\/news\/wp-json\/wp\/v2\/tags?post=33366"}],"curies":[{"name":"wp","href":"https:\/\/api.w.org\/{rel}","templated":true}]}}