{"id":3333,"date":"2024-05-01T05:09:42","date_gmt":"2024-05-01T08:09:42","guid":{"rendered":"https:\/\/guialimeira.com.br\/2024\/05\/01\/8a-conferencia-da-cidade-de-piracicaba-acontece-em-25-05-portal-do-municipio-de-piracicaba\/"},"modified":"2024-05-01T05:09:42","modified_gmt":"2024-05-01T08:09:42","slug":"8a-conferencia-da-cidade-de-piracicaba-acontece-em-25-05-portal-do-municipio-de-piracicaba","status":"publish","type":"post","link":"https:\/\/guialimeira.com.br\/news\/8a-conferencia-da-cidade-de-piracicaba-acontece-em-25-05-portal-do-municipio-de-piracicaba\/","title":{"rendered":"8\u00aa Confer\u00eancia da Cidade de Piracicaba acontece em 25\/05 \u2013 Portal do Munic\u00edpio de Piracicaba"},"content":{"rendered":"<p> <br \/>\n<\/p>\n<div>\n<figure class=\"wp-block-image size-large\"><img data-recalc-dims=\"1\" fetchpriority=\"high\" decoding=\"async\" width=\"696\" height=\"392\" src=\"https:\/\/i0.wp.com\/piracicaba.sp.gov.br\/wp-content\/uploads\/2024\/04\/8a-Conferencia-da-Cidade-de-Piracicaba-acontece-em-25-de-maio-1024x576.jpg?resize=696%2C392&#038;ssl=1\" alt=\"\" class=\"wp-image-78178\" srcset=\"https:\/\/piracicaba.sp.gov.br\/wp-content\/uploads\/2024\/04\/8a-Conferencia-da-Cidade-de-Piracicaba-acontece-em-25-de-maio-1024x576.jpg 1024w, https:\/\/piracicaba.sp.gov.br\/wp-content\/uploads\/2024\/04\/8a-Conferencia-da-Cidade-de-Piracicaba-acontece-em-25-de-maio-300x169.jpg 300w, https:\/\/piracicaba.sp.gov.br\/wp-content\/uploads\/2024\/04\/8a-Conferencia-da-Cidade-de-Piracicaba-acontece-em-25-de-maio-768x432.jpg 768w, https:\/\/piracicaba.sp.gov.br\/wp-content\/uploads\/2024\/04\/8a-Conferencia-da-Cidade-de-Piracicaba-acontece-em-25-de-maio-1536x864.jpg 1536w, https:\/\/piracicaba.sp.gov.br\/wp-content\/uploads\/2024\/04\/8a-Conferencia-da-Cidade-de-Piracicaba-acontece-em-25-de-maio-2048x1152.jpg 2048w\" sizes=\"(max-width: 1024px) 100vw, 1024px\"\/><figcaption class=\"wp-element-caption\">8\u00aa Confer\u00eancia da Cidade de Piracicaba acontece em 25 de maio<\/figcaption><\/figure>\n<p>A Prefeitura promove, no dia 25\/05, a 8\u00aa Confer\u00eancia da Cidade de Piracicaba. O evento acontece das 7h30 \u00e0s 18h30, na Funda\u00e7\u00e3o Municipal de Ensino de Piracicaba (Fumep), e \u00e9 aberto ao p\u00fablico. Na ocasi\u00e3o, tamb\u00e9m ser\u00e3o eleitos os delegados para representar Piracicaba na Confer\u00eancia Estadual e os membros da sociedade civil para o Conselho Municipal da Cidade (ConCidade).<\/p>\n<p>Com o tema \u201cConstruindo a Pol\u00edtica Nacional, Estadual e Municipal de Desenvolvimento Urbano: caminhos para cidades inclusivas, democr\u00e1ticas, sustent\u00e1veis e com justi\u00e7a social\u201d, o evento tem o objetivo de criar um espa\u00e7o para debater e avaliar as pol\u00edticas p\u00fablicas no munic\u00edpio. A Fumep est\u00e1 localizada na avenida Monsenhor Martinho Salgot, 560, no bairro Are\u00e3o. Para participar, basta ter mais de 18 anos e apresentar documento oficial de identifica\u00e7\u00e3o com foto e comprovante de resid\u00eancia.\u00a0<\/p>\n<p>Para Andrea Ribeiro Gomes, secret\u00e1ria de Habita\u00e7\u00e3o e Gest\u00e3o Territorial (Semuhget), o intuito do evento \u00e9 debater desafios e desenhar caminhos para um desenvolvimento urbano mais inclusivo e justo. \u201c\u00c9 um espa\u00e7o para cada morador e moradora de Piracicaba olhar para suas regi\u00f5es e pensar quais s\u00e3o as prioridades a serem estabelecidas para construir a cidade que queremos. \u00c9 uma oportunidade para os cidad\u00e3os pensarem\u00a0sobre os desafios e potencialidades do nosso munic\u00edpio e compartilharem\u00a0essas ideias conosco em uma grande roda de conversa\u201d, explica.<\/p>\n<p>De acordo com Maria Beatriz Silloto Dias de Souza, coordenadora do departamento de planejamento da Semuhget e membro da Comiss\u00e3o Organizadora da Confer\u00eancia, \u00e9 importante que os moradores de Piracicaba participem dessa a\u00e7\u00e3o. \u201cTeremos elei\u00e7\u00f5es dos delegados que v\u00e3o representar a sociedade civil para a etapa estadual que, futuramente, podem participar da etapa a n\u00edvel federal. \u00c9 uma forma de o poder p\u00fablico entender o que acontece no munic\u00edpio e estabelecer um di\u00e1logo com a sociedade civil. Dessa forma, \u00e9 poss\u00edvel desenvolver pol\u00edticas de desenvolvimento urbano para a cidade\u201d, explica.<\/p>\n<p>O evento conta com uma palestra \u00e0s 9h, sobre o tema \u201cConstruindo a Pol\u00edtica Nacional, Estadual e Municipal de Desenvolvimento Urbano: caminhos para cidades inclusivas, democr\u00e1ticas, sustent\u00e1veis e com justi\u00e7a social\u201d. A programa\u00e7\u00e3o segue com debates e, \u00e0s 15h, acontece a elei\u00e7\u00e3o dos delegados para a etapa estadual. Na sequ\u00eancia, \u00e0s 16h, est\u00e1 previsto para ocorrer a elei\u00e7\u00e3o dos membros da sociedade civil para o ConCidade.<\/p>\n<p><strong>SERVI\u00c7O<\/strong>\u00a0\u2014\u00a08\u00aa Confer\u00eancia da Cidade de Piracicaba. 25\/05, das 7h30 \u00e0s 18h30, a Funda\u00e7\u00e3o Municipal de Ensino de Piracicaba (Fumep), localizada \u00e0 rua Av. Monsenhor Martinho Salgot, 560, Are\u00e3o.\u00a0Entrada gratuita e aberta ao p\u00fablico.<\/p>\n<p><strong>Confira a programa\u00e7\u00e3o completa\u00a0da\u00a08\u00aa Confer\u00eancia da Cidade de Piracicaba<\/strong><\/p>\n<p>7h30 \u00e0s 8h30 \u2013 Credenciamento<\/p>\n<p>8h \u00e0s 8h30 \u2013 Abertura<\/p>\n<p>8h30 \u00e0s 9h \u2013 Leitura e aprova\u00e7\u00e3o do Regimento Interno<\/p>\n<p>9h \u00e0s 10h \u2013 Palestra sobre o tema: \u201cConstruindo a Pol\u00edtica\u00a0Nacional, Estadual e Municipal\u00a0de Desenvolvimento Urbano: caminhos para cidades inclusivas, democr\u00e1ticas, sustent\u00e1veis e com justi\u00e7a social\u201d.<\/p>\n<p>10h \u00e0s 12h30 \u2013 Debates em grupos de trabalho<\/p>\n<p>12h30 \u00e0s 13h30 \u2013 Lanche<\/p>\n<p>13h30 \u00e0s 15h \u2013 Apresenta\u00e7\u00e3o, na plen\u00e1ria, dos resultados dos debates dos grupos de trabalho\u00a0<\/p>\n<p>15h \u00e0s 16h \u2013 Elei\u00e7\u00e3o dos(as) delegados(as) para a Etapa Estadual<\/p>\n<p>16h \u00e0s 16h30 \u2013 Elei\u00e7\u00e3o dos membros da Sociedade Civil para o ConCidade<\/p>\n<p>16h30 \u00e0s 17h30 \u2013 Apresenta\u00e7\u00e3o, na plen\u00e1ria, dos eleitos<\/p>\n<p>17h30 \u00e0s 18h30 \u2013 Encerramento<\/p>\n<\/div>\n<p><br \/>\n<br \/><a href=\"https:\/\/piracicaba.sp.gov.br\/noticias\/8a-conferencia-da-cidade-de-piracicaba-acontece-em-25-05\/\" rel=\"noopener\">Informa\u00e7\u00f5es PMP <\/a><\/p>\n","protected":false},"excerpt":{"rendered":"<p>8\u00aa Confer\u00eancia da Cidade de Piracicaba acontece em 25 de maio A Prefeitura promove, no dia 25\/05, a 8\u00aa Confer\u00eancia da Cidade de Piracicaba. O evento acontece das 7h30 \u00e0s 18h30, na Funda\u00e7\u00e3o Municipal de Ensino de Piracicaba (Fumep), e \u00e9 aberto ao p\u00fablico. Na ocasi\u00e3o, tamb\u00e9m ser\u00e3o eleitos os delegados para representar Piracicaba na [&hellip;]<\/p>\n","protected":false},"author":1,"featured_media":3334,"comment_status":"open","ping_status":"open","sticky":false,"template":"","format":"standard","meta":{"_jetpack_newsletter_access":"","_jetpack_dont_email_post_to_subs":false,"_jetpack_newsletter_tier_id":0,"_jetpack_memberships_contains_paywalled_content":false,"_mbp_banners":[],"_jetpack_feature_clip_id":0,"_jetpack_memberships_contains_paid_content":false,"footnotes":"","jetpack_publicize_message":"","jetpack_publicize_feature_enabled":true,"jetpack_social_post_already_shared":true,"jetpack_social_options":{"image_generator_settings":{"template":"highway","default_image_id":0,"font":"","enabled":false},"version":2},"jetpack_post_was_ever_published":false},"categories":[20],"tags":[],"class_list":["post-3333","post","type-post","status-publish","format-standard","has-post-thumbnail","category-regiao"],"jetpack_publicize_connections":[],"jetpack-related-posts":[],"jetpack_shortlink":"https:\/\/wp.me\/p7Eq1F-RL","jetpack_sharing_enabled":true,"jetpack_featured_media_url":"https:\/\/i0.wp.com\/guialimeira.com.br\/news\/wp-content\/uploads\/2024\/05\/8a-Conferencia-da-Cidade-de-Piracicaba-acontece-em-25-de-maio-1024x576.jpg?fit=1024%2C576&ssl=1","_links":{"self":[{"href":"https:\/\/guialimeira.com.br\/news\/wp-json\/wp\/v2\/posts\/3333","targetHints":{"allow":["GET"]}}],"collection":[{"href":"https:\/\/guialimeira.com.br\/news\/wp-json\/wp\/v2\/posts"}],"about":[{"href":"https:\/\/guialimeira.com.br\/news\/wp-json\/wp\/v2\/types\/post"}],"author":[{"embeddable":true,"href":"https:\/\/guialimeira.com.br\/news\/wp-json\/wp\/v2\/users\/1"}],"replies":[{"embeddable":true,"href":"https:\/\/guialimeira.com.br\/news\/wp-json\/wp\/v2\/comments?post=3333"}],"version-history":[{"count":0,"href":"https:\/\/guialimeira.com.br\/news\/wp-json\/wp\/v2\/posts\/3333\/revisions"}],"wp:featuredmedia":[{"embeddable":true,"href":"https:\/\/guialimeira.com.br\/news\/wp-json\/wp\/v2\/media\/3334"}],"wp:attachment":[{"href":"https:\/\/guialimeira.com.br\/news\/wp-json\/wp\/v2\/media?parent=3333"}],"wp:term":[{"taxonomy":"category","embeddable":true,"href":"https:\/\/guialimeira.com.br\/news\/wp-json\/wp\/v2\/categories?post=3333"},{"taxonomy":"post_tag","embeddable":true,"href":"https:\/\/guialimeira.com.br\/news\/wp-json\/wp\/v2\/tags?post=3333"}],"curies":[{"name":"wp","href":"https:\/\/api.w.org\/{rel}","templated":true}]}}