{"id":3331,"date":"2024-05-01T04:49:03","date_gmt":"2024-05-01T07:49:03","guid":{"rendered":"https:\/\/guialimeira.com.br\/2024\/05\/01\/1o-forum-de-saude-mental-de-limeira-tem-inscricoes-encerradas\/"},"modified":"2024-05-01T04:49:03","modified_gmt":"2024-05-01T07:49:03","slug":"1o-forum-de-saude-mental-de-limeira-tem-inscricoes-encerradas","status":"publish","type":"post","link":"https:\/\/guialimeira.com.br\/news\/1o-forum-de-saude-mental-de-limeira-tem-inscricoes-encerradas\/","title":{"rendered":"1\u00ba F\u00f3rum de Sa\u00fade Mental de Limeira tem inscri\u00e7\u00f5es encerradas"},"content":{"rendered":"<p> <br \/>\n<\/p>\n<div>\n            <main class=\"\">&#13;<br \/>\n                &#13;<br \/>\n&#13;<br \/>\n&#13;<br \/>\n&#13;<br \/>\n    <img data-recalc-dims=\"1\" decoding=\"async\" src=\"https:\/\/i0.wp.com\/ecrie.com.br\/sistema\/conteudos\/imagem\/m_137_0_1_30042024152004.jpg?w=696&#038;ssl=1\" alt=\"1\u00ba F\u00f3rum de Sa\u00fade Mental de Limeira tem inscri\u00e7\u00f5es encerradas\"\/>&#13;<br \/>\n&#13;<\/p>\n<p>A Secretaria de Sa\u00fade informa que n\u00e3o h\u00e1 mais vagas dispon\u00edveis para o 1\u00ba F\u00f3rum de Sa\u00fade Mental de Limeira \u201cAl\u00e9m dos Muros\u201d. O evento acontece no Teatro Nair Bello, nos dias 15 e 16 de maio, das 8h \u00e0s 17h. A iniciativa prev\u00ea o debate intersetorial de quest\u00f5es relacionadas \u00e0 Sa\u00fade Mental de crian\u00e7as, adolescentes e adultos, oferecendo subs\u00eddios para a constru\u00e7\u00e3o e aprimoramento de pol\u00edticas p\u00fablicas voltadas.<\/p>\n<p>&#13;<br \/>\n&#13;<br \/>\n&#13;<br \/>\n&#13;<\/p>\n<aside class=\"list-related no-print\">&#13;<br \/>\n        &#13;<br \/>\n&#13;<\/p>\n<article class=\"list-item noticias \">&#13;<br \/>\n                    <a class=\"list-item__img\" href=\"https:\/\/limeira.sp.gov.br\/imprensa\/noticias\/saude\/com-mais-de-120-pontos-de-coleta-campanhas-do-agasalho-e-agasalho-pet-sao-lancadas-em-limeira\" tabindex=\"-1\" aria-hidden=\"true\" rel=\"noopener\">&#13;<br \/>\n                        <img data-recalc-dims=\"1\" decoding=\"async\" src=\"https:\/\/i0.wp.com\/ecrie.com.br\/sistema\/conteudos\/imagem\/m_137_0_1_30042024173201.jpg?w=696&#038;ssl=1\" alt=\"Com mais de 120 pontos de coleta, campanhas do Agasalho e Agasalho PET s\u00e3o lan\u00e7adas em Limeira\"\/>&#13;<br \/>\n                    <\/a>&#13;<br \/>\n&#13;<br \/>\n                &#13;<br \/>\n            <\/article>\n<p>&#13;<\/p>\n<article class=\"list-item noticias \">&#13;<br \/>\n                    <a class=\"list-item__img\" href=\"https:\/\/limeira.sp.gov.br\/imprensa\/noticias\/saude\/vacina-contra-hpv-e-ampliada-e-segue-disponivel-em-16-pontos\" tabindex=\"-1\" aria-hidden=\"true\" rel=\"noopener\">&#13;<br \/>\n                        <img data-recalc-dims=\"1\" decoding=\"async\" src=\"https:\/\/i0.wp.com\/ecrie.com.br\/sistema\/conteudos\/imagem\/m_137_0_1_04112023092716.jpg?w=696&#038;ssl=1\" alt=\"Vacina contra HPV \u00e9 ampliada e segue dispon\u00edvel em 16 pontos\"\/>&#13;<br \/>\n                    <\/a>&#13;<br \/>\n&#13;<br \/>\n                &#13;<br \/>\n            <\/article>\n<p>&#13;<\/p>\n<article class=\"list-item noticias \">&#13;<br \/>\n                    <a class=\"list-item__img\" href=\"https:\/\/limeira.sp.gov.br\/imprensa\/noticias\/saude\/ubs-dores-2-altera-horario-de-funcionamento-na-sexta-feira-para-desinsetizacao\" tabindex=\"-1\" aria-hidden=\"true\" rel=\"noopener\">&#13;<br \/>\n                        <img data-recalc-dims=\"1\" decoding=\"async\" src=\"https:\/\/i0.wp.com\/ecrie.com.br\/sistema\/conteudos\/imagem\/m_137_0_1_30042024153755.jpg?w=696&#038;ssl=1\" alt=\"UBS Dores 2 altera hor\u00e1rio de funcionamento na sexta-feira para desinsetiza\u00e7\u00e3o\"\/>&#13;<br \/>\n                    <\/a>&#13;<br \/>\n&#13;<br \/>\n                &#13;<br \/>\n            <\/article>\n<p>&#13;<br \/>\n    <\/aside>\n<p>&#13;<br \/>\n&#13;<br \/>\n            <\/main><\/p><\/div>\n<p><br \/>\n<br \/><a href=\"https:\/\/limeira.sp.gov.br\/1-forum-de-saude-mental-de-limeira-tem-inscricoes-encerradas\" rel=\"noopener\">Informa\u00e7\u00f5es da PML <\/a><\/p>\n","protected":false},"excerpt":{"rendered":"<p>&#13; &#13; &#13; &#13; &#13; &#13; &#13; A Secretaria de Sa\u00fade informa que n\u00e3o h\u00e1 mais vagas dispon\u00edveis para o 1\u00ba F\u00f3rum de Sa\u00fade Mental de Limeira \u201cAl\u00e9m dos Muros\u201d. O evento acontece no Teatro Nair Bello, nos dias 15 e 16 de maio, das 8h \u00e0s 17h. A iniciativa prev\u00ea o debate intersetorial de [&hellip;]<\/p>\n","protected":false},"author":1,"featured_media":3332,"comment_status":"open","ping_status":"open","sticky":false,"template":"","format":"standard","meta":{"_jetpack_newsletter_access":"","_jetpack_dont_email_post_to_subs":false,"_jetpack_newsletter_tier_id":0,"_jetpack_memberships_contains_paywalled_content":false,"_mbp_banners":[],"_jetpack_feature_clip_id":0,"_jetpack_memberships_contains_paid_content":false,"footnotes":"","jetpack_publicize_message":"","jetpack_publicize_feature_enabled":true,"jetpack_social_post_already_shared":true,"jetpack_social_options":{"image_generator_settings":{"template":"highway","default_image_id":0,"font":"","enabled":false},"version":2},"jetpack_post_was_ever_published":false},"categories":[16],"tags":[],"class_list":["post-3331","post","type-post","status-publish","format-standard","has-post-thumbnail","category-local"],"jetpack_publicize_connections":[],"jetpack-related-posts":[],"jetpack_shortlink":"https:\/\/wp.me\/p7Eq1F-RJ","jetpack_sharing_enabled":true,"jetpack_featured_media_url":"https:\/\/i0.wp.com\/guialimeira.com.br\/news\/wp-content\/uploads\/2024\/05\/m_137_0_1_30042024152004.jpg?fit=900%2C506&ssl=1","_links":{"self":[{"href":"https:\/\/guialimeira.com.br\/news\/wp-json\/wp\/v2\/posts\/3331","targetHints":{"allow":["GET"]}}],"collection":[{"href":"https:\/\/guialimeira.com.br\/news\/wp-json\/wp\/v2\/posts"}],"about":[{"href":"https:\/\/guialimeira.com.br\/news\/wp-json\/wp\/v2\/types\/post"}],"author":[{"embeddable":true,"href":"https:\/\/guialimeira.com.br\/news\/wp-json\/wp\/v2\/users\/1"}],"replies":[{"embeddable":true,"href":"https:\/\/guialimeira.com.br\/news\/wp-json\/wp\/v2\/comments?post=3331"}],"version-history":[{"count":0,"href":"https:\/\/guialimeira.com.br\/news\/wp-json\/wp\/v2\/posts\/3331\/revisions"}],"wp:featuredmedia":[{"embeddable":true,"href":"https:\/\/guialimeira.com.br\/news\/wp-json\/wp\/v2\/media\/3332"}],"wp:attachment":[{"href":"https:\/\/guialimeira.com.br\/news\/wp-json\/wp\/v2\/media?parent=3331"}],"wp:term":[{"taxonomy":"category","embeddable":true,"href":"https:\/\/guialimeira.com.br\/news\/wp-json\/wp\/v2\/categories?post=3331"},{"taxonomy":"post_tag","embeddable":true,"href":"https:\/\/guialimeira.com.br\/news\/wp-json\/wp\/v2\/tags?post=3331"}],"curies":[{"name":"wp","href":"https:\/\/api.w.org\/{rel}","templated":true}]}}