{"id":33259,"date":"2025-05-16T10:29:46","date_gmt":"2025-05-16T13:29:46","guid":{"rendered":"https:\/\/guialimeira.com.br\/2025\/05\/16\/viagem-de-lula-a-russia-e-china-aproxima-paises-na-politica-e-economia\/"},"modified":"2025-05-16T10:29:46","modified_gmt":"2025-05-16T13:29:46","slug":"viagem-de-lula-a-russia-e-china-aproxima-paises-na-politica-e-economia","status":"publish","type":"post","link":"https:\/\/guialimeira.com.br\/news\/viagem-de-lula-a-russia-e-china-aproxima-paises-na-politica-e-economia\/","title":{"rendered":"Viagem de Lula \u00e0 R\u00fassia e China aproxima pa\u00edses na pol\u00edtica e economia"},"content":{"rendered":"<p> <br \/>\n<\/p>\n<div>\n<p>A segunda semana do m\u00eas de maio foi bastante intensa para o presidente Luiz In\u00e1cio Lula da Silva, em meio \u00e0 viagem que fez, entre os dias 8 e 14, \u00e0 R\u00fassia e \u00e0 China. Muitos acordos, parcerias, atos e negocia\u00e7\u00f5es foram acertados em \u00e1reas cr\u00edticas e estrat\u00e9gicas para todas as partes.<img data-recalc-dims=\"1\" decoding=\"async\" src=\"https:\/\/i0.wp.com\/agenciabrasil.ebc.com.br\/ebc.png?w=696&#038;ssl=1\" style=\"width:1px; height:1px; display:inline;\"\/><img data-recalc-dims=\"1\" decoding=\"async\" src=\"https:\/\/i0.wp.com\/agenciabrasil.ebc.com.br\/ebc.gif?w=696&#038;ssl=1\" style=\"width:1px; height:1px; display:inline;\"\/><\/p>\n<p>Do ponto de vista econ\u00f4mico, a viagem aos dois pa\u00edses teve, entre seus objetivos, o de <strong>buscar mais ganhos na balan\u00e7a comercial. Do ponto de vista pol\u00edtico, o Brasil reafirmou seu posicionamento conciliador, em meio \u00e0s tens\u00f5es geopol\u00edticas e guerras comerciais do atual cen\u00e1rio internacional.<\/strong><\/p>\n<h2>R\u00fassia<\/h2>\n<p>O primeiro pa\u00eds visitado foi a R\u00fassia, onde Lula cumpriu agenda de Estado com o presidente russo, Vladimir Putin. Os <strong>dois participaram das celebra\u00e7\u00f5es dos 80 anos da vit\u00f3ria da Uni\u00e3o Sovi\u00e9tica sobre a Alemanha nazista na Segunda Guerra Mundial \u2013 um dos feriados mais importantes daquele pa\u00eds, tendo como auge o desfile c\u00edvico militar do dia 9.<\/strong><\/p>\n<p>A miss\u00e3o brasileira buscou, com a visita,\u00a0ampliar as <a href=\"https:\/\/agenciabrasil.ebc.com.br\/politica\/noticia\/2025-05\/brasil-e-russia-discutem-aumento-das-relacoes-na-area-de-energia\" target=\"_blank\" rel=\"noopener\">rela\u00e7\u00f5es bilaterais entre os dois pa\u00edses<\/a>, principalmente <strong>nas \u00e1reas de energia e de ci\u00eancia e tecnologia.<\/strong><\/p>\n<p>Dois atos foram assinados durante a visita a Moscou. Um deles, sobre <strong>coopera\u00e7\u00e3o em ci\u00eancia, tecnologia e inova\u00e7\u00e3o<\/strong>.<\/p>\n<p>Foi tamb\u00e9m firmado um memorando de entendimento voltado \u00e0 <strong>promo\u00e7\u00e3o da pesquisa conjunta em \u00e1reas, como clima, pesquisa polar, biodiversidade, biotecnologia, pesquisa nuclear, ci\u00eancia e tecnologia espacial, tecnologias qu\u00e2nticas, astrof\u00edsica, f\u00edsica de astro part\u00edculas, pesquisa cient\u00edfica marinha e geod\u00e9sia<\/strong>.<\/p>\n<h2>Rela\u00e7\u00f5es comerciais<\/h2>\n<p>Atualmente, dois produtos se destacam, <strong>entre os importados pelo Brasil, nas rela\u00e7\u00f5es comerciais com a R\u00fassia: \u00f3leos combust\u00edveis de petr\u00f3leo ou de minerais betuminosos (57%) e adubos e fertilizantes qu\u00edmicos (34%).<\/strong><\/p>\n<p>As <strong>exporta\u00e7\u00f5es brasileiras se concentram em produtos do agroneg\u00f3cio como soja (33%), caf\u00e9 n\u00e3o torrado (18%) e carne bovina (18%)<\/strong>.<\/p>\n<p>O <strong>com\u00e9rcio bilateral entre Brasil e R\u00fassia atingiu recorde hist\u00f3rico em 2024, chegando a US$ 12,4 bilh\u00f5es (aumento de 9% em rela\u00e7\u00e3o a 2023). Deste total, US$ 1,4 bilh\u00e3o foram de exporta\u00e7\u00f5es brasileiras (aumento de 8% em rela\u00e7\u00e3o a 2023); e US$ 11 bilh\u00f5es em importa\u00e7\u00f5es (aumento de 9%).<\/strong><\/p>\n<blockquote>\n<p>\u201cN\u00f3s temos um d\u00e9ficit comercial. Nesse fluxo de praticamente US$ 12 bilh\u00f5es, n\u00f3s temos quase US$ 11 bilh\u00f5es de d\u00e9ficit comercial\u201d, declarou Lula durante a viagem.<\/p>\n<\/blockquote>\n<p><strong>De acordo com o Planalto, alguns produtos essenciais para setores estrat\u00e9gicos \u2013 nas \u00e1reas de tecnologia, defesa e de transi\u00e7\u00e3o energ\u00e9tica \u2013 t\u00eam potencial para ganhar peso nas rela\u00e7\u00f5es comerciais com a R\u00fassia, inclusive em termos de pesquisa e explora\u00e7\u00e3o de <a href=\"https:\/\/agenciabrasil.ebc.com.br\/politica\/noticia\/2025-05\/lula-quer-parceria-com-russia-para-exploracao-de-minerais-criticos\" target=\"_blank\" rel=\"noopener\">minerais cr\u00edticos<\/a> como l\u00edtio, cobalto, n\u00edquel, grafite e outros elementos das terras raras.<\/strong><\/p>\n<p>Durante a visita, Lula lembrou que apenas 30% do territ\u00f3rio brasileiro j\u00e1 foi pesquisado. Falta, portanto, segundo o presidente, muita coisa para pesquisar.<\/p>\n<blockquote>\n<p>\u201cQueremos construir parceria com todos os pa\u00edses do mundo que t\u00eam expertise, para que a gente possa tirar proveito e para que o Brasil se transforme numa grande economia\u201d, disse o presidente brasileiro.<\/p>\n<\/blockquote>\n<h2>China<\/h2>\n<p>\u00a0<\/p>\n<div class=\"dnd-widget-wrapper context-cheio_8colunas type-image\">\n<div class=\"dnd-atom-rendered\"><!-- scald=424010:cheio_8colunas {\"additionalClasses\":\"\"} --><br \/>\n            <img data-recalc-dims=\"1\" decoding=\"async\" src=\"https:\/\/i0.wp.com\/imagens.ebc.com.br\/yht-_KpTxk4UPSDn3K0uz9cD_8k%3D\/754x0\/smart\/https%3A\/\/agenciabrasil.ebc.com.br\/sites\/default\/files\/thumbnails\/image\/2025\/05\/13\/54515021662_703fde5273_o.jpg?w=696&#038;ssl=1\" alt=\"Presidente da Rep\u00fablica, Luiz In\u00e1cio Lula da Silva, durante foto oficial dos Chefes de Delega\u00e7\u00e3o. China National Convention Center II, Pequim - China\u2028\u2028Foto: Ricardo Stuckert \/ PR\" title=\"Ricardo Stuckert \/ PR\"\/><br \/>\n        <img data-recalc-dims=\"1\" decoding=\"async\" src=\"https:\/\/i0.wp.com\/imagens.ebc.com.br\/yht-_KpTxk4UPSDn3K0uz9cD_8k%3D\/754x0\/smart\/https%3A\/\/agenciabrasil.ebc.com.br\/sites\/default\/files\/thumbnails\/image\/2025\/05\/13\/54515021662_703fde5273_o.jpg?w=696&#038;ssl=1\" alt=\"Presidente da Rep\u00fablica, Luiz In\u00e1cio Lula da Silva, durante foto oficial dos Chefes de Delega\u00e7\u00e3o. China National Convention Center II, Pequim - China\u2028\u2028Foto: Ricardo Stuckert \/ PR\" title=\"Ricardo Stuckert \/ PR\"\/><br \/>\n    <!-- END scald=424010 --><\/div>\n<div class=\"dnd-caption-wrapper\">\n<p><!--copyright=424010-->Presidente Luiz In\u00e1cio Lula da Silva, durante encontro com Presidente da China, Xi Jinping\u00a0 <strong>Foto: Ricardo Stuckert \/ PR<\/strong><!--END copyright=424010--><\/p>\n<\/div>\n<\/div>\n<p><strong>Lula embarcou em dire\u00e7\u00e3o a Pequim, na China, onde participou, nos dias 12 e 13 de maio, da c\u00fapula entre o gigante asi\u00e1tico e pa\u00edses da Comunidade de Estados Latino-Americanos e Caribenhos (Celac); e do F\u00f3rum Empresarial Brasil-China \u2013 onde se reuniu com mais de 700 empres\u00e1rios e autoridades.<\/strong><\/p>\n<p><strong>Esta foi a quarta visita oficial de Lula \u00e0 China; e o terceiro encontro com o presidente Xi Jinping nos \u00faltimos dois anos.<\/strong> Ela foi marcada por <strong>avan\u00e7os em acordos nas \u00e1reas de inova\u00e7\u00e3o, energia, sa\u00fade e desenvolvimento sustent\u00e1vel, que devem acrescentar R$ 27 bilh\u00f5es em investimentos daquele pa\u00eds no Brasil.<\/strong><\/p>\n<p>De acordo com a Ag\u00eancia Brasileira de Promo\u00e7\u00e3o de Exporta\u00e7\u00f5es e Investimentos (Apex), esses investimentos ser\u00e3o direcionados da seguinte forma:<\/p>\n<p>&#8211; R$ 6 bilh\u00f5es da montadora de ve\u00edculos GWM para expans\u00e3o de suas opera\u00e7\u00f5es e exporta\u00e7\u00f5es para a Am\u00e9rica do Sul e M\u00e9xico;<\/p>\n<p>&#8211; R$ 5 bilh\u00f5es da Meituan, que promete gerar 100 mil empregos indiretos no setor de <em>delivery<\/em>;<\/p>\n<p>&#8211; R$ 3 bilh\u00f5es da CGN em um hub de energia renov\u00e1vel no Piau\u00ed;<\/p>\n<p>&#8211; R$ 5 bilh\u00f5es da Envision na cria\u00e7\u00e3o do primeiro Parque Industrial Net-Zero da Am\u00e9rica Latina;<\/p>\n<p>&#8211; R$ 3,2 bilh\u00f5es da Mixue, com previs\u00e3o de 25 mil empregos at\u00e9 2030 com abertura de lojas de sucos e outras bebidas;<\/p>\n<p>&#8211; R$ 2,4 bi da Baiyin, com a aquisi\u00e7\u00e3o da mina de cobre Serrote em Alagoas;<\/p>\n<p>&#8211; R$ 1 bilh\u00f5es da DiDi, em infraestrutura de recarga para ve\u00edculos el\u00e9tricos;<\/p>\n<p>&#8211; R$ 650 milh\u00f5es da Longsys em semicondutores;<\/p>\n<p>&#8211; R$ 350 milh\u00f5es da parceria da Nortec Qu\u00edmica com tr\u00eas empresas chinesas no setor farmac\u00eautico.<\/p>\n<h2>Maior parceiro comercial<\/h2>\n<p>Desde 2009, a China \u00e9 o maior parceiro comercial do Brasil. <strong>Em 2023, o com\u00e9rcio bilateral atingiu um recorde de US$ 157,5 bilh\u00f5es, gerando, para o Brasil, um super\u00e1vit acima de US$ 51 bilh\u00f5es.<\/strong><\/p>\n<p>Os <strong>produtos mais exportados pelo Brasil s\u00e3o soja, petr\u00f3leo e min\u00e9rio de ferro. <\/strong>Mas <strong>h\u00e1 exporta\u00e7\u00f5es relevantes tamb\u00e9m de carnes bovina e de aves, celulose, algod\u00e3o e a\u00e7\u00facar. J\u00e1 as importa\u00e7\u00f5es s\u00e3o compostas principalmente por equipamentos de telecomunica\u00e7\u00e3o, embarca\u00e7\u00f5es e m\u00e1quinas industriais.<\/strong><\/p>\n<p>Segundo o governo federal, a <strong>miss\u00e3o na China fortaleceu a coopera\u00e7\u00e3o na \u00e1rea da sa\u00fade, com a cria\u00e7\u00e3o do Instituto Brasil-China para Inova\u00e7\u00e3o em Biotecnologia e Doen\u00e7as Infecciosas e Degenerativas.\u00a0<\/strong><\/p>\n<p>Por meio da <strong>parceria entre a brasileira Eurofarma e a chinesa Sinovac, o Brasil ter\u00e1 condi\u00e7\u00f5es de se posicionar como \u201crefer\u00eancia em terapias avan\u00e7adas, com impacto direto na autonomia do SUS e na gera\u00e7\u00e3o de emprego qualificado\u201d.<\/strong><\/p>\n<p>De acordo com a <strong>Apex, 4,5% de tudo que a China importa sai do Brasil, enquanto 25% de tudo o que o Brasil importa vem da China.<\/strong><\/p>\n<p>      <!-- Relacionada --><\/p>\n<p>            <!-- Relacionada -->\n    <\/div>\n<p><br \/>\n<br \/><a href=\"https:\/\/agenciabrasil.ebc.com.br\/internacional\/noticia\/2025-05\/viagem-de-lula-russia-e-china-aproxima-paises-na-politica-e-economia\" rel=\"noopener\">Ag\u00eancia Brasil <\/a><\/p>\n","protected":false},"excerpt":{"rendered":"<p>A segunda semana do m\u00eas de maio foi bastante intensa para o presidente Luiz In\u00e1cio Lula da Silva, em meio \u00e0 viagem que fez, entre os dias 8 e 14, \u00e0 R\u00fassia e \u00e0 China. Muitos acordos, parcerias, atos e negocia\u00e7\u00f5es foram acertados em \u00e1reas cr\u00edticas e estrat\u00e9gicas para todas as partes. Do ponto de [&hellip;]<\/p>\n","protected":false},"author":1,"featured_media":32703,"comment_status":"open","ping_status":"open","sticky":false,"template":"","format":"standard","meta":{"_jetpack_newsletter_access":"","_jetpack_dont_email_post_to_subs":false,"_jetpack_newsletter_tier_id":0,"_jetpack_memberships_contains_paywalled_content":false,"_mbp_banners":[],"_jetpack_feature_clip_id":0,"_jetpack_memberships_contains_paid_content":false,"footnotes":"","jetpack_publicize_message":"","jetpack_publicize_feature_enabled":true,"jetpack_social_post_already_shared":true,"jetpack_social_options":{"image_generator_settings":{"template":"highway","default_image_id":0,"font":"","enabled":false},"version":2},"jetpack_post_was_ever_published":false},"categories":[25],"tags":[],"class_list":["post-33259","post","type-post","status-publish","format-standard","has-post-thumbnail","category-internacional"],"jetpack_publicize_connections":[],"jetpack-related-posts":[],"jetpack_shortlink":"https:\/\/wp.me\/p7Eq1F-8Er","jetpack_sharing_enabled":true,"jetpack_featured_media_url":"https:\/\/i0.wp.com\/guialimeira.com.br\/news\/wp-content\/uploads\/2025\/05\/54508138565_304353e48c_o.jpg?fit=1600%2C800&ssl=1","_links":{"self":[{"href":"https:\/\/guialimeira.com.br\/news\/wp-json\/wp\/v2\/posts\/33259","targetHints":{"allow":["GET"]}}],"collection":[{"href":"https:\/\/guialimeira.com.br\/news\/wp-json\/wp\/v2\/posts"}],"about":[{"href":"https:\/\/guialimeira.com.br\/news\/wp-json\/wp\/v2\/types\/post"}],"author":[{"embeddable":true,"href":"https:\/\/guialimeira.com.br\/news\/wp-json\/wp\/v2\/users\/1"}],"replies":[{"embeddable":true,"href":"https:\/\/guialimeira.com.br\/news\/wp-json\/wp\/v2\/comments?post=33259"}],"version-history":[{"count":0,"href":"https:\/\/guialimeira.com.br\/news\/wp-json\/wp\/v2\/posts\/33259\/revisions"}],"wp:featuredmedia":[{"embeddable":true,"href":"https:\/\/guialimeira.com.br\/news\/wp-json\/wp\/v2\/media\/32703"}],"wp:attachment":[{"href":"https:\/\/guialimeira.com.br\/news\/wp-json\/wp\/v2\/media?parent=33259"}],"wp:term":[{"taxonomy":"category","embeddable":true,"href":"https:\/\/guialimeira.com.br\/news\/wp-json\/wp\/v2\/categories?post=33259"},{"taxonomy":"post_tag","embeddable":true,"href":"https:\/\/guialimeira.com.br\/news\/wp-json\/wp\/v2\/tags?post=33259"}],"curies":[{"name":"wp","href":"https:\/\/api.w.org\/{rel}","templated":true}]}}