{"id":33235,"date":"2025-05-16T00:30:39","date_gmt":"2025-05-16T03:30:39","guid":{"rendered":"https:\/\/guialimeira.com.br\/2025\/05\/16\/fla-derrota-ldu-e-fica-perto-da-vaga-nas-oitavas-da-libertadores\/"},"modified":"2025-05-16T00:30:39","modified_gmt":"2025-05-16T03:30:39","slug":"fla-derrota-ldu-e-fica-perto-da-vaga-nas-oitavas-da-libertadores","status":"publish","type":"post","link":"https:\/\/guialimeira.com.br\/news\/fla-derrota-ldu-e-fica-perto-da-vaga-nas-oitavas-da-libertadores\/","title":{"rendered":"Fla derrota LDU e fica perto da vaga nas oitavas da Libertadores"},"content":{"rendered":"<p> <br \/>\n<\/p>\n<div>\n<p>O Flamengo fez valer o fato de jogar em casa com o apoio de sua torcida e derrotou a LDU (Equador) por 2 a 0, nesta quinta-feira (15) no est\u00e1dio do Maracan\u00e3, e encaminhou a classifica\u00e7\u00e3o para as oitavas de final da Copa Libertadores. A <strong>R\u00e1dio Nacional<\/strong> transmitiu a partida ao vivo.<img data-recalc-dims=\"1\" decoding=\"async\" src=\"https:\/\/i0.wp.com\/agenciabrasil.ebc.com.br\/ebc.png?w=696&#038;ssl=1\" style=\"width:1px; height:1px; display:inline;\"\/><img data-recalc-dims=\"1\" decoding=\"async\" src=\"https:\/\/i0.wp.com\/agenciabrasil.ebc.com.br\/ebc.gif?w=696&#038;ssl=1\" style=\"width:1px; height:1px; display:inline;\"\/><\/p>\n<blockquote class=\"twitter-tweet\">\n<p dir=\"ltr\" lang=\"pt\" xml:lang=\"pt\">\ud83d\udd34\u26ab\ufe0f Grande vit\u00f3ria do <a href=\"https:\/\/twitter.com\/Flamengo?ref_src=twsrc%5Etfw\" rel=\"noopener\">@Flamengo<\/a> sobre a <a href=\"https:\/\/twitter.com\/LDU_Oficial?ref_src=twsrc%5Etfw\" rel=\"noopener\">@LDU_Oficial<\/a> no Maracan\u00e3. \u00c9 pela <a href=\"https:\/\/twitter.com\/hashtag\/GloriaEterna?src=hash&amp;ref_src=twsrc%5Etfw\" rel=\"noopener\">#GloriaEterna<\/a>!<\/p>\n<p>CONMEBOL <a href=\"https:\/\/twitter.com\/hashtag\/Libertadores?src=hash&amp;ref_src=twsrc%5Etfw\" rel=\"noopener\">#Libertadores<\/a> <a href=\"https:\/\/t.co\/6HTMcOPkAc\">pic.twitter.com\/6HTMcOPkAc<\/a><\/p>\n<p>\u2014 CONMEBOL Libertadores (@LibertadoresBR) <a href=\"https:\/\/twitter.com\/LibertadoresBR\/status\/1923202441752809760?ref_src=twsrc%5Etfw\" rel=\"noopener\">May 16, 2025<\/a><\/p><\/blockquote>\n<p>Este resultado foi fundamental para o Rubro-Negro da G\u00e1vea continuar lutando pela vaga no mata-mata da competi\u00e7\u00e3o continental. Agora, o time comandado pelo t\u00e9cnico Filipe Lu\u00eds ocupa a vice-lideran\u00e7a do Grupo C com oito pontos, mesma pontua\u00e7\u00e3o da LDU, terceira colocada por causa do saldo de gols.<\/p>\n<p>Na derradeira rodada da fase de grupos, a equipe equatoriana mede for\u00e7as com o Central C\u00f3rdoba (Argentina), l\u00edder do grupo com 11 pontos. J\u00e1 o Flamengo recebe, no est\u00e1dio do Maracan\u00e3, o lanterna Deportivo T\u00e1chira (Venezuela), que ainda n\u00e3o marcou nenhum ponto na competi\u00e7\u00e3o.<\/p>\n<p>Precisando da vit\u00f3ria a qualquer custo, o Rubro-Negro foi o dono da partida desde o primeiro minuto de bola rolando. Mas o primeiro gol veio em uma jogada de bola parada, logo aos 9 minutos, quando Luiz Ara\u00fajo levantou a bola na \u00e1rea em cobran\u00e7a de escanteio para L\u00e9o Ortiz marcar de cabe\u00e7a.<\/p>\n<blockquote class=\"twitter-tweet\">\n<p dir=\"ltr\" lang=\"pt\" xml:lang=\"pt\">\u2764\ufe0f\ud83d\udda4 Solta o grito, Meng\u00e3o!<\/p>\n<p>\u26bd\ufe0f <a href=\"https:\/\/twitter.com\/Flamengo?ref_src=twsrc%5Etfw\" rel=\"noopener\">@Flamengo<\/a> \u2b50\ufe0f\u2b50\ufe0f\u2b50\ufe0f <a href=\"https:\/\/twitter.com\/hashtag\/GloriaEterna?src=hash&amp;ref_src=twsrc%5Etfw\" rel=\"noopener\">#GloriaEterna<\/a> <a href=\"https:\/\/t.co\/Ynf1Sq2B35\">pic.twitter.com\/Ynf1Sq2B35<\/a><\/p>\n<p>\u2014 CONMEBOL Libertadores (@LibertadoresBR) <a href=\"https:\/\/twitter.com\/LibertadoresBR\/status\/1923191872387678590?ref_src=twsrc%5Etfw\" rel=\"noopener\">May 16, 2025<\/a><\/p><\/blockquote>\n<p>Mas, para entrar na zona de classifica\u00e7\u00e3o para as oitavas, o Flamengo ainda precisava de mais um gol. E ele veio aos 8 minutos da etapa final com Luiz Ara\u00fajo. O lateral Alex Sandro fez grande jogada pela ponta-esquerda e cruzou. O zagueiro Ricardo Ad\u00e9 cortou parcialmente e a bola sobrou para o camisa sete do time da G\u00e1vea, que bateu colocado para dar n\u00fameros finais ao marcador.<\/p>\n<h2>Palmeiras 100%<\/h2>\n<p>Quem continua sobrando na Libertadores \u00e9 o Palmeiras, que bateu o Bol\u00edvar (Bol\u00edvia) por 2 a 0, no Allianz Parque, para permanecer com 100% de aproveitamento no Grupo G e garantir a melhor campanha geral da primeira fase da competi\u00e7\u00e3o.<\/p>\n<blockquote class=\"twitter-tweet\">\n<p dir=\"ltr\" lang=\"pt\" xml:lang=\"pt\">\ud83d\udc9a\ud83e\udd0d O <a href=\"https:\/\/twitter.com\/Palmeiras?ref_src=twsrc%5Etfw\" rel=\"noopener\">@Palmeiras<\/a> bateu o <a href=\"https:\/\/twitter.com\/Bolivar_Oficial?ref_src=twsrc%5Etfw\" rel=\"noopener\">@Bolivar_Oficial<\/a> e segue 100% na CONMEBOL <a href=\"https:\/\/twitter.com\/hashtag\/Libertadores?src=hash&amp;ref_src=twsrc%5Etfw\" rel=\"noopener\">#Libertadores<\/a> ap\u00f3s 5\u20e3 rodadas. <a href=\"https:\/\/twitter.com\/hashtag\/GloriaEterna?src=hash&amp;ref_src=twsrc%5Etfw\" rel=\"noopener\">#GloriaEterna<\/a> <a href=\"https:\/\/t.co\/hXPTrGTiO3\">pic.twitter.com\/hXPTrGTiO3<\/a><\/p>\n<p>\u2014 CONMEBOL Libertadores (@LibertadoresBR) <a href=\"https:\/\/twitter.com\/LibertadoresBR\/status\/1923166005548695856?ref_src=twsrc%5Etfw\" rel=\"noopener\">May 15, 2025<\/a><\/p><\/blockquote>\n<p>O time comandado pelo t\u00e9cnico portugu\u00eas Abel Ferreira contou com os gols do atacante Facundo Torres e do zagueiro Murilo para construir o triunfo que o levou aos 15 pontos.<\/p>\n<h2>Vit\u00f3ria do Inter<\/h2>\n<p>O terceiro brasileiro em a\u00e7\u00e3o pela competi\u00e7\u00e3o continental nesta quinta foi o Internacional, que tamb\u00e9m triunfou pelo placar de 2 a 0. Mas a vit\u00f3ria foi fora de casa, no est\u00e1dio Parque Central, em Montevid\u00e9u, sobre o Nacional (Uruguai).<\/p>\n<blockquote class=\"twitter-tweet\">\n<p dir=\"ltr\" lang=\"pt\" xml:lang=\"pt\">\u27a1\ufe0f Pelo Grupo F, o <a href=\"https:\/\/twitter.com\/SCInternacional?ref_src=twsrc%5Etfw\" rel=\"noopener\">@SCInternacional<\/a> alcan\u00e7ou a vit\u00f3ria diante do <a href=\"https:\/\/twitter.com\/Nacional?ref_src=twsrc%5Etfw\" rel=\"noopener\">@Nacional<\/a> por 2 a 0. \ud83c\udde6\ud83c\uddf9<\/p>\n<p>CONMEBOL <a href=\"https:\/\/twitter.com\/hashtag\/Libertadores?src=hash&amp;ref_src=twsrc%5Etfw\" rel=\"noopener\">#Libertadores<\/a> | <a href=\"https:\/\/twitter.com\/hashtag\/GloriaEterna?src=hash&amp;ref_src=twsrc%5Etfw\" rel=\"noopener\">#GloriaEterna<\/a> \ud83c\udfc6 <a href=\"https:\/\/t.co\/wH0Gg1f7mU\">pic.twitter.com\/wH0Gg1f7mU<\/a><\/p>\n<p>\u2014 CONMEBOL Libertadores (@LibertadoresBR) <a href=\"https:\/\/twitter.com\/LibertadoresBR\/status\/1923167076132286744?ref_src=twsrc%5Etfw\" rel=\"noopener\">May 16, 2025<\/a><\/p><\/blockquote>\n<p>\u00a0Com este resultado, o Colorado assume a vice-lideran\u00e7a do Grupo F com oito pontos. A lideran\u00e7a \u00e9 do Atl\u00e9tico Nacional (Col\u00f4mbia), que bateu, na \u00faltima quarta por 1 a 0, o Bahia, que agora \u00e9 o terceiro colocado com sete pontos.<\/p>\n<p>      <!-- Relacionada --><\/p>\n<p>            <!-- Relacionada -->\n    <\/div>\n<p><script async src=\"\/\/platform.twitter.com\/widgets.js\" charset=\"utf-8\"><\/script><br \/>\n<br \/><br \/>\n<br \/><a href=\"https:\/\/agenciabrasil.ebc.com.br\/esportes\/noticia\/2025-05\/fla-derrota-ldu-e-fica-perto-da-vaga-nas-oitavas-da-libertadores\" rel=\"noopener\">Ag\u00eancia Brasil<\/a><\/p>\n","protected":false},"excerpt":{"rendered":"<p>O Flamengo fez valer o fato de jogar em casa com o apoio de sua torcida e derrotou a LDU (Equador) por 2 a 0, nesta quinta-feira (15) no est\u00e1dio do Maracan\u00e3, e encaminhou a classifica\u00e7\u00e3o para as oitavas de final da Copa Libertadores. A R\u00e1dio Nacional transmitiu a partida ao vivo. \ud83d\udd34\u26ab\ufe0f Grande vit\u00f3ria [&hellip;]<\/p>\n","protected":false},"author":1,"featured_media":33236,"comment_status":"open","ping_status":"open","sticky":false,"template":"","format":"standard","meta":{"_jetpack_newsletter_access":"","_jetpack_dont_email_post_to_subs":false,"_jetpack_newsletter_tier_id":0,"_jetpack_memberships_contains_paywalled_content":false,"_mbp_banners":[],"_jetpack_feature_clip_id":0,"_jetpack_memberships_contains_paid_content":false,"footnotes":"","jetpack_publicize_message":"","jetpack_publicize_feature_enabled":true,"jetpack_social_post_already_shared":true,"jetpack_social_options":{"image_generator_settings":{"template":"highway","default_image_id":0,"font":"","enabled":false},"version":2},"jetpack_post_was_ever_published":false},"categories":[23],"tags":[],"class_list":["post-33235","post","type-post","status-publish","format-standard","has-post-thumbnail","category-esportes"],"jetpack_publicize_connections":[],"jetpack-related-posts":[],"jetpack_shortlink":"https:\/\/wp.me\/p7Eq1F-8E3","jetpack_sharing_enabled":true,"jetpack_featured_media_url":"https:\/\/i0.wp.com\/guialimeira.com.br\/news\/wp-content\/uploads\/2025\/05\/2025-05-16t014921z_1745709049_up1el5g0526rj_rtrmadp_3_soccer-libertadores-fla-ldu-report.jpg?fit=1600%2C800&ssl=1","_links":{"self":[{"href":"https:\/\/guialimeira.com.br\/news\/wp-json\/wp\/v2\/posts\/33235","targetHints":{"allow":["GET"]}}],"collection":[{"href":"https:\/\/guialimeira.com.br\/news\/wp-json\/wp\/v2\/posts"}],"about":[{"href":"https:\/\/guialimeira.com.br\/news\/wp-json\/wp\/v2\/types\/post"}],"author":[{"embeddable":true,"href":"https:\/\/guialimeira.com.br\/news\/wp-json\/wp\/v2\/users\/1"}],"replies":[{"embeddable":true,"href":"https:\/\/guialimeira.com.br\/news\/wp-json\/wp\/v2\/comments?post=33235"}],"version-history":[{"count":0,"href":"https:\/\/guialimeira.com.br\/news\/wp-json\/wp\/v2\/posts\/33235\/revisions"}],"wp:featuredmedia":[{"embeddable":true,"href":"https:\/\/guialimeira.com.br\/news\/wp-json\/wp\/v2\/media\/33236"}],"wp:attachment":[{"href":"https:\/\/guialimeira.com.br\/news\/wp-json\/wp\/v2\/media?parent=33235"}],"wp:term":[{"taxonomy":"category","embeddable":true,"href":"https:\/\/guialimeira.com.br\/news\/wp-json\/wp\/v2\/categories?post=33235"},{"taxonomy":"post_tag","embeddable":true,"href":"https:\/\/guialimeira.com.br\/news\/wp-json\/wp\/v2\/tags?post=33235"}],"curies":[{"name":"wp","href":"https:\/\/api.w.org\/{rel}","templated":true}]}}