{"id":3322,"date":"2024-05-01T03:07:45","date_gmt":"2024-05-01T06:07:45","guid":{"rendered":"https:\/\/guialimeira.com.br\/2024\/05\/01\/upa-vila-rezende-inicia-processo-de-modernizacao-portal-do-municipio-de-piracicaba\/"},"modified":"2024-05-01T03:07:45","modified_gmt":"2024-05-01T06:07:45","slug":"upa-vila-rezende-inicia-processo-de-modernizacao-portal-do-municipio-de-piracicaba","status":"publish","type":"post","link":"https:\/\/guialimeira.com.br\/news\/upa-vila-rezende-inicia-processo-de-modernizacao-portal-do-municipio-de-piracicaba\/","title":{"rendered":"UPA Vila Rezende inicia processo de moderniza\u00e7\u00e3o \u2013 Portal do Munic\u00edpio de Piracicaba"},"content":{"rendered":"<p> <br \/>\n<\/p>\n<div>\n<figure class=\"text-center\">\n<img data-recalc-dims=\"1\" width=\"696\" height=\"464\" src=\"https:\/\/i0.wp.com\/piracicaba.sp.gov.br\/wp-content\/uploads\/2024\/04\/Totens-para-retirada-de-senhas-e-controle-de-atendimento-estao-sendo-instalados-em-todas-as-unidades-de-saude-e-UPAs-da-cidade-1024x683.jpg?resize=696%2C464&#038;ssl=1\" class=\"img-fluid img-thumbnail border-1 wp-post-image\" alt=\"Totens para retirada de senhas e controle de atendimento est\u00e3o sendo instalados em todas as unidades de sa\u00fade e UPAs da cidade\" itemprop=\"image\" decoding=\"async\" fetchpriority=\"high\" srcset=\"https:\/\/piracicaba.sp.gov.br\/wp-content\/uploads\/2024\/04\/Totens-para-retirada-de-senhas-e-controle-de-atendimento-estao-sendo-instalados-em-todas-as-unidades-de-saude-e-UPAs-da-cidade-1024x683.jpg 1024w, https:\/\/piracicaba.sp.gov.br\/wp-content\/uploads\/2024\/04\/Totens-para-retirada-de-senhas-e-controle-de-atendimento-estao-sendo-instalados-em-todas-as-unidades-de-saude-e-UPAs-da-cidade-300x200.jpg 300w, https:\/\/piracicaba.sp.gov.br\/wp-content\/uploads\/2024\/04\/Totens-para-retirada-de-senhas-e-controle-de-atendimento-estao-sendo-instalados-em-todas-as-unidades-de-saude-e-UPAs-da-cidade-768x512.jpg 768w, https:\/\/piracicaba.sp.gov.br\/wp-content\/uploads\/2024\/04\/Totens-para-retirada-de-senhas-e-controle-de-atendimento-estao-sendo-instalados-em-todas-as-unidades-de-saude-e-UPAs-da-cidade-1536x1024.jpg 1536w, https:\/\/piracicaba.sp.gov.br\/wp-content\/uploads\/2024\/04\/Totens-para-retirada-de-senhas-e-controle-de-atendimento-estao-sendo-instalados-em-todas-as-unidades-de-saude-e-UPAs-da-cidade-2048x1365.jpg 2048w\" sizes=\"(max-width: 1024px) 100vw, 1024px\"\/><figcaption class=\"text-center small fw-bold fst-italic mt-1\">Totens para retirada de senhas e controle de atendimento est\u00e3o sendo instalados em todas as unidades de sa\u00fade e UPAs da cidade<\/figcaption><\/figure>\n<p>A Prefeitura de Piracicaba segue com a\u00e7\u00f5es para a informatiza\u00e7\u00e3o, moderniza\u00e7\u00e3o e digitaliza\u00e7\u00e3o do sistema municipal de Sa\u00fade. A partir de quinta-feira, dia 02\/05, a Unidade de Pronto Atendimento (UPA) Vila Rezende come\u00e7a o processo de implementa\u00e7\u00e3o do novo software SISS Sa\u00fade j\u00e1 ligado \u00e0s informa\u00e7\u00f5es do cart\u00e3o Pira Cidad\u00e3o, que est\u00e1 substituindo o cart\u00e3o azul do SUS municipal. A unidade j\u00e1 recebeu novos computadores e impressoras, pain\u00e9is e totem para distribui\u00e7\u00e3o de senhas de triagem e atendimento m\u00e9dico.<\/p>\n<p>A partir de agora, toda as unidades de urg\u00eancia e emerg\u00eancia da cidade j\u00e1 est\u00e3o integradas com o novo sistema: j\u00e1 fizeram o processo de integra\u00e7\u00e3o a COT (Central de Ortopedia e Traumatologia) e as UPAs Vila S\u00f4nia e Vila Cristina, sob gest\u00e3o da Organiza\u00e7\u00e3o Social de Sa\u00fade (OSS) Associa\u00e7\u00e3o Mahatma Gandhi, a UPA e Anexo Piracicamirim.<\/p>\n<figure class=\"wp-block-image size-large\"><img data-recalc-dims=\"1\" loading=\"lazy\" decoding=\"async\" width=\"696\" height=\"464\" src=\"https:\/\/i0.wp.com\/piracicaba.sp.gov.br\/wp-content\/uploads\/2024\/04\/Processo-de-modernizacao-na-UPA-Vila-Rezende-comeca-na-quinta-feira-02-05-1024x683.jpg?resize=696%2C464&#038;ssl=1\" alt=\"Processo de moderniza\u00e7\u00e3o na UPA Vila Rezende come\u00e7a na quinta-feira\" class=\"wp-image-78187\" srcset=\"https:\/\/piracicaba.sp.gov.br\/wp-content\/uploads\/2024\/04\/Processo-de-modernizacao-na-UPA-Vila-Rezende-comeca-na-quinta-feira-02-05-1024x683.jpg 1024w, https:\/\/piracicaba.sp.gov.br\/wp-content\/uploads\/2024\/04\/Processo-de-modernizacao-na-UPA-Vila-Rezende-comeca-na-quinta-feira-02-05-300x200.jpg 300w, https:\/\/piracicaba.sp.gov.br\/wp-content\/uploads\/2024\/04\/Processo-de-modernizacao-na-UPA-Vila-Rezende-comeca-na-quinta-feira-02-05-768x512.jpg 768w, https:\/\/piracicaba.sp.gov.br\/wp-content\/uploads\/2024\/04\/Processo-de-modernizacao-na-UPA-Vila-Rezende-comeca-na-quinta-feira-02-05-1536x1024.jpg 1536w, https:\/\/piracicaba.sp.gov.br\/wp-content\/uploads\/2024\/04\/Processo-de-modernizacao-na-UPA-Vila-Rezende-comeca-na-quinta-feira-02-05-2048x1365.jpg 2048w\" sizes=\"auto, (max-width: 1024px) 100vw, 1024px\"\/><figcaption class=\"wp-element-caption\"><strong><em>Processo de moderniza\u00e7\u00e3o na UPA Vila Rezende come\u00e7a na quinta-feira, 02\/05<\/em><\/strong><\/figcaption><\/figure>\n<p>A Superintend\u00eancia de Urg\u00eancias e Emerg\u00eancias da Secretaria Municipal de Sa\u00fade refor\u00e7a que, com esta implementa\u00e7\u00e3o, o atendimento nas suas unidades ser\u00e1 exclusivamente regido pela classifica\u00e7\u00e3o de riscos baseado no Protocolo de Manchester \u2013 preconizado pelo Minist\u00e9rio da Sa\u00fade \u2013, que utiliza cinco cores para identificar o grau de cada paciente (vermelho, laranja, amarelo, verde e azul), onde a cor vermelha representa os casos mais graves e a azul, os mais leves e n\u00e3o priorit\u00e1rios. \u201cIsso \u00e9 importante para conseguir atender aos casos mais urgentes, uma vez que cerca de 80% do nosso atendimento nas UPAs \u00e9 azul, ou seja, sem risco\u201d, destacou o secret\u00e1rio de Sa\u00fade, Augusto Muzilli J\u00fanior.<\/p>\n<p>O chefe da pasta tamb\u00e9m refor\u00e7ou que, devido \u00e0 mudan\u00e7a para os novos programas, inicialmente, o atendimento pode ser mais lento. \u201cEssa altera\u00e7\u00e3o, no in\u00edcio, pode trazer certa lentid\u00e3o do sistema e devido \u00e0 pouca pr\u00e1tica dos servidores com essa novidade. Apesar disso, acreditamos que at\u00e9 o final de maio tudo j\u00e1 esteja implementado e funcionando de forma a agilizar e facilitar o atendimento \u00e0 popula\u00e7\u00e3o assim como ocorreu nas outras unidades\u201d, completou Muzilli J\u00fanior.<\/p>\n<p><strong>PIRA CIDAD\u00c3O \u2013<\/strong>\u00a0A Prefeitura de Piracicaba lembra que, para obter o cart\u00e3o Pira Cidad\u00e3o, o cadastro deve ser feito no site\u00a0<a href=\"http:\/\/www.cidadao.piracicaba.sp.gov.br\/\" target=\"_blank\" rel=\"noreferrer noopener\">www.cidadao.piracicaba.sp.gov.br<\/a>\u00a0ou pelo aplicativo Pira Cidad\u00e3o para celular e tablet, dispon\u00edvel para Android e IOS. Al\u00e9m disso, a SMS disponibiliza pontos fixos para cadastramento: no Poupatempo Municipal\/Centrus \u2013 ao lado do Terminal Central de Integra\u00e7\u00e3o (TCI) \u2013, das 8h \u00e0s 16h, e o Centro de Especialidades M\u00e9dicas (CEM) \u2013 o Post\u00e3o, atr\u00e1s do Mercado Municipal \u2013, das 8h \u00e0s 17h; e na sede do Cart\u00e3o Pira Cidad\u00e3o \u00e0 travessa Oleg\u00e1rio Mariano, 327, Vila Monteiro \u2013 de segunda a sexta-feira, das 8h \u00e0s 17h; e s\u00e1bados, das 8h \u00e0s 12h. Em caso de d\u00favidas, o contato \u00e9 (19) 9.9458-3813.<\/p>\n<\/div>\n<p><br \/>\n<br \/><a href=\"https:\/\/piracicaba.sp.gov.br\/noticias\/upa-vila-rezende-inicia-processo-de-modernizacao\/\" rel=\"noopener\">Informa\u00e7\u00f5es PMP <\/a><\/p>\n","protected":false},"excerpt":{"rendered":"<p>Totens para retirada de senhas e controle de atendimento est\u00e3o sendo instalados em todas as unidades de sa\u00fade e UPAs da cidade A Prefeitura de Piracicaba segue com a\u00e7\u00f5es para a informatiza\u00e7\u00e3o, moderniza\u00e7\u00e3o e digitaliza\u00e7\u00e3o do sistema municipal de Sa\u00fade. A partir de quinta-feira, dia 02\/05, a Unidade de Pronto Atendimento (UPA) Vila Rezende come\u00e7a [&hellip;]<\/p>\n","protected":false},"author":1,"featured_media":3323,"comment_status":"open","ping_status":"open","sticky":false,"template":"","format":"standard","meta":{"_jetpack_newsletter_access":"","_jetpack_dont_email_post_to_subs":false,"_jetpack_newsletter_tier_id":0,"_jetpack_memberships_contains_paywalled_content":false,"_mbp_banners":[],"_jetpack_feature_clip_id":0,"_jetpack_memberships_contains_paid_content":false,"footnotes":"","jetpack_publicize_message":"","jetpack_publicize_feature_enabled":true,"jetpack_social_post_already_shared":true,"jetpack_social_options":{"image_generator_settings":{"template":"highway","default_image_id":0,"font":"","enabled":false},"version":2},"jetpack_post_was_ever_published":false},"categories":[20],"tags":[],"class_list":["post-3322","post","type-post","status-publish","format-standard","has-post-thumbnail","category-regiao"],"jetpack_publicize_connections":[],"jetpack-related-posts":[],"jetpack_shortlink":"https:\/\/wp.me\/p7Eq1F-RA","jetpack_sharing_enabled":true,"jetpack_featured_media_url":"https:\/\/i0.wp.com\/guialimeira.com.br\/news\/wp-content\/uploads\/2024\/05\/Totens-para-retirada-de-senhas-e-controle-de-atendimento-estao-sendo-instalados-em-todas-as-unidades-de-saude-e-UPAs-da-cidade-scaled.jpg?fit=2560%2C1706&ssl=1","_links":{"self":[{"href":"https:\/\/guialimeira.com.br\/news\/wp-json\/wp\/v2\/posts\/3322","targetHints":{"allow":["GET"]}}],"collection":[{"href":"https:\/\/guialimeira.com.br\/news\/wp-json\/wp\/v2\/posts"}],"about":[{"href":"https:\/\/guialimeira.com.br\/news\/wp-json\/wp\/v2\/types\/post"}],"author":[{"embeddable":true,"href":"https:\/\/guialimeira.com.br\/news\/wp-json\/wp\/v2\/users\/1"}],"replies":[{"embeddable":true,"href":"https:\/\/guialimeira.com.br\/news\/wp-json\/wp\/v2\/comments?post=3322"}],"version-history":[{"count":0,"href":"https:\/\/guialimeira.com.br\/news\/wp-json\/wp\/v2\/posts\/3322\/revisions"}],"wp:featuredmedia":[{"embeddable":true,"href":"https:\/\/guialimeira.com.br\/news\/wp-json\/wp\/v2\/media\/3323"}],"wp:attachment":[{"href":"https:\/\/guialimeira.com.br\/news\/wp-json\/wp\/v2\/media?parent=3322"}],"wp:term":[{"taxonomy":"category","embeddable":true,"href":"https:\/\/guialimeira.com.br\/news\/wp-json\/wp\/v2\/categories?post=3322"},{"taxonomy":"post_tag","embeddable":true,"href":"https:\/\/guialimeira.com.br\/news\/wp-json\/wp\/v2\/tags?post=3322"}],"curies":[{"name":"wp","href":"https:\/\/api.w.org\/{rel}","templated":true}]}}