{"id":3315,"date":"2024-05-01T02:06:46","date_gmt":"2024-05-01T05:06:46","guid":{"rendered":"https:\/\/guialimeira.com.br\/2024\/05\/01\/reforma-do-varejao-central-esta-em-fase-de-finalizacao-portal-do-municipio-de-piracicaba\/"},"modified":"2024-05-01T02:06:46","modified_gmt":"2024-05-01T05:06:46","slug":"reforma-do-varejao-central-esta-em-fase-de-finalizacao-portal-do-municipio-de-piracicaba","status":"publish","type":"post","link":"https:\/\/guialimeira.com.br\/news\/reforma-do-varejao-central-esta-em-fase-de-finalizacao-portal-do-municipio-de-piracicaba\/","title":{"rendered":"Reforma do Varej\u00e3o Central est\u00e1 em fase de finaliza\u00e7\u00e3o \u2013 Portal do Munic\u00edpio de Piracicaba"},"content":{"rendered":"<p> <br \/>\n<\/p>\n<div>\n<p>A obra iniciada no come\u00e7o de abril de reforma hidr\u00e1ulica, troca de piso e pintura do barrac\u00e3o do Varej\u00e3o Municipal Central est\u00e1 em fase de finaliza\u00e7\u00e3o. A previs\u00e3o para a volta do funcionamento do varej\u00e3o no local \u00e9 de duas semanas.\u00a0<\/p>\n<p>A equipe da empresa contratada para manuten\u00e7\u00e3o do espa\u00e7o, por meio de licita\u00e7\u00e3o feita pela Sema (Secretaria Municipal de Agricultura e Abastecimento), j\u00e1 realizou todo o dreno e canaliza\u00e7\u00e3o do esgoto, construiu caixas de inspe\u00e7\u00e3o, fez a canaliza\u00e7\u00e3o da \u00e1gua para pias e tanques e agora est\u00e1 no processo de coloca\u00e7\u00e3o de pedriscos para recebimento da malha que antecede a concretagem. Ap\u00f3s a secagem do concreto, ser\u00e3o colocados os azulejos dos balc\u00f5es.\u00a0<\/p>\n<p>No fim dessa etapa, o barrac\u00e3o j\u00e1 estar\u00e1 apto para receber os permission\u00e1rios e clientes novamente e as obras de troca de alambrado e pintura continuar\u00e3o mesmo com o funcionamento.<\/p>\n<p>Segundo a secret\u00e1ria Nancy Thame, da Sema, a troca do piso\u00a0j\u00e1 \u00e9 uma demanda antiga do Varej\u00e3o Municipal Central, verificada pela equipe da Sema e permission\u00e1rios. \u201cDesde o in\u00edcio da revitaliza\u00e7\u00e3o dos 19 espa\u00e7os dos varej\u00f5es municipais, iniciado em 2021, nosso intuito foi melhorar a experi\u00eancia do consumidor e dos produtores que geram renda com este trabalho\u201d, afirmou Nancy.<\/p>\n<p>At\u00e9 o fim da troca do piso, o Varej\u00e3o Municipal Central continuar\u00e1 acontecendo nos hor\u00e1rios normais, \u00e0s quartas e s\u00e1bados, de forma a n\u00e3o prejudicar a renda dos 65 permission\u00e1rios e seus auxiliares que trabalham semanalmente no espa\u00e7o, bem como a rotina de compras dos clientes.<\/p>\n<p>\u00c0s quartas-feiras, o varej\u00e3o ocorre das 14h \u00e0s 19h, na rua Dom Pedro I, entre a rua Santa Cruz e a avenida Jos\u00e9 Micheletti. Excepcionalmente nesta quarta-feira, 1\u00b0\/05, o Varej\u00e3o n\u00e3o funcionar\u00e1, por conta do feriado do Dia do Trabalho.\u00a0<\/p>\n<p>Aos s\u00e1bados, das 6h \u00e0s 12h, a comercializa\u00e7\u00e3o acontece em duas das tr\u00eas faixas da avenida Jos\u00e9 Micheletti, atr\u00e1s do Terminal Central de Integra\u00e7\u00e3o (TCI), al\u00e9m da rua Dom Pedro I. A interdi\u00e7\u00e3o dos trechos inicia \u00e0 meia-noite de s\u00e1bado, e segue at\u00e9 \u00e0s 13h. Como rota alternativa, os motoristas que estiverem em dire\u00e7\u00e3o ao centro da cidade tamb\u00e9m podem trafegar na rua Santa Cruz, e na avenida Independ\u00eancia, no cruzamento com a avenida 31 de Mar\u00e7o.<\/p>\n<figure class=\"wp-block-image size-large\"><img data-recalc-dims=\"1\" fetchpriority=\"high\" decoding=\"async\" width=\"696\" height=\"522\" src=\"https:\/\/i0.wp.com\/piracicaba.sp.gov.br\/wp-content\/uploads\/2024\/04\/Varejao-Municipal-Central-foi-o-primeiro-varejao-inaugurado-em-Piracicaba-ha-42-anos_Foto_Thais_Passos_SEMA-1024x768.jpg?resize=696%2C522&#038;ssl=1\" alt=\"\" class=\"wp-image-78191\" srcset=\"https:\/\/piracicaba.sp.gov.br\/wp-content\/uploads\/2024\/04\/Varejao-Municipal-Central-foi-o-primeiro-varejao-inaugurado-em-Piracicaba-ha-42-anos_Foto_Thais_Passos_SEMA-1024x768.jpg 1024w, https:\/\/piracicaba.sp.gov.br\/wp-content\/uploads\/2024\/04\/Varejao-Municipal-Central-foi-o-primeiro-varejao-inaugurado-em-Piracicaba-ha-42-anos_Foto_Thais_Passos_SEMA-300x225.jpg 300w, https:\/\/piracicaba.sp.gov.br\/wp-content\/uploads\/2024\/04\/Varejao-Municipal-Central-foi-o-primeiro-varejao-inaugurado-em-Piracicaba-ha-42-anos_Foto_Thais_Passos_SEMA-768x576.jpg 768w, https:\/\/piracicaba.sp.gov.br\/wp-content\/uploads\/2024\/04\/Varejao-Municipal-Central-foi-o-primeiro-varejao-inaugurado-em-Piracicaba-ha-42-anos_Foto_Thais_Passos_SEMA-1536x1152.jpg 1536w, https:\/\/piracicaba.sp.gov.br\/wp-content\/uploads\/2024\/04\/Varejao-Municipal-Central-foi-o-primeiro-varejao-inaugurado-em-Piracicaba-ha-42-anos_Foto_Thais_Passos_SEMA.jpg 1945w\" sizes=\"(max-width: 1024px) 100vw, 1024px\"\/><figcaption class=\"wp-element-caption\"><em><strong><sub><sup>Varej\u00e3o Municipal Central foi o primeiro varej\u00e3o inaugurado em Piracicaba, h\u00e1 42 anos<\/sup><\/sub><\/strong><\/em><\/figcaption><\/figure>\n<figure class=\"wp-block-image size-large\"><img data-recalc-dims=\"1\" loading=\"lazy\" decoding=\"async\" width=\"696\" height=\"522\" src=\"https:\/\/i0.wp.com\/piracicaba.sp.gov.br\/wp-content\/uploads\/2024\/04\/Barracao-do-Varejao-esta-passando-por-uma-reforma-completa-dos-pisos-e-sistema-hidraulico_Foto_Thais_Passos_SEMA1-1024x768.jpg?resize=696%2C522&#038;ssl=1\" alt=\"\" class=\"wp-image-78192\" srcset=\"https:\/\/piracicaba.sp.gov.br\/wp-content\/uploads\/2024\/04\/Barracao-do-Varejao-esta-passando-por-uma-reforma-completa-dos-pisos-e-sistema-hidraulico_Foto_Thais_Passos_SEMA1-1024x768.jpg 1024w, https:\/\/piracicaba.sp.gov.br\/wp-content\/uploads\/2024\/04\/Barracao-do-Varejao-esta-passando-por-uma-reforma-completa-dos-pisos-e-sistema-hidraulico_Foto_Thais_Passos_SEMA1-300x225.jpg 300w, https:\/\/piracicaba.sp.gov.br\/wp-content\/uploads\/2024\/04\/Barracao-do-Varejao-esta-passando-por-uma-reforma-completa-dos-pisos-e-sistema-hidraulico_Foto_Thais_Passos_SEMA1-768x576.jpg 768w, https:\/\/piracicaba.sp.gov.br\/wp-content\/uploads\/2024\/04\/Barracao-do-Varejao-esta-passando-por-uma-reforma-completa-dos-pisos-e-sistema-hidraulico_Foto_Thais_Passos_SEMA1-1536x1152.jpg 1536w, https:\/\/piracicaba.sp.gov.br\/wp-content\/uploads\/2024\/04\/Barracao-do-Varejao-esta-passando-por-uma-reforma-completa-dos-pisos-e-sistema-hidraulico_Foto_Thais_Passos_SEMA1.jpg 2016w\" sizes=\"auto, (max-width: 1024px) 100vw, 1024px\"\/><figcaption class=\"wp-element-caption\"><strong><em><sub><sup>Barrac\u00e3o do Varej\u00e3o est\u00e1 passando por uma reforma completa dos pisos e sistema hidr\u00e1ulico<\/sup><\/sub><\/em><\/strong><\/figcaption><\/figure>\n<\/div>\n<p><br \/>\n<br \/><a href=\"https:\/\/piracicaba.sp.gov.br\/noticias\/reforma-do-varejao-central-esta-em-fase-de-finalizacao\/\" rel=\"noopener\">Informa\u00e7\u00f5es PMP <\/a><\/p>\n","protected":false},"excerpt":{"rendered":"<p>A obra iniciada no come\u00e7o de abril de reforma hidr\u00e1ulica, troca de piso e pintura do barrac\u00e3o do Varej\u00e3o Municipal Central est\u00e1 em fase de finaliza\u00e7\u00e3o. A previs\u00e3o para a volta do funcionamento do varej\u00e3o no local \u00e9 de duas semanas.\u00a0 A equipe da empresa contratada para manuten\u00e7\u00e3o do espa\u00e7o, por meio de licita\u00e7\u00e3o feita [&hellip;]<\/p>\n","protected":false},"author":1,"featured_media":3316,"comment_status":"open","ping_status":"open","sticky":false,"template":"","format":"standard","meta":{"_jetpack_newsletter_access":"","_jetpack_dont_email_post_to_subs":false,"_jetpack_newsletter_tier_id":0,"_jetpack_memberships_contains_paywalled_content":false,"_mbp_banners":[],"_jetpack_feature_clip_id":0,"_jetpack_memberships_contains_paid_content":false,"footnotes":"","jetpack_publicize_message":"","jetpack_publicize_feature_enabled":true,"jetpack_social_post_already_shared":true,"jetpack_social_options":{"image_generator_settings":{"template":"highway","default_image_id":0,"font":"","enabled":false},"version":2},"jetpack_post_was_ever_published":false},"categories":[20],"tags":[],"class_list":["post-3315","post","type-post","status-publish","format-standard","has-post-thumbnail","category-regiao"],"jetpack_publicize_connections":[],"jetpack-related-posts":[],"jetpack_shortlink":"https:\/\/wp.me\/p7Eq1F-Rt","jetpack_sharing_enabled":true,"jetpack_featured_media_url":"https:\/\/i0.wp.com\/guialimeira.com.br\/news\/wp-content\/uploads\/2024\/05\/Varejao-Municipal-Central-foi-o-primeiro-varejao-inaugurado-em-Piracicaba-ha-42-anos_Foto_Thais_Passos_SEMA-1024x768.jpg?fit=1024%2C768&ssl=1","_links":{"self":[{"href":"https:\/\/guialimeira.com.br\/news\/wp-json\/wp\/v2\/posts\/3315","targetHints":{"allow":["GET"]}}],"collection":[{"href":"https:\/\/guialimeira.com.br\/news\/wp-json\/wp\/v2\/posts"}],"about":[{"href":"https:\/\/guialimeira.com.br\/news\/wp-json\/wp\/v2\/types\/post"}],"author":[{"embeddable":true,"href":"https:\/\/guialimeira.com.br\/news\/wp-json\/wp\/v2\/users\/1"}],"replies":[{"embeddable":true,"href":"https:\/\/guialimeira.com.br\/news\/wp-json\/wp\/v2\/comments?post=3315"}],"version-history":[{"count":0,"href":"https:\/\/guialimeira.com.br\/news\/wp-json\/wp\/v2\/posts\/3315\/revisions"}],"wp:featuredmedia":[{"embeddable":true,"href":"https:\/\/guialimeira.com.br\/news\/wp-json\/wp\/v2\/media\/3316"}],"wp:attachment":[{"href":"https:\/\/guialimeira.com.br\/news\/wp-json\/wp\/v2\/media?parent=3315"}],"wp:term":[{"taxonomy":"category","embeddable":true,"href":"https:\/\/guialimeira.com.br\/news\/wp-json\/wp\/v2\/categories?post=3315"},{"taxonomy":"post_tag","embeddable":true,"href":"https:\/\/guialimeira.com.br\/news\/wp-json\/wp\/v2\/tags?post=3315"}],"curies":[{"name":"wp","href":"https:\/\/api.w.org\/{rel}","templated":true}]}}