{"id":33148,"date":"2025-05-15T09:42:44","date_gmt":"2025-05-15T12:42:44","guid":{"rendered":"https:\/\/guialimeira.com.br\/?p=33148"},"modified":"2025-05-15T09:42:47","modified_gmt":"2025-05-15T12:42:47","slug":"suzano-inaugura-oficialmente-centro-de-distribuicao-em-americana","status":"publish","type":"post","link":"https:\/\/guialimeira.com.br\/news\/suzano-inaugura-oficialmente-centro-de-distribuicao-em-americana\/","title":{"rendered":"Suzano inaugura oficialmente Centro de Distribui\u00e7\u00e3o em Americana"},"content":{"rendered":"\n<p class=\"wp-block-paragraph\"><em>Com um investimento de R$39 milh\u00f5es, o novo centro entrou em opera\u00e7\u00e3o em abril deste ano, gerando cerca de 100 postos de trabalho e fortalecendo a economia local<\/em><\/p>\n\n\n\n<p class=\"wp-block-paragraph\"><a><\/a><a>A Suzano, maior produtora mundial de celulose e refer\u00eancia global na fabrica\u00e7\u00e3o de bioprodutos desenvolvidos a partir do eucalipto, inaugurou&nbsp;<\/a>oficialmente&nbsp;seu novo Centro de Distribui\u00e7\u00e3o (CD), em Americana (SP), nesta ter\u00e7a-feira (13).&nbsp;Com um investimento de R$39 milh\u00f5es, a nova estrutura foi concebida a partir da reforma do armaz\u00e9m de uma antiga empresa de tapetes, feita sob medida para as necessidades da Suzano. Localizado&nbsp;na Avenida Afonso Pansan, \u00e0s margens da Rodovia Anhanguera,&nbsp;o novo Centro de Distribui\u00e7\u00e3o&nbsp;reativou&nbsp;um local que estava ocioso,&nbsp;transformando um espa\u00e7o subutilizado em uma \u00e1rea que apoiar\u00e1&nbsp;o desenvolvimento&nbsp;do munic\u00edpio. Al\u00e9m de revitalizar a regi\u00e3o, o empreendimento gerou cerca de 100 postos de trabalho, entre diretos e indiretos, proporcionando novas oportunidades de emprego e&nbsp;aquecendo a&nbsp;economia local.&nbsp; Ainda h\u00e1 vagas abertas para atua\u00e7\u00e3o no novo CD&nbsp;e os(as) interessados(as) podem se candidatar&nbsp;pelo&nbsp;link:&nbsp;<a href=\"https:\/\/imediatonexway.gupy.io\/\" target=\"_blank\" rel=\"noreferrer noopener\">https:\/\/imediatonexway.gupy.io\/<\/a>.<\/p>\n\n\n\n<p class=\"wp-block-paragraph\">A nova opera\u00e7\u00e3o refor\u00e7a o compromisso da companhia com Americana e com o desenvolvimento socioecon\u00f4mico das regi\u00f5es onde atua. \u201cEste Centro de Distribui\u00e7\u00e3o amplia nossa capacidade log\u00edstica e garante maior efici\u00eancia na entrega de nossos produtos. \u00c9 um marco importante no crescimento da Suzano, ao mesmo tempo em que reafirma nosso compromisso com o desenvolvimento econ\u00f4mico local e fortalece nossos la\u00e7os com a comunidade. Estamos confiantes de que esse novo CD beneficiar\u00e1 tanto a empresa, quanto o munic\u00edpio. Dos postos de trabalho gerados, cerca de 60% foram ocupados por moradores de Americana. Ao gerar emprego e renda para o munic\u00edpio e colaborar com a economia local, refor\u00e7amos nosso direcionador que diz que s\u00f3 \u00e9 bom para n\u00f3s se for bom para o mundo\u201d, explica Davi Fabr\u00edcio Teixeira, gerente executivo de Log\u00edstica da Suzano.<\/p>\n\n\n\n<p class=\"wp-block-paragraph\">Em opera\u00e7\u00e3o desde abril deste ano, o CD de Americana foi implantado para otimizar o escoamento da produ\u00e7\u00e3o da f\u00e1brica de Limeira, al\u00e9m de oferecer suporte log\u00edstico para outras unidades da companhia. A partir deste CD, s\u00e3o expedidas cargas de diversos tipos de pap\u00e9is, tanto para o Brasil quanto para outros 90 pa\u00edses atendidos pela Suzano. Entre os produtos est\u00e3o o Report\u00ae, utilizado para impress\u00e3o e escrita, o Greenpack\u00ae, destinado a embalagens flex\u00edveis, o Greenbag\u00ae, para sacolas; al\u00e9m de pap\u00e9is revestidos, como o Couch\u00e9 Suzano\u00ae, e n\u00e3o revestidos, como o Alta Alvura\u00ae.<\/p>\n\n\n\n<p class=\"wp-block-paragraph\">O novo Centro conta com uma \u00e1rea total de 82 mil m\u00b2, armaz\u00e9m com 30 mil m\u00b2 e 16 docas, funcionando ininterruptamente, 24 horas por dia e 7 dias por semana, com capacidade para estocar aproximadamente 24 mil toneladas de papel por m\u00eas.<\/p>\n\n\n\n<p class=\"wp-block-paragraph\"><a><\/a><a>A escolha por Americana para essa instala\u00e7\u00e3o ocorreu ap\u00f3s longo estudo de alternativas. A cidade foi selecionada por sua proximidade com a f\u00e1brica de Limeira e por sua localiza\u00e7\u00e3o, que permite acesso f\u00e1cil e r\u00e1pido \u00e0s principais cidades do interior paulista.<\/a><\/p>\n\n\n\n<p class=\"wp-block-paragraph\">O prefeito de Americana, Chico Sardelli, destaca a import\u00e2ncia do empreendimento para a cidade.&nbsp;&#8220;A instala\u00e7\u00e3o do Centro de Distribui\u00e7\u00e3o da Suzano representa um avan\u00e7o estrat\u00e9gico para Americana, tanto pelo volume de investimento quanto pelo impacto positivo na gera\u00e7\u00e3o de empregos e na dinamiza\u00e7\u00e3o da nossa economia. Uma entrega que refor\u00e7a nossa posi\u00e7\u00e3o como polo log\u00edstico regional e confirma que o trabalho conjunto entre poder p\u00fablico e iniciativa privada gera resultados concretos para o desenvolvimento econ\u00f4mico e social. Agrade\u00e7o \u00e0 Suzano por acreditar no potencial da nossa cidade&#8221;, avalia.<\/p>\n\n\n\n<p class=\"wp-block-paragraph\"><strong>Inova\u00e7\u00e3o e sustentabilidade na log\u00edstica<\/strong><\/p>\n\n\n\n<p class=\"wp-block-paragraph\">Refor\u00e7ando sua estrat\u00e9gia de alinhar crescimento operacional com responsabilidade ambiental, a Suzano projetou o novo CD com foco em inova\u00e7\u00e3o e sustentabilidade.&nbsp;A estrutura foi planejada para otimizar o fluxo log\u00edstico, o tempo de atendimento, a capacidade de armazenamento e a agilidade das movimenta\u00e7\u00f5es dos produtos Suzano. O armaz\u00e9m est\u00e1 preparado para receber diferentes tipos de ve\u00edculos e cargas, o que garante versatilidade e efici\u00eancia \u00e0 opera\u00e7\u00e3o.<\/p>\n\n\n\n<p class=\"wp-block-paragraph\">O novo CD tamb\u00e9m se destaca pelas pr\u00e1ticas sustent\u00e1veis incorporadas ao projeto. Entre as iniciativas a serem implantadas est\u00e3o o sistema de capta\u00e7\u00e3o de \u00e1gua da chuva, log\u00edstica reversa de paletes e gest\u00e3o zero res\u00edduos para aterros. Al\u00e9m disso, toda a energia utilizada no local \u00e9 proveniente de fontes renov\u00e1veis, e parte dos equipamentos utilizados, como carretas e empilhadeiras, s\u00e3o el\u00e9tricos, contribuindo diretamente para a redu\u00e7\u00e3o das emiss\u00f5es de carbono.<\/p>\n\n\n\n<p class=\"wp-block-paragraph\">Para a gest\u00e3o do CD de Americana, a Suzano firmou parceria com a Imediato Nexway, que tem mais de 40 anos de hist\u00f3ria e est\u00e1 entre as maiores empresas log\u00edsticas do Brasil. A parceira conta com expertise em opera\u00e7\u00f5es complexas de diversos segmentos e ostenta um portf\u00f3lio de clientes com nomes de peso como Mercado Livre, Ambev e Ra\u00edzen.<\/p>\n\n\n\n<p class=\"wp-block-paragraph\"><strong>Sobre a Suzano<\/strong><\/p>\n\n\n\n<p class=\"wp-block-paragraph\">A Suzano \u00e9 a maior produtora mundial de celulose, uma das maiores fabricantes de pap\u00e9is da Am\u00e9rica Latina e l\u00edder no segmento de papel higi\u00eanico no Brasil. A companhia adota as melhores pr\u00e1ticas de inova\u00e7\u00e3o e sustentabilidade para desenvolver produtos e solu\u00e7\u00f5es a partir de mat\u00e9ria-prima renov\u00e1vel. Os produtos da Suzano est\u00e3o presentes na vida de mais de 2 bilh\u00f5es de pessoas, cerca de 25% da popula\u00e7\u00e3o mundial, e incluem celulose; itens para higiene pessoal como papel higi\u00eanico e guardanapos; pap\u00e9is para embalagens, copos e canudos; pap\u00e9is para imprimir e escrever, entre outros produtos desenvolvidos para atender \u00e0 crescente necessidade do planeta por itens mais sustent\u00e1veis. Entre suas marcas no Brasil est\u00e3o Neve\u00ae, P\u00f3len\u00ae, Suzano Report\u00ae, Mimmo\u00ae, entre outras. Com sede no Brasil e opera\u00e7\u00f5es na Am\u00e9rica Latina, Am\u00e9rica do Norte, Europa e \u00c1sia, a empresa tem mais de 100 anos de hist\u00f3ria e a\u00e7\u00f5es negociadas nas bolsas do Brasil (SUZB3) e dos Estados Unidos (SUZ). Saiba mais em:&nbsp;<a href=\"https:\/\/suzano.com.br\/\" target=\"_blank\" rel=\"noreferrer noopener\">suzano.com.br<\/a>.<\/p>\n","protected":false},"excerpt":{"rendered":"<p>Com um investimento de R$39 milh\u00f5es, o novo centro entrou em opera\u00e7\u00e3o em abril deste ano, gerando cerca de 100 postos de trabalho e fortalecendo a economia local A Suzano, maior produtora mundial de celulose e refer\u00eancia global na fabrica\u00e7\u00e3o de bioprodutos desenvolvidos a partir do eucalipto, inaugurou&nbsp;oficialmente&nbsp;seu novo Centro de Distribui\u00e7\u00e3o (CD), em Americana [&hellip;]<\/p>\n","protected":false},"author":2,"featured_media":33151,"comment_status":"open","ping_status":"open","sticky":false,"template":"","format":"standard","meta":{"_jetpack_newsletter_access":"","_jetpack_dont_email_post_to_subs":false,"_jetpack_newsletter_tier_id":0,"_jetpack_memberships_contains_paywalled_content":false,"_mbp_banners":[],"_jetpack_feature_clip_id":0,"_jetpack_memberships_contains_paid_content":false,"footnotes":"","jetpack_publicize_message":"","jetpack_publicize_feature_enabled":true,"jetpack_social_post_already_shared":true,"jetpack_social_options":{"image_generator_settings":{"template":"highway","default_image_id":0,"font":"","enabled":false},"version":2},"jetpack_post_was_ever_published":false},"categories":[1],"tags":[],"class_list":["post-33148","post","type-post","status-publish","format-standard","has-post-thumbnail","category-geral"],"jetpack_publicize_connections":[],"jetpack-related-posts":[],"jetpack_shortlink":"https:\/\/wp.me\/p7Eq1F-8CE","jetpack_sharing_enabled":true,"jetpack_featured_media_url":"https:\/\/i0.wp.com\/guialimeira.com.br\/news\/wp-content\/uploads\/2025\/05\/CD-Americana-3-scaled.jpg?fit=2560%2C1920&ssl=1","_links":{"self":[{"href":"https:\/\/guialimeira.com.br\/news\/wp-json\/wp\/v2\/posts\/33148","targetHints":{"allow":["GET"]}}],"collection":[{"href":"https:\/\/guialimeira.com.br\/news\/wp-json\/wp\/v2\/posts"}],"about":[{"href":"https:\/\/guialimeira.com.br\/news\/wp-json\/wp\/v2\/types\/post"}],"author":[{"embeddable":true,"href":"https:\/\/guialimeira.com.br\/news\/wp-json\/wp\/v2\/users\/2"}],"replies":[{"embeddable":true,"href":"https:\/\/guialimeira.com.br\/news\/wp-json\/wp\/v2\/comments?post=33148"}],"version-history":[{"count":1,"href":"https:\/\/guialimeira.com.br\/news\/wp-json\/wp\/v2\/posts\/33148\/revisions"}],"predecessor-version":[{"id":33152,"href":"https:\/\/guialimeira.com.br\/news\/wp-json\/wp\/v2\/posts\/33148\/revisions\/33152"}],"wp:featuredmedia":[{"embeddable":true,"href":"https:\/\/guialimeira.com.br\/news\/wp-json\/wp\/v2\/media\/33151"}],"wp:attachment":[{"href":"https:\/\/guialimeira.com.br\/news\/wp-json\/wp\/v2\/media?parent=33148"}],"wp:term":[{"taxonomy":"category","embeddable":true,"href":"https:\/\/guialimeira.com.br\/news\/wp-json\/wp\/v2\/categories?post=33148"},{"taxonomy":"post_tag","embeddable":true,"href":"https:\/\/guialimeira.com.br\/news\/wp-json\/wp\/v2\/tags?post=33148"}],"curies":[{"name":"wp","href":"https:\/\/api.w.org\/{rel}","templated":true}]}}