{"id":33099,"date":"2025-05-14T17:49:20","date_gmt":"2025-05-14T20:49:20","guid":{"rendered":"https:\/\/guialimeira.com.br\/2025\/05\/14\/milei-restringe-imigracao-e-permanencia-de-estrangeiros-na-argentina\/"},"modified":"2025-05-14T17:49:20","modified_gmt":"2025-05-14T20:49:20","slug":"milei-restringe-imigracao-e-permanencia-de-estrangeiros-na-argentina","status":"publish","type":"post","link":"https:\/\/guialimeira.com.br\/news\/milei-restringe-imigracao-e-permanencia-de-estrangeiros-na-argentina\/","title":{"rendered":"Milei restringe imigra\u00e7\u00e3o e perman\u00eancia de estrangeiros na Argentina"},"content":{"rendered":"<p> <br \/>\n<\/p>\n<div>\n<p>O presidente da Argentina, Javier Milei, endureceu as regras para a entrada de estrangeiros no pa\u00eds, com o objetivo de restringir a imigra\u00e7\u00e3o. Segundo comunicado oficial desta quarta-feira (14) do gabinete da presid\u00eancia, <strong>a Argentina\u00a0passar\u00e1 a exigir o pagamento pelos servi\u00e7os de sa\u00fade para residentes transit\u00f3rios, tempor\u00e1rios e irregulares<\/strong>. Al\u00e9m disso, os turistas que entrarem no pa\u00eds dever\u00e3o contratar um seguro de sa\u00fade.<img data-recalc-dims=\"1\" decoding=\"async\" src=\"https:\/\/i0.wp.com\/agenciabrasil.ebc.com.br\/ebc.png?w=696&#038;ssl=1\" style=\"width:1px; height:1px; display:inline;\"\/><img data-recalc-dims=\"1\" decoding=\"async\" src=\"https:\/\/i0.wp.com\/agenciabrasil.ebc.com.br\/ebc.gif?w=696&#038;ssl=1\" style=\"width:1px; height:1px; display:inline;\"\/><\/p>\n<p>De acordo com o governo, durante o ano de 2023, a assist\u00eancia m\u00e9dica a estrangeiros nos hospitais nacionais implicou\u00a0despesa aproximada de 114 bilh\u00f5es de pesos.<\/p>\n<blockquote>\n<p>\u201cEsta medida visa garantir a sustentabilidade do sistema p\u00fablico de sa\u00fade, para que deixe de ser um centro de benef\u00edcio financiado pelos nossos cidad\u00e3os\u201d, diz o comunicado.<\/p>\n<\/blockquote>\n<p>Outro ponto \u00e9 a <strong>autoriza\u00e7\u00e3o para que as universidades nacionais possam estabelecer taxas, caso decidam, para cursos universit\u00e1rios destinados aos residentes tempor\u00e1rios.<\/strong><\/p>\n<p><a href=\"https:\/\/www.whatsapp.com\/channel\/0029VaoRTgrInlqYLSk59B2M\" target=\"_blank\" rel=\"noopener\">&gt;&gt; Siga o canal da <strong>Ag\u00eancia Brasil <\/strong>no WhatsApp<\/a><\/p>\n<p>O comunicado afirma ainda que a<strong> Carta de Cidadania, documento para resid\u00eancia permanente no pa\u00eds vizinho, ser\u00e1 concedida a quem comprovar dois anos de resid\u00eancia cont\u00ednua ou\u00a0tenha feito um investimento relevante na Argentina.<\/strong> Tamb\u00e9m ser\u00e1 exigida a prova de meios de subsist\u00eancia suficientes e a aus\u00eancia de registo criminal.<\/p>\n<p><strong>Outro ponto do decreto \u00e9 que ser\u00e1 proibida no pa\u00eds a entrada de estrangeiros condenados. Aqueles que cometeram crime no territ\u00f3rio, independentemente da pena, tamb\u00e9m ser\u00e3o deportados.<\/strong><\/p>\n<blockquote>\n<p>\u201cIsto significa que as infrac\u00e7\u00f5es com penas inferiores a 5 anos, que n\u00e3o eram motivo de recusa de entrada no pa\u00eds ou de expuls\u00e3o, passam a ser consideradas\u201d, diz o texto.<\/p>\n<\/blockquote>\n<p>O chamado Decreto de Necessidade e Urg\u00eancia, segundo o governo, vem\u00a0fazer uma profunda modifica\u00e7\u00e3o do Regime Migrat\u00f3rio.<\/p>\n<p>\u201cA extrema facilidade com que foi poss\u00edvel entrar na Argentina at\u00e9 a data presente levou a que 1.700.000 estrangeiros tenham imigrado ilegalmente para o nosso pa\u00eds nos \u00faltimos 20 anos. Esta medida procura estabelecer a ordem e o bom senso num sistema que, infelizmente, e devido \u00e0 cumplicidade de pol\u00edticos populistas, foi distorcido\u201d, diz o decreto.<\/p>\n<p>      <!-- Relacionada --><\/p>\n<p>            <!-- Relacionada -->\n    <\/div>\n<p><br \/>\n<br \/><a href=\"https:\/\/agenciabrasil.ebc.com.br\/internacional\/noticia\/2025-05\/milei-restringe-imigracao-e-permanencia-de-estrangeiros-na-argentina\" rel=\"noopener\">Ag\u00eancia Brasil <\/a><\/p>\n","protected":false},"excerpt":{"rendered":"<p>O presidente da Argentina, Javier Milei, endureceu as regras para a entrada de estrangeiros no pa\u00eds, com o objetivo de restringir a imigra\u00e7\u00e3o. Segundo comunicado oficial desta quarta-feira (14) do gabinete da presid\u00eancia, a Argentina\u00a0passar\u00e1 a exigir o pagamento pelos servi\u00e7os de sa\u00fade para residentes transit\u00f3rios, tempor\u00e1rios e irregulares. Al\u00e9m disso, os turistas que entrarem [&hellip;]<\/p>\n","protected":false},"author":1,"featured_media":33100,"comment_status":"open","ping_status":"open","sticky":false,"template":"","format":"standard","meta":{"_jetpack_newsletter_access":"","_jetpack_dont_email_post_to_subs":false,"_jetpack_newsletter_tier_id":0,"_jetpack_memberships_contains_paywalled_content":false,"_mbp_banners":[],"_jetpack_feature_clip_id":0,"_jetpack_memberships_contains_paid_content":false,"footnotes":"","jetpack_publicize_message":"","jetpack_publicize_feature_enabled":true,"jetpack_social_post_already_shared":true,"jetpack_social_options":{"image_generator_settings":{"template":"highway","default_image_id":0,"font":"","enabled":false},"version":2},"jetpack_post_was_ever_published":false},"categories":[25],"tags":[],"class_list":["post-33099","post","type-post","status-publish","format-standard","has-post-thumbnail","category-internacional"],"jetpack_publicize_connections":[],"jetpack-related-posts":[],"jetpack_shortlink":"https:\/\/wp.me\/p7Eq1F-8BR","jetpack_sharing_enabled":true,"jetpack_featured_media_url":"https:\/\/i0.wp.com\/guialimeira.com.br\/news\/wp-content\/uploads\/2025\/05\/rbr8307.jpg?fit=1600%2C800&ssl=1","_links":{"self":[{"href":"https:\/\/guialimeira.com.br\/news\/wp-json\/wp\/v2\/posts\/33099","targetHints":{"allow":["GET"]}}],"collection":[{"href":"https:\/\/guialimeira.com.br\/news\/wp-json\/wp\/v2\/posts"}],"about":[{"href":"https:\/\/guialimeira.com.br\/news\/wp-json\/wp\/v2\/types\/post"}],"author":[{"embeddable":true,"href":"https:\/\/guialimeira.com.br\/news\/wp-json\/wp\/v2\/users\/1"}],"replies":[{"embeddable":true,"href":"https:\/\/guialimeira.com.br\/news\/wp-json\/wp\/v2\/comments?post=33099"}],"version-history":[{"count":0,"href":"https:\/\/guialimeira.com.br\/news\/wp-json\/wp\/v2\/posts\/33099\/revisions"}],"wp:featuredmedia":[{"embeddable":true,"href":"https:\/\/guialimeira.com.br\/news\/wp-json\/wp\/v2\/media\/33100"}],"wp:attachment":[{"href":"https:\/\/guialimeira.com.br\/news\/wp-json\/wp\/v2\/media?parent=33099"}],"wp:term":[{"taxonomy":"category","embeddable":true,"href":"https:\/\/guialimeira.com.br\/news\/wp-json\/wp\/v2\/categories?post=33099"},{"taxonomy":"post_tag","embeddable":true,"href":"https:\/\/guialimeira.com.br\/news\/wp-json\/wp\/v2\/tags?post=33099"}],"curies":[{"name":"wp","href":"https:\/\/api.w.org\/{rel}","templated":true}]}}