{"id":33093,"date":"2025-05-14T16:47:44","date_gmt":"2025-05-14T19:47:44","guid":{"rendered":"https:\/\/guialimeira.com.br\/2025\/05\/14\/trump-se-reune-com-presidente-da-siria-apos-anunciar-fim-de-sancoes\/"},"modified":"2025-05-14T16:47:44","modified_gmt":"2025-05-14T19:47:44","slug":"trump-se-reune-com-presidente-da-siria-apos-anunciar-fim-de-sancoes","status":"publish","type":"post","link":"https:\/\/guialimeira.com.br\/news\/trump-se-reune-com-presidente-da-siria-apos-anunciar-fim-de-sancoes\/","title":{"rendered":"Trump se re\u00fane com presidente da S\u00edria ap\u00f3s anunciar fim de san\u00e7\u00f5es"},"content":{"rendered":"<p> <br \/>\n<\/p>\n<div>\n<p>O presidente dos Estados Unidos (EUA), Donald Trump, se encontrou com o presidente da S\u00edria, Ahmed al-Sharaa (al-Jolani), nesta quarta-feira (14) em Riad, na Ar\u00e1bia Saudita. <strong>Foi o primeiro encontro de um presidente americano com um chefe de Estado da S\u00edria em 25 anos<\/strong>, marcando uma reviravolta nas rela\u00e7\u00f5es entre os dois pa\u00edses. No dia anterior, Trump anunciou o fim das san\u00e7\u00f5es econ\u00f4micas impostas ao pa\u00eds do Oriente M\u00e9dio.<img data-recalc-dims=\"1\" decoding=\"async\" src=\"https:\/\/i0.wp.com\/agenciabrasil.ebc.com.br\/ebc.png?w=696&#038;ssl=1\" style=\"width:1px; height:1px; display:inline;\"\/><img data-recalc-dims=\"1\" decoding=\"async\" src=\"https:\/\/i0.wp.com\/agenciabrasil.ebc.com.br\/ebc.gif?w=696&#038;ssl=1\" style=\"width:1px; height:1px; display:inline;\"\/><\/p>\n<p>\u201cDepois de discutir a situa\u00e7\u00e3o na S\u00edria com o pr\u00edncipe herdeiro [da Ar\u00e1bia Saudita, Mohammed Bin Salman], e tamb\u00e9m com o presidente Erdogan, da Turquia, que me ligou outro dia e pediu algo muito semelhante, entre outros amigos meus, pessoas por quem tenho muito respeito no Oriente M\u00e9dio, ordenarei o fim das san\u00e7\u00f5es contra a S\u00edria para dar a eles uma chance\u201d, anunciou Trump em <a href=\"https:\/\/www.youtube.com\/live\/wj1QOz3iuCE\" target=\"_blank\" rel=\"noopener\">encontro com investidores da Ar\u00e1bia Saudita<\/a>.\u00a0<\/p>\n<p>O an\u00fancio ocorreu durante a primeira viagem internacional do segundo mandato de Trump, por pa\u00edses do Oriente M\u00e9dio.\u00a0<\/p>\n<blockquote>\n<p>\u201cAs san\u00e7\u00f5es foram brutais e paralisantes, e serviram como uma fun\u00e7\u00e3o realmente importante na \u00e9poca. Mas agora \u00e9 a hora deles brilharem\u201d, disse o presidente Trump.<\/p>\n<\/blockquote>\n<p><a href=\"https:\/\/www.whatsapp.com\/channel\/0029VaoRTgrInlqYLSk59B2M\" target=\"_top\" rel=\"noopener\">&gt;&gt; Siga o canal da <strong>Ag\u00eancia Brasil <\/strong>no WhatsApp<\/a><\/p>\n<p>As medidas foram aplicadas contra o governo de Bashad al-Assad <a href=\"https:\/\/agenciabrasil.ebc.com.br\/internacional\/noticia\/2024-12\/siria-potencias-estrangeiras-apoiaram-13-anos-de-guerra-contra-assad\" target=\"_blank\" rel=\"noopener\">durante a guerra de quase 14 anos que derrubou o antigo regime s\u00edrio<\/a>, contribuindo para a crise econ\u00f4mica que o pa\u00eds vive, com cerca de 90% da popula\u00e7\u00e3o abaixo da linha da pobreza, segundo a ONU.\u00a0<\/p>\n<h2>Encontro hist\u00f3rico<\/h2>\n<p>Participaram da reuni\u00e3o o pr\u00edncipe da Ar\u00e1bia Saudita e, por telefone, o presidente da Turquia. O presidente da S\u00edria, Ahmed al-Sharaa, foi o l\u00edder do principal grupo insurgente que derrubou Assad, o Hay&#8217;at Tahrir al-Sham (HTS).\u00a0<\/p>\n<p>A organiza\u00e7\u00e3o j\u00e1 foi ligada \u00e0 Al-Qaeda e ao Estado Isl\u00e2mico, considerados terroristas pelas pot\u00eancias ocidentais. <strong>Por\u00e9m, nos \u00faltimos anos, Ahmed adotou discurso mais moderado, se afastando das suas origens na Al-Qaeda.<\/strong><\/p>\n<p>No encontro desta quarta-feira, <strong>Trump reiterou a decis\u00e3o de suspender as Medidas Coercitivas Unilaterais (MCU) contra a S\u00edria<\/strong>, segundo o Minist\u00e9rio das Rela\u00e7\u00f5es Exteriores da S\u00edria.\u00a0<\/p>\n<p>\u201cAs discuss\u00f5es tamb\u00e9m abordaram caminhos para a parceria s\u00edrio-americana nos esfor\u00e7os de combate ao terrorismo e a coopera\u00e7\u00e3o na elimina\u00e7\u00e3o da influ\u00eancia de atores n\u00e3o estatais e grupos armados que minam a estabilidade, incluindo o Isis [Estado Isl\u00e2mico] e outras amea\u00e7as\u201d, informou a pasta, em nota.\u00a0\u00a0<\/p>\n<h2>San\u00e7\u00f5es<\/h2>\n<p><strong>A S\u00edria vive sob duras restri\u00e7\u00f5es econ\u00f4micas, incluindo a exclus\u00e3o do sistema internacional de pagamentos (Swift).<\/strong>\u00a0<\/p>\n<p><a href=\"https:\/\/agenciabrasil.ebc.com.br\/internacional\/noticia\/2025-04\/futuro-da-siria-depende-do-fim-de-sancoes-dos-eua-diz-enviado-da-onu\" target=\"_blank\" rel=\"noopener\">Em entrevista \u00e0 <strong>Ag\u00eancia Brasil<\/strong><\/a>, o presidente da Comiss\u00e3o de Inqu\u00e9rito sobre a S\u00edria da ONU, Paulo S\u00e9rgio Pinheiro, sustentou que o futuro do pa\u00eds depende do fim das san\u00e7\u00f5es.<\/p>\n<blockquote>\n<p>\u201cAs pessoas querem abrir um neg\u00f3cio, ou trazer empresas, fazer investimentos, mas n\u00e3o conseguem por causa das san\u00e7\u00f5es econ\u00f4micas dos EUA\u201d, disse Pinheiro.<\/p>\n<\/blockquote>\n<p>A suspens\u00e3o das san\u00e7\u00f5es foi celebrada pelo governo s\u00edrio, Ar\u00e1bia Saudita, Kuwait, Catar, Emirados \u00c1rabes Unidos e pela ONU. Manifesta\u00e7\u00f5es populares foram registradas na S\u00edria comemorando a decis\u00e3o.<\/p>\n<p>Segundo o ministro das Rela\u00e7\u00f5es Exteriores da Ar\u00e1bia Saudita, Bin Farhan, o <strong>pa\u00eds est\u00e1 coordenando com os EUA as quest\u00f5es processuais para a suspens\u00e3o das san\u00e7\u00f5es e espera que os europeus fa\u00e7am o mesmo<\/strong>.<\/p>\n<p>O chanceler s\u00edrio, Asaad al-Shaibani, agradeceu \u00e0 Ar\u00e1bia Saudita \u201cpor seus sinceros esfor\u00e7os em apoiar os esfor\u00e7os para suspender as san\u00e7\u00f5es injustas impostas \u00e0 S\u00edria\u201d.\u00a0<\/p>\n<blockquote>\n<p>\u201cEsta medida representa uma vit\u00f3ria da justi\u00e7a e uma afirma\u00e7\u00e3o da unidade \u00e1rabe\u201d, afirmou.<\/p>\n<\/blockquote>\n<p><strong>Para o ministro, a decis\u00e3o permite um novo recome\u00e7o para reconstru\u00e7\u00e3o do pa\u00eds, devastado pela guerra e pela pobreza.<\/strong><\/p>\n<p>      <!-- Relacionada --><\/p>\n<p>            <!-- Relacionada -->\n    <\/div>\n<p><br \/>\n<br \/><a href=\"https:\/\/agenciabrasil.ebc.com.br\/internacional\/noticia\/2025-05\/trump-se-reune-com-presidente-da-siria-apos-anunciar-fim-de-sancoes\" rel=\"noopener\">Ag\u00eancia Brasil <\/a><\/p>\n","protected":false},"excerpt":{"rendered":"<p>O presidente dos Estados Unidos (EUA), Donald Trump, se encontrou com o presidente da S\u00edria, Ahmed al-Sharaa (al-Jolani), nesta quarta-feira (14) em Riad, na Ar\u00e1bia Saudita. Foi o primeiro encontro de um presidente americano com um chefe de Estado da S\u00edria em 25 anos, marcando uma reviravolta nas rela\u00e7\u00f5es entre os dois pa\u00edses. No dia [&hellip;]<\/p>\n","protected":false},"author":1,"featured_media":33094,"comment_status":"open","ping_status":"open","sticky":false,"template":"","format":"standard","meta":{"_jetpack_newsletter_access":"","_jetpack_dont_email_post_to_subs":false,"_jetpack_newsletter_tier_id":0,"_jetpack_memberships_contains_paywalled_content":false,"_mbp_banners":[],"_jetpack_feature_clip_id":0,"_jetpack_memberships_contains_paid_content":false,"footnotes":"","jetpack_publicize_message":"","jetpack_publicize_feature_enabled":true,"jetpack_social_post_already_shared":true,"jetpack_social_options":{"image_generator_settings":{"template":"highway","default_image_id":0,"font":"","enabled":false},"version":2},"jetpack_post_was_ever_published":false},"categories":[25],"tags":[],"class_list":["post-33093","post","type-post","status-publish","format-standard","has-post-thumbnail","category-internacional"],"jetpack_publicize_connections":[],"jetpack-related-posts":[],"jetpack_shortlink":"https:\/\/wp.me\/p7Eq1F-8BL","jetpack_sharing_enabled":true,"jetpack_featured_media_url":"https:\/\/i0.wp.com\/guialimeira.com.br\/news\/wp-content\/uploads\/2025\/05\/photo_5845866745657672734_y.jpg?fit=1600%2C800&ssl=1","_links":{"self":[{"href":"https:\/\/guialimeira.com.br\/news\/wp-json\/wp\/v2\/posts\/33093","targetHints":{"allow":["GET"]}}],"collection":[{"href":"https:\/\/guialimeira.com.br\/news\/wp-json\/wp\/v2\/posts"}],"about":[{"href":"https:\/\/guialimeira.com.br\/news\/wp-json\/wp\/v2\/types\/post"}],"author":[{"embeddable":true,"href":"https:\/\/guialimeira.com.br\/news\/wp-json\/wp\/v2\/users\/1"}],"replies":[{"embeddable":true,"href":"https:\/\/guialimeira.com.br\/news\/wp-json\/wp\/v2\/comments?post=33093"}],"version-history":[{"count":0,"href":"https:\/\/guialimeira.com.br\/news\/wp-json\/wp\/v2\/posts\/33093\/revisions"}],"wp:featuredmedia":[{"embeddable":true,"href":"https:\/\/guialimeira.com.br\/news\/wp-json\/wp\/v2\/media\/33094"}],"wp:attachment":[{"href":"https:\/\/guialimeira.com.br\/news\/wp-json\/wp\/v2\/media?parent=33093"}],"wp:term":[{"taxonomy":"category","embeddable":true,"href":"https:\/\/guialimeira.com.br\/news\/wp-json\/wp\/v2\/categories?post=33093"},{"taxonomy":"post_tag","embeddable":true,"href":"https:\/\/guialimeira.com.br\/news\/wp-json\/wp\/v2\/tags?post=33093"}],"curies":[{"name":"wp","href":"https:\/\/api.w.org\/{rel}","templated":true}]}}