{"id":33051,"date":"2025-05-14T01:30:41","date_gmt":"2025-05-14T04:30:41","guid":{"rendered":"https:\/\/guialimeira.com.br\/2025\/05\/14\/lula-diz-que-pedira-a-putin-que-sente-a-mesa-com-zelensky\/"},"modified":"2025-05-14T01:30:41","modified_gmt":"2025-05-14T04:30:41","slug":"lula-diz-que-pedira-a-putin-que-sente-a-mesa-com-zelensky","status":"publish","type":"post","link":"https:\/\/guialimeira.com.br\/news\/lula-diz-que-pedira-a-putin-que-sente-a-mesa-com-zelensky\/","title":{"rendered":"Lula diz que pedir\u00e1 a Putin que sente \u00e0 mesa com Zelensky"},"content":{"rendered":"<p> <br \/>\n<\/p>\n<div>\n<p>O <strong>presidente Luiz In\u00e1cio Lula da Silva afirmou na noite desta quarta-feira (13) que ligar\u00e1 para o l\u00edder da R\u00fassia, Vladimir Putin<\/strong>, para <strong>encoraj\u00e1-lo a sentar \u00e0 mesa de negocia\u00e7\u00f5es com o presidente da Ucr\u00e2nia, Volodymyr Zelensky,<\/strong> como forma de encontrarem uma solu\u00e7\u00e3o para o fim da guerra entre os dois pa\u00edses.<img data-recalc-dims=\"1\" decoding=\"async\" src=\"https:\/\/i0.wp.com\/agenciabrasil.ebc.com.br\/ebc.png?w=696&#038;ssl=1\" style=\"width:1px; height:1px; display:inline;\"\/><img data-recalc-dims=\"1\" decoding=\"async\" src=\"https:\/\/i0.wp.com\/agenciabrasil.ebc.com.br\/ebc.gif?w=696&#038;ssl=1\" style=\"width:1px; height:1px; display:inline;\"\/><\/p>\n<blockquote>\n<p>&#8220;Todos n\u00f3s sabemos os motivos da guerra, n\u00e3o precisamos entrar em detalhes dos motivos da guerra. Eu estou preocupado \u00e9 em encontrar o motivo da paz&#8221;, afirmou Lula durante entrevista \u00e0 imprensa, em Pequim, onde o <a href=\"https:\/\/agenciabrasil.ebc.com.br\/politica\/noticia\/2025-05\/brasil-e-china-fazem-declaracoes-conjuntas-sobre-temas-globais\" target=\"_blank\" rel=\"noopener\">presidente brasileiro cumpriu visita oficial nos \u00faltimos dias<\/a>.<\/p>\n<\/blockquote>\n<p>Lula esteve na semana passada em Moscou, <a href=\"https:\/\/agenciabrasil.ebc.com.br\/politica\/noticia\/2025-05\/com-putin-lula-reforca-posicao-em-atuar-por-fim-da-guerra-na-ucrania\" target=\"_blank\" rel=\"noopener\">onde j\u00e1 havia\u00a0tratado do assunto<\/a>.\u00a0<br \/>\u00a0<br \/>No \u00faltimo domingo (11), o <a href=\"https:\/\/agenciabrasil.ebc.com.br\/internacional\/noticia\/2025-05\/zelenskiy-se-diz-pronto-para-encontrar-putin-na-turquia-nesta-quinta\" target=\"_blank\" rel=\"noopener\">presidente ucraniano se disse pronto para encontrar Putin em Istambul<\/a>, na Turquia, pa\u00eds que tamb\u00e9m est\u00e1 mediando uma tentativa de acordo.<\/p>\n<p><strong>Apesar da oferta de conversa feita pelos russos<\/strong>, e <strong>endossada pelo presidente dos Estados Unidos, Donald Trump<\/strong>, at\u00e9 o momento <strong>n\u00e3o houve confirma\u00e7\u00e3o da participa\u00e7\u00e3o pessoal de Vladimir Putin no encontro<\/strong>,<strong> sugerido pelo pr\u00f3prio Zelensky<\/strong>.<\/p>\n<p>&#8220;O meu ministro Mauro Vieira [Rela\u00e7\u00f5es Exteriores] tinha recebido um telefonema do chanceler da Ucr\u00e2nia dizendo que o Zelensky gostaria que eu pedisse para o Putin, para saber se o Putin estava disposto a fazer um acordo de paz, uma tr\u00e9gua de 30 dias. Tive a oportunidade de jantar ao lado do Putin e foi a primeira coisa que perguntei. E o Putin disse textualmente que &#8216;eu topo discutir isso a partir do acordo que est\u00e1vamos fazendo em Istambul, em 2022&#8217;. Eu n\u00e3o conhe\u00e7o [os detalhes desse acordo]. Quando eu parar em Moscou [em escala de voo na volta ao Brasil], eu vou tentar falar com o Putin. N\u00e3o me custa nada falar: &#8216;olha, companheiro Putin, vai at\u00e9 Istambul negociar, p\u00f4'&#8221;, disse Lula ao responder a pergunta de um jornalista.<\/p>\n<p>O <strong>presidente foi incisivo na defesa de uma &#8220;movimenta\u00e7\u00e3o pol\u00edtica&#8221;\u00a0pela paz<\/strong>, que s\u00f3 ser\u00e1 alcan\u00e7ada por meio de negocia\u00e7\u00e3o verbal entre as partes.<\/p>\n<blockquote>\n<p>&#8220;Somente os dois [R\u00fassia e Ucr\u00e2nia] podem encontrar uma solu\u00e7\u00e3o. E \u00e9 com muito otimismo que ouvi a proposta do Putin, ouvi a aceita\u00e7\u00e3o da\u00a0propsta do Putin pelo Zelensky. E que o presidente Xi Jinping e eu colocamos o resultado disso numa nota, parabenizando tanto a proposta do Putin quanto a aceita\u00e7\u00e3o do Zelensky, na possibilidade que juntem em Istambul e, ao inv\u00e9s de trocar tiro, trocar palavra&#8221;.<\/p>\n<\/blockquote>\n<h2>Faixa de Gaza<\/h2>\n<p>Durante a entrevista, <strong>Lula voltou a comentar sobre a situa\u00e7\u00e3o dram\u00e1tica em Gaza<\/strong>, e <strong>pediu que o presidente dos Estados Unidos, Donald\u00a0Trump, tenha o mesmo empenho para acabar com o conflito na Palestina<\/strong> como est\u00e1 tendo para o fim da guerra na Ucr\u00e2nia.<\/p>\n<p>&#8220;Com toda a diverg\u00eancia que eu possa ter com Trump e ele comigo, acho que a decis\u00e3o dele sobre a guerra [na Ucr\u00e2nia] foi importante. Voc\u00ea tinha o nosso amigo [Joe] Biden [ex-presidente dos EUA] falando em guerra todo dia, em destruir a R\u00fassia todo dia. O Trump veio e falou que \u00e9 preciso paz, fazer parar essa guerra. E eu espero que ele possa terminar o genoc\u00eddio na Faixa de Gaza. Aquilo n\u00e3o \u00e9 uma guerra, \u00e9 um genoc\u00eddio&#8221;, defendeu Lula.<\/p>\n<blockquote>\n<p>&#8220;N\u00e3o \u00e9 uma guerra entre dois ex\u00e9rcitos [na Faixa de Gaza]. \u00c9 uma guerra entre um Ex\u00e9rcito altamente sofisticado contra mulheres e crian\u00e7as&#8221;, refor\u00e7ou.<\/p>\n<\/blockquote>\n<p>      <!-- Relacionada --><\/p>\n<p>            <!-- Relacionada -->\n    <\/div>\n<p><br \/>\n<br \/><a href=\"https:\/\/agenciabrasil.ebc.com.br\/internacional\/noticia\/2025-05\/lula-diz-que-pedira-putin-que-sente-mesa-com-zelensky\" rel=\"noopener\">Ag\u00eancia Brasil <\/a><\/p>\n","protected":false},"excerpt":{"rendered":"<p>O presidente Luiz In\u00e1cio Lula da Silva afirmou na noite desta quarta-feira (13) que ligar\u00e1 para o l\u00edder da R\u00fassia, Vladimir Putin, para encoraj\u00e1-lo a sentar \u00e0 mesa de negocia\u00e7\u00f5es com o presidente da Ucr\u00e2nia, Volodymyr Zelensky, como forma de encontrarem uma solu\u00e7\u00e3o para o fim da guerra entre os dois pa\u00edses. &#8220;Todos n\u00f3s sabemos [&hellip;]<\/p>\n","protected":false},"author":1,"featured_media":33052,"comment_status":"open","ping_status":"open","sticky":false,"template":"","format":"standard","meta":{"_jetpack_newsletter_access":"","_jetpack_dont_email_post_to_subs":false,"_jetpack_newsletter_tier_id":0,"_jetpack_memberships_contains_paywalled_content":false,"_mbp_banners":[],"_jetpack_feature_clip_id":0,"_jetpack_memberships_contains_paid_content":false,"footnotes":"","jetpack_publicize_message":"","jetpack_publicize_feature_enabled":true,"jetpack_social_post_already_shared":true,"jetpack_social_options":{"image_generator_settings":{"template":"highway","default_image_id":0,"font":"","enabled":false},"version":2},"jetpack_post_was_ever_published":false},"categories":[25],"tags":[],"class_list":["post-33051","post","type-post","status-publish","format-standard","has-post-thumbnail","category-internacional"],"jetpack_publicize_connections":[],"jetpack-related-posts":[],"jetpack_shortlink":"https:\/\/wp.me\/p7Eq1F-8B5","jetpack_sharing_enabled":true,"jetpack_featured_media_url":"https:\/\/i0.wp.com\/guialimeira.com.br\/news\/wp-content\/uploads\/2025\/05\/2025-03-18t180615z_1_lynxmpel2h103_rtroptp_4_russia-business-putin.jpg?fit=1600%2C800&ssl=1","_links":{"self":[{"href":"https:\/\/guialimeira.com.br\/news\/wp-json\/wp\/v2\/posts\/33051","targetHints":{"allow":["GET"]}}],"collection":[{"href":"https:\/\/guialimeira.com.br\/news\/wp-json\/wp\/v2\/posts"}],"about":[{"href":"https:\/\/guialimeira.com.br\/news\/wp-json\/wp\/v2\/types\/post"}],"author":[{"embeddable":true,"href":"https:\/\/guialimeira.com.br\/news\/wp-json\/wp\/v2\/users\/1"}],"replies":[{"embeddable":true,"href":"https:\/\/guialimeira.com.br\/news\/wp-json\/wp\/v2\/comments?post=33051"}],"version-history":[{"count":0,"href":"https:\/\/guialimeira.com.br\/news\/wp-json\/wp\/v2\/posts\/33051\/revisions"}],"wp:featuredmedia":[{"embeddable":true,"href":"https:\/\/guialimeira.com.br\/news\/wp-json\/wp\/v2\/media\/33052"}],"wp:attachment":[{"href":"https:\/\/guialimeira.com.br\/news\/wp-json\/wp\/v2\/media?parent=33051"}],"wp:term":[{"taxonomy":"category","embeddable":true,"href":"https:\/\/guialimeira.com.br\/news\/wp-json\/wp\/v2\/categories?post=33051"},{"taxonomy":"post_tag","embeddable":true,"href":"https:\/\/guialimeira.com.br\/news\/wp-json\/wp\/v2\/tags?post=33051"}],"curies":[{"name":"wp","href":"https:\/\/api.w.org\/{rel}","templated":true}]}}