{"id":33047,"date":"2025-05-14T00:40:48","date_gmt":"2025-05-14T03:40:48","guid":{"rendered":"https:\/\/guialimeira.com.br\/2025\/05\/14\/libertadores-fortaleza-nao-passa-do-0-a-0-com-o-bucaramanga\/"},"modified":"2025-05-14T00:40:48","modified_gmt":"2025-05-14T03:40:48","slug":"libertadores-fortaleza-nao-passa-do-0-a-0-com-o-bucaramanga","status":"publish","type":"post","link":"https:\/\/guialimeira.com.br\/news\/libertadores-fortaleza-nao-passa-do-0-a-0-com-o-bucaramanga\/","title":{"rendered":"Libertadores: Fortaleza n\u00e3o passa do 0 a 0 com o Bucaramanga"},"content":{"rendered":"<p> <br \/>\n<\/p>\n<div>\n<p>Tendo como objetivo alcan\u00e7ar a classifica\u00e7\u00e3o antecipada para as oitavas de final da Copa Libertadores, o Fortaleza recebeu o Atl\u00e9tico Bucaramanga (Col\u00f4mbia) na noite desta ter\u00e7a-feira (13) em um Castel\u00e3o lotado. Mas, apesar de manter a posse de bola pela maior parte do tempo e criar as melhores oportunidades de marcar, a equipe comandada pelo t\u00e9cnico argentino Juan Pablo Vojvoda n\u00e3o conseguiu tirar o placar do 0 a 0.<img data-recalc-dims=\"1\" decoding=\"async\" src=\"https:\/\/i0.wp.com\/agenciabrasil.ebc.com.br\/ebc.png?w=696&#038;ssl=1\" style=\"width:1px; height:1px; display:inline;\"\/><img data-recalc-dims=\"1\" decoding=\"async\" src=\"https:\/\/i0.wp.com\/agenciabrasil.ebc.com.br\/ebc.gif?w=696&#038;ssl=1\" style=\"width:1px; height:1px; display:inline;\"\/><\/p>\n<blockquote class=\"twitter-tweet\">\n<p dir=\"ltr\" lang=\"pt\" xml:lang=\"pt\">\u23f1\ufe0f Fim de jogo! Tudo igual entre <a href=\"https:\/\/twitter.com\/FortalezaEC?ref_src=twsrc%5Etfw\" rel=\"noopener\">@FortalezaEC<\/a> e <a href=\"https:\/\/twitter.com\/ABucaramanga?ref_src=twsrc%5Etfw\" rel=\"noopener\">@ABucaramanga<\/a> pelo Grupo E. <a href=\"https:\/\/twitter.com\/hashtag\/Libertadores?src=hash&amp;ref_src=twsrc%5Etfw\" rel=\"noopener\">#Libertadores<\/a> <a href=\"https:\/\/twitter.com\/hashtag\/GloriaEterna?src=hash&amp;ref_src=twsrc%5Etfw\" rel=\"noopener\">#GloriaEterna<\/a> <a href=\"https:\/\/t.co\/lBy1OxE8Ji\">pic.twitter.com\/lBy1OxE8Ji<\/a><\/p>\n<p>\u2014 CONMEBOL Libertadores (@LibertadoresBR) <a href=\"https:\/\/twitter.com\/LibertadoresBR\/status\/1922477747282031082?ref_src=twsrc%5Etfw\" rel=\"noopener\">May 14, 2025<\/a><\/p><\/blockquote>\n<p>Apesar do resultado frustrante o Le\u00e3o do Pici lidera o Grupo E da competi\u00e7\u00e3o com oito pontos. Por\u00e9m, pode perder a ponta da classifica\u00e7\u00e3o caso o Racing (Argentina), vice-l\u00edder da chave com sete pontos, derrote o Colo-Colo (Chile) na pr\u00f3xima quarta-feira (14) no est\u00e1dio El Cilindro, em Avellaneda.<\/p>\n<p>De qualquer forma o Fortaleza ter\u00e1 que confirmar a presen\u00e7a no mata-mata da Libertadores na \u00faltima rodada da fase de grupos da competi\u00e7\u00e3o, oportunidade na qual medir\u00e1 com o Racing fora de casa. A partida ser\u00e1 disputada no dia 29 de maio.<\/p>\n<p>      <!-- Relacionada --><\/p>\n<p>            <!-- Relacionada -->\n    <\/div>\n<p><script async src=\"\/\/platform.twitter.com\/widgets.js\" charset=\"utf-8\"><\/script><br \/>\n<br \/><br \/>\n<br \/><a href=\"https:\/\/agenciabrasil.ebc.com.br\/esportes\/noticia\/2025-05\/libertadores-fortaleza-nao-passa-do-0-0-com-o-bucaramanga\" rel=\"noopener\">Ag\u00eancia Brasil<\/a><\/p>\n","protected":false},"excerpt":{"rendered":"<p>Tendo como objetivo alcan\u00e7ar a classifica\u00e7\u00e3o antecipada para as oitavas de final da Copa Libertadores, o Fortaleza recebeu o Atl\u00e9tico Bucaramanga (Col\u00f4mbia) na noite desta ter\u00e7a-feira (13) em um Castel\u00e3o lotado. Mas, apesar de manter a posse de bola pela maior parte do tempo e criar as melhores oportunidades de marcar, a equipe comandada pelo [&hellip;]<\/p>\n","protected":false},"author":1,"featured_media":33048,"comment_status":"open","ping_status":"open","sticky":false,"template":"","format":"standard","meta":{"_jetpack_newsletter_access":"","_jetpack_dont_email_post_to_subs":false,"_jetpack_newsletter_tier_id":0,"_jetpack_memberships_contains_paywalled_content":false,"_mbp_banners":[],"_jetpack_feature_clip_id":0,"_jetpack_memberships_contains_paid_content":false,"footnotes":"","jetpack_publicize_message":"","jetpack_publicize_feature_enabled":true,"jetpack_social_post_already_shared":true,"jetpack_social_options":{"image_generator_settings":{"template":"highway","default_image_id":0,"font":"","enabled":false},"version":2},"jetpack_post_was_ever_published":false},"categories":[23],"tags":[],"class_list":["post-33047","post","type-post","status-publish","format-standard","has-post-thumbnail","category-esportes"],"jetpack_publicize_connections":[],"jetpack-related-posts":[],"jetpack_shortlink":"https:\/\/wp.me\/p7Eq1F-8B1","jetpack_sharing_enabled":true,"jetpack_featured_media_url":"https:\/\/i0.wp.com\/guialimeira.com.br\/news\/wp-content\/uploads\/2025\/05\/dscf4397.jpg?fit=1600%2C800&ssl=1","_links":{"self":[{"href":"https:\/\/guialimeira.com.br\/news\/wp-json\/wp\/v2\/posts\/33047","targetHints":{"allow":["GET"]}}],"collection":[{"href":"https:\/\/guialimeira.com.br\/news\/wp-json\/wp\/v2\/posts"}],"about":[{"href":"https:\/\/guialimeira.com.br\/news\/wp-json\/wp\/v2\/types\/post"}],"author":[{"embeddable":true,"href":"https:\/\/guialimeira.com.br\/news\/wp-json\/wp\/v2\/users\/1"}],"replies":[{"embeddable":true,"href":"https:\/\/guialimeira.com.br\/news\/wp-json\/wp\/v2\/comments?post=33047"}],"version-history":[{"count":0,"href":"https:\/\/guialimeira.com.br\/news\/wp-json\/wp\/v2\/posts\/33047\/revisions"}],"wp:featuredmedia":[{"embeddable":true,"href":"https:\/\/guialimeira.com.br\/news\/wp-json\/wp\/v2\/media\/33048"}],"wp:attachment":[{"href":"https:\/\/guialimeira.com.br\/news\/wp-json\/wp\/v2\/media?parent=33047"}],"wp:term":[{"taxonomy":"category","embeddable":true,"href":"https:\/\/guialimeira.com.br\/news\/wp-json\/wp\/v2\/categories?post=33047"},{"taxonomy":"post_tag","embeddable":true,"href":"https:\/\/guialimeira.com.br\/news\/wp-json\/wp\/v2\/tags?post=33047"}],"curies":[{"name":"wp","href":"https:\/\/api.w.org\/{rel}","templated":true}]}}