{"id":33034,"date":"2025-05-13T22:27:39","date_gmt":"2025-05-14T01:27:39","guid":{"rendered":"https:\/\/guialimeira.com.br\/2025\/05\/13\/lula-mujica-mostrou-que-luta-politica-e-docura-podem-andar-juntas\/"},"modified":"2025-05-13T22:27:39","modified_gmt":"2025-05-14T01:27:39","slug":"lula-mujica-mostrou-que-luta-politica-e-docura-podem-andar-juntas","status":"publish","type":"post","link":"https:\/\/guialimeira.com.br\/news\/lula-mujica-mostrou-que-luta-politica-e-docura-podem-andar-juntas\/","title":{"rendered":"Lula: Mujica mostrou &#8220;que luta pol\u00edtica e do\u00e7ura podem andar juntas&#8221;"},"content":{"rendered":"<p> <br \/>\n<\/p>\n<div>\n<p>Ainda em viagem \u00e0 China, com fuso hor\u00e1rio 11 horas \u00e0 frente do Brasil, o<strong> presidente Luiz In\u00e1cio Lula da Silva publicou nota oficial<\/strong>, na noite desta ter\u00e7a-feira (13), manh\u00e3 de quarta-feira (14) em Pequim, <strong>em que afirma ter recebido com tristeza a<\/strong> <a href=\"https:\/\/agenciabrasil.ebc.com.br\/internacional\/noticia\/2025-05\/ex-presidente-do-uruguai-pepe-mujica-morre-aos-89-anos\" target=\"_blank\" rel=\"noopener\">not\u00edcia do falecimento de Jos\u00e9 Pepe Mujica, aos 89 anos<\/a>.<img data-recalc-dims=\"1\" decoding=\"async\" src=\"https:\/\/i0.wp.com\/agenciabrasil.ebc.com.br\/ebc.png?w=696&#038;ssl=1\" style=\"width:1px; height:1px; display:inline;\"\/><img data-recalc-dims=\"1\" decoding=\"async\" src=\"https:\/\/i0.wp.com\/agenciabrasil.ebc.com.br\/ebc.gif?w=696&#038;ssl=1\" style=\"width:1px; height:1px; display:inline;\"\/><\/p>\n<p>Lula exaltou a trajet\u00f3ria do velho amigo.<\/p>\n<blockquote>\n<p>&#8220;Amanheci em Pequim com a triste not\u00edcia de que Pepe Mujica partiu hoje, nos deixando cheios de tristeza, mas tamb\u00e9m de muitos aprendizados. Sua vida foi um exemplo de que a luta pol\u00edtica e a do\u00e7ura podem andar juntas. E de que a coragem e a for\u00e7a podem vir acompanhadas da humildade e do desapego&#8221;, escreveu Lula.<\/p>\n<\/blockquote>\n<p>&#8220;Em seus quase 90 anos de vida, Mujica combateu fervorosamente a ditadura que um dia existiu em seu pa\u00eds. Defendeu, como poucos, a democracia. E nunca deixou de militar pela justi\u00e7a social e o fim de todas as desigualdades&#8221;, prosseguiu o presidente.\u00a0<\/p>\n<p><strong>Mujica se tornou um dos grandes \u00edcones da esquerda na Am\u00e9rica Latina<\/strong>, ao longo deste s\u00e9culo, ganhando admira\u00e7\u00e3o para al\u00e9m do seu pa\u00eds de origem, o Uruguai, refor\u00e7ou o presidente\u00a0Lula.<\/p>\n<p>&#8220;Sua grandeza humana ultrapassou as fronteiras do Uruguai e de seu mandato presidencial. A sabedoria de suas palavras formou um verdadeiro canto de unidade e fraternidade para a Am\u00e9rica Latina. E sua forma de compreender e explicar os desafios do mundo atual continuar\u00e1 guiando os movimentos sociais e pol\u00edticos que buscam construir uma sociedade mais igualit\u00e1ria&#8221;, completou o presidente.\u00a0<\/p>\n<p>O<strong> \u00faltimo encontro entre os dois ocorreu na ch\u00e1cara de Mujica<\/strong>, nos arredores da capital uruguaia, <strong>no fim do ano passado.<\/strong> Na ocasi\u00e3o, <strong>Lula<\/strong> <a href=\"https:\/\/agenciabrasil.ebc.com.br\/politica\/noticia\/2024-12\/lula-condecora-mujica-que-considera-pessoa-mais-extraordinaria\" target=\"_blank\" rel=\"noopener\">condecorou Mujica com a Ordem do Cruzeiro do Sul<\/a>, a <strong>maior honraria concedida pelo Estado brasileiro a cidad\u00e3os estrangeiros<\/strong>.<\/p>\n<p><strong>Lula deve iniciar o retorno ao Brasil nas pr\u00f3ximas horas<\/strong>, em uma viagem que levar\u00e1 mais de 24 horas.<\/p>\n<p>O <strong>Pal\u00e1cio do Planalto ainda n\u00e3o informou se o presidente comparecer\u00e1 ao vel\u00f3rio de Mujica em Montevid\u00e9u<\/strong>, que deve ter in\u00edcio na manh\u00e3 desta quarta-feira, segundo informam jornais uruguaios.<\/p>\n<h2>Luto oficial\u00a0<\/h2>\n<p>O presidente em exerc\u00edcio, Geraldo Alckmin, <strong>decretou luto oficial de tr\u00eas dias pela morte de Pepe Mujica<\/strong>, ex-presidente do Uruguai.\u00a0<\/p>\n<p>      <!-- Relacionada --><\/p>\n<p>            <!-- Relacionada -->\n    <\/div>\n<p><br \/>\n<br \/><a href=\"https:\/\/agenciabrasil.ebc.com.br\/internacional\/noticia\/2025-05\/lula-mujica-mostrou-que-luta-politica-e-docura-podem-andar-juntas\" rel=\"noopener\">Ag\u00eancia Brasil <\/a><\/p>\n","protected":false},"excerpt":{"rendered":"<p>Ainda em viagem \u00e0 China, com fuso hor\u00e1rio 11 horas \u00e0 frente do Brasil, o presidente Luiz In\u00e1cio Lula da Silva publicou nota oficial, na noite desta ter\u00e7a-feira (13), manh\u00e3 de quarta-feira (14) em Pequim, em que afirma ter recebido com tristeza a not\u00edcia do falecimento de Jos\u00e9 Pepe Mujica, aos 89 anos. Lula exaltou [&hellip;]<\/p>\n","protected":false},"author":1,"featured_media":33035,"comment_status":"open","ping_status":"open","sticky":false,"template":"","format":"standard","meta":{"_jetpack_newsletter_access":"","_jetpack_dont_email_post_to_subs":false,"_jetpack_newsletter_tier_id":0,"_jetpack_memberships_contains_paywalled_content":false,"_mbp_banners":[],"_jetpack_feature_clip_id":0,"_jetpack_memberships_contains_paid_content":false,"footnotes":"","jetpack_publicize_message":"","jetpack_publicize_feature_enabled":true,"jetpack_social_post_already_shared":true,"jetpack_social_options":{"image_generator_settings":{"template":"highway","default_image_id":0,"font":"","enabled":false},"version":2},"jetpack_post_was_ever_published":false},"categories":[25],"tags":[],"class_list":["post-33034","post","type-post","status-publish","format-standard","has-post-thumbnail","category-internacional"],"jetpack_publicize_connections":[],"jetpack-related-posts":[],"jetpack_shortlink":"https:\/\/wp.me\/p7Eq1F-8AO","jetpack_sharing_enabled":true,"jetpack_featured_media_url":"https:\/\/i0.wp.com\/guialimeira.com.br\/news\/wp-content\/uploads\/2025\/05\/54186136065_41b0664054_o.jpg?fit=1600%2C800&ssl=1","_links":{"self":[{"href":"https:\/\/guialimeira.com.br\/news\/wp-json\/wp\/v2\/posts\/33034","targetHints":{"allow":["GET"]}}],"collection":[{"href":"https:\/\/guialimeira.com.br\/news\/wp-json\/wp\/v2\/posts"}],"about":[{"href":"https:\/\/guialimeira.com.br\/news\/wp-json\/wp\/v2\/types\/post"}],"author":[{"embeddable":true,"href":"https:\/\/guialimeira.com.br\/news\/wp-json\/wp\/v2\/users\/1"}],"replies":[{"embeddable":true,"href":"https:\/\/guialimeira.com.br\/news\/wp-json\/wp\/v2\/comments?post=33034"}],"version-history":[{"count":0,"href":"https:\/\/guialimeira.com.br\/news\/wp-json\/wp\/v2\/posts\/33034\/revisions"}],"wp:featuredmedia":[{"embeddable":true,"href":"https:\/\/guialimeira.com.br\/news\/wp-json\/wp\/v2\/media\/33035"}],"wp:attachment":[{"href":"https:\/\/guialimeira.com.br\/news\/wp-json\/wp\/v2\/media?parent=33034"}],"wp:term":[{"taxonomy":"category","embeddable":true,"href":"https:\/\/guialimeira.com.br\/news\/wp-json\/wp\/v2\/categories?post=33034"},{"taxonomy":"post_tag","embeddable":true,"href":"https:\/\/guialimeira.com.br\/news\/wp-json\/wp\/v2\/tags?post=33034"}],"curies":[{"name":"wp","href":"https:\/\/api.w.org\/{rel}","templated":true}]}}