{"id":33023,"date":"2025-05-13T20:25:47","date_gmt":"2025-05-13T23:25:47","guid":{"rendered":"https:\/\/guialimeira.com.br\/2025\/05\/13\/lideres-destacam-papel-de-mujica-na-integracao-latino-americana\/"},"modified":"2025-05-13T20:25:47","modified_gmt":"2025-05-13T23:25:47","slug":"lideres-destacam-papel-de-mujica-na-integracao-latino-americana","status":"publish","type":"post","link":"https:\/\/guialimeira.com.br\/news\/lideres-destacam-papel-de-mujica-na-integracao-latino-americana\/","title":{"rendered":"L\u00edderes destacam papel de Mujica na integra\u00e7\u00e3o latino-americana"},"content":{"rendered":"<p> <br \/>\n<\/p>\n<div>\n<p><strong>A morte de Jos\u00e9 &#8220;Pepe&#8221; Mujica, aos 89 anos, um dos grandes \u00edcones da esquerda latino-americana deste s\u00e9culo, <a href=\"http:\/\/[https:\/\/agenciabrasil.ebc.com.br\/internacional\/noticia\/2025-05\/ex-presidente-do-uruguai-pepe-mujica-morre-aos-89-anos\" target=\"_blank\">repercute entre lideran\u00e7as pol\u00edticas e movimentos sociais<\/a> nesta ter\u00e7a-feira (13). Do lado brasileiro, o Pal\u00e1cio do Itamaraty emitiu nota de pesar, logo ap\u00f3s o an\u00fancio da morte do ex-presidente do Uruguai, chamando Mujica de uma dos grandes humanistas contempor\u00e2neos.<\/strong><img data-recalc-dims=\"1\" decoding=\"async\" src=\"https:\/\/i0.wp.com\/agenciabrasil.ebc.com.br\/ebc.png?w=696&#038;ssl=1\" style=\"width:1px; height:1px; display:inline;\"\/><img data-recalc-dims=\"1\" decoding=\"async\" src=\"https:\/\/i0.wp.com\/agenciabrasil.ebc.com.br\/ebc.gif?w=696&#038;ssl=1\" style=\"width:1px; height:1px; display:inline;\"\/><\/p>\n<blockquote>\n<p>&#8220;Grande amigo do Brasil, o ex-presidente Mujica foi um entusiasta do Mercosul, da Unasul e da Celac, um dos principais art\u00edfices da integra\u00e7\u00e3o da Am\u00e9rica do Sul e da Am\u00e9rica Latina e, sobretudo, um dos mais importantes humanistas de nossa \u00e9poca. Seu compromisso com a constru\u00e7\u00e3o de uma ordem internacional mais justa, democr\u00e1tica e solid\u00e1ria constitui exemplo para todos e todas&#8221;, disse a pasta, em nota. Ainda em viagem \u00e0 China, com fuso hor\u00e1rio 11 horas \u00e0 frente do Brasil, o presidente Luiz In\u00e1cio Lula da Silva n\u00e3o havia postado sua homenagem ao amigo de longa data, a quem visitou pessoalmente, em sua ch\u00e1cara dos arredores de Montevid\u00e9u, em dezembro do ano passado.<\/p>\n<\/blockquote>\n<p><strong>O presidente do Chile, Gabriel Boric, que visitou Mujica h\u00e1 cerca de tr\u00eas meses, dirigiu-se diretamente ao l\u00edder uruguaio em uma carta de despedida, postada em suas redes sociais.<\/strong><\/p>\n<blockquote>\n<p>&#8220;Caro Pepe, imagino que voc\u00ea v\u00e1 embora preocupado com a salada amarga que existe no mundo hoje. Mas, se voc\u00ea nos deixou alguma coisa, foi a esperan\u00e7a insaci\u00e1vel de que \u00e9 poss\u00edvel fazer as coisas melhor \u2014 &#8216;passo a passo para n\u00e3o sair dos trilhos&#8217;, como voc\u00ea nos disse \u2014 e a convic\u00e7\u00e3o inabal\u00e1vel de que, enquanto nossos cora\u00e7\u00f5es baterem e houver injusti\u00e7a no mundo, vale a pena continuar lutando&#8221;.<\/p>\n<\/blockquote>\n<p>\u00a0Mujica foi descrito como &#8220;grande revolucion\u00e1rio&#8221; pelo presidente da Col\u00f4mbia, Gustavo Petro, que defendeu a total integra\u00e7\u00e3o latino-americana, uma pauta que tamb\u00e9m era cara ao uruguaio.\u00a0<\/p>\n<p><strong>&#8220;Adeus amigo. Espero que um dia a Am\u00e9rica Latina tenha um hino, espero que um dia a Am\u00e9rica do Sul se chame: Amaz\u00f4nia. Hoje acredito firmemente que o projeto de integra\u00e7\u00e3o latino-americana passa pela constru\u00e7\u00e3o, como a Uni\u00e3o Europeia, de uma Uni\u00e3o Grancolombiana, que no cora\u00e7\u00e3o da Am\u00e9rica Latina e do Caribe d\u00ea o passo decisivo para a integra\u00e7\u00e3o&#8221;.<\/strong><\/p>\n<blockquote>\n<p>&#8220;Com o cora\u00e7\u00e3o profundamente triste, nos despedimos do nosso irm\u00e3o e camarada Jos\u00e9 &#8216;Pepe&#8217; Mujica, um verdadeiro farol de esperan\u00e7a, humildade e luta pela justi\u00e7a social. Sua vida foi um testemunho de rebeli\u00e3o e amor ao seu povo. Seu legado viver\u00e1 em nossos cora\u00e7\u00f5es, na hist\u00f3ria do Uruguai e da P\u00e1tria Maior, sempre nos lembrando da import\u00e2ncia de n\u00e3o desistir de nossa miss\u00e3o por um mundo mais justo e unido. \u00c0 fam\u00edlia e entes queridos de Luc\u00eda, enviamos nossas mais profundas e sentidas condol\u00eancias neste momento dif\u00edcil&#8221;, postou o presidente da Bol\u00edvia, Lu\u00eds Arce.<\/p>\n<\/blockquote>\n<p>A presidente do M\u00e9xico, Claudia Sheinbaum, tamb\u00e9m usou as redes sociais para se pronunciar sobre a partida de Mujica. &#8220;Lamentamos profundamente a morte do nosso querido Pepe Mujica, um exemplo para a Am\u00e9rica Latina e o mundo inteiro por sua sabedoria, considera\u00e7\u00e3o e simplicidade. Expressamos nossa tristeza e condol\u00eancias \u00e0 fam\u00edlia, amigos e ao povo do Uruguai&#8221;, postou.<\/p>\n<h2>Movimentos sociais<\/h2>\n<p>A Frente Ampla, organiza\u00e7\u00e3o pol\u00edtica que re\u00fane a maioria das for\u00e7as de esquerda no Uruguai, expressou seu reconhecimento \u00e0 trajet\u00f3ria de Mujica.\u00a0<\/p>\n<blockquote>\n<p>&#8220;Pepe n\u00e3o foi apenas um l\u00edder. Foi uma forma de entender o mundo. Ficam sua voz, seu exemplo, sua obstinada esperan\u00e7a At\u00e9 sempre, companheiro&#8221;, escreveu a entidade em conta oficial nas redes sociais.<\/p>\n<\/blockquote>\n<p>Reconhecido por organiza\u00e7\u00f5es da sociedade civil, a morte de Pepe foi sentida por movimentos populares. \u00a0<\/p>\n<p><strong>&#8220;Mujica, que enfrentou a repress\u00e3o como guerrilheiro do grupo Tupamaros e passou mais de uma d\u00e9cada preso durante a ditadura uruguaia, transformou sua trajet\u00f3ria em exemplo de resist\u00eancia e dignidade. Entre 2010 e 2015, presidiu o Uruguai e protagonizou avan\u00e7os sociais marcantes, posicionando o Uruguai como refer\u00eancia em direitos civis na Am\u00e9rica Latina&#8221;, lembrou o\u00a0Movimento dos Trabalhadores Rurais Sem Terra (MST).<\/strong><\/p>\n<blockquote>\n<p>&#8220;Mais do que um l\u00edder pol\u00edtico, Pepe foi uma voz sensata em tempos de excessos, lembrando a todos que a verdadeira grandeza est\u00e1 na simplicidade, no respeito e na solidariedade. Figura admirada por lideran\u00e7as e movimentos progressistas de todo o mundo, Mujica foi um dos mais importantes representantes da esquerda mundial nas \u00faltimas d\u00e9cadas&#8221;, escreveu o MST.<\/p>\n<\/blockquote>\n<p>      <!-- Relacionada --><\/p>\n<p>            <!-- Relacionada -->\n    <\/div>\n<p><br \/>\n<br \/><a href=\"https:\/\/agenciabrasil.ebc.com.br\/internacional\/noticia\/2025-05\/lideres-destacam-papel-de-mujica-na-integracao-latino-americana\" rel=\"noopener\">Ag\u00eancia Brasil <\/a><\/p>\n","protected":false},"excerpt":{"rendered":"<p>A morte de Jos\u00e9 &#8220;Pepe&#8221; Mujica, aos 89 anos, um dos grandes \u00edcones da esquerda latino-americana deste s\u00e9culo, repercute entre lideran\u00e7as pol\u00edticas e movimentos sociais nesta ter\u00e7a-feira (13). Do lado brasileiro, o Pal\u00e1cio do Itamaraty emitiu nota de pesar, logo ap\u00f3s o an\u00fancio da morte do ex-presidente do Uruguai, chamando Mujica de uma dos grandes [&hellip;]<\/p>\n","protected":false},"author":1,"featured_media":33024,"comment_status":"open","ping_status":"open","sticky":false,"template":"","format":"standard","meta":{"_jetpack_newsletter_access":"","_jetpack_dont_email_post_to_subs":false,"_jetpack_newsletter_tier_id":0,"_jetpack_memberships_contains_paywalled_content":false,"_mbp_banners":[],"_jetpack_feature_clip_id":0,"_jetpack_memberships_contains_paid_content":false,"footnotes":"","jetpack_publicize_message":"","jetpack_publicize_feature_enabled":true,"jetpack_social_post_already_shared":true,"jetpack_social_options":{"image_generator_settings":{"template":"highway","default_image_id":0,"font":"","enabled":false},"version":2},"jetpack_post_was_ever_published":false},"categories":[25],"tags":[],"class_list":["post-33023","post","type-post","status-publish","format-standard","has-post-thumbnail","category-internacional"],"jetpack_publicize_connections":[],"jetpack-related-posts":[],"jetpack_shortlink":"https:\/\/wp.me\/p7Eq1F-8AD","jetpack_sharing_enabled":true,"jetpack_featured_media_url":"https:\/\/i0.wp.com\/guialimeira.com.br\/news\/wp-content\/uploads\/2025\/05\/52719698172_9222975b21_4k_2.jpg?fit=1600%2C800&ssl=1","_links":{"self":[{"href":"https:\/\/guialimeira.com.br\/news\/wp-json\/wp\/v2\/posts\/33023","targetHints":{"allow":["GET"]}}],"collection":[{"href":"https:\/\/guialimeira.com.br\/news\/wp-json\/wp\/v2\/posts"}],"about":[{"href":"https:\/\/guialimeira.com.br\/news\/wp-json\/wp\/v2\/types\/post"}],"author":[{"embeddable":true,"href":"https:\/\/guialimeira.com.br\/news\/wp-json\/wp\/v2\/users\/1"}],"replies":[{"embeddable":true,"href":"https:\/\/guialimeira.com.br\/news\/wp-json\/wp\/v2\/comments?post=33023"}],"version-history":[{"count":0,"href":"https:\/\/guialimeira.com.br\/news\/wp-json\/wp\/v2\/posts\/33023\/revisions"}],"wp:featuredmedia":[{"embeddable":true,"href":"https:\/\/guialimeira.com.br\/news\/wp-json\/wp\/v2\/media\/33024"}],"wp:attachment":[{"href":"https:\/\/guialimeira.com.br\/news\/wp-json\/wp\/v2\/media?parent=33023"}],"wp:term":[{"taxonomy":"category","embeddable":true,"href":"https:\/\/guialimeira.com.br\/news\/wp-json\/wp\/v2\/categories?post=33023"},{"taxonomy":"post_tag","embeddable":true,"href":"https:\/\/guialimeira.com.br\/news\/wp-json\/wp\/v2\/tags?post=33023"}],"curies":[{"name":"wp","href":"https:\/\/api.w.org\/{rel}","templated":true}]}}