{"id":3300,"date":"2024-05-01T00:04:56","date_gmt":"2024-05-01T03:04:56","guid":{"rendered":"https:\/\/guialimeira.com.br\/2024\/05\/01\/desde-2021-mais-de-21-600-vagas-de-emprego-formais-foram-criadas-em-piracicaba-portal-do-municipio-de-piracicaba\/"},"modified":"2024-05-01T00:04:56","modified_gmt":"2024-05-01T03:04:56","slug":"desde-2021-mais-de-21-600-vagas-de-emprego-formais-foram-criadas-em-piracicaba-portal-do-municipio-de-piracicaba","status":"publish","type":"post","link":"https:\/\/guialimeira.com.br\/news\/desde-2021-mais-de-21-600-vagas-de-emprego-formais-foram-criadas-em-piracicaba-portal-do-municipio-de-piracicaba\/","title":{"rendered":"desde 2021, mais de 21.600 vagas de emprego formais foram criadas em Piracicaba \u2013 Portal do Munic\u00edpio de Piracicaba"},"content":{"rendered":"<p> <br \/>\n<\/p>\n<div>\n<p>Piracicaba gerou 21.640 postos de trabalho formais desde 2021, segundo dados atualizados hoje, ter\u00e7a-feira, 30\/04, pelo Caged (Cadastro Geral de Empregados e Desempregados) do Minist\u00e9rio do Trabalho. Dos grandes setores analisados pelo governo, o de servi\u00e7os lidera a gera\u00e7\u00e3o de vagas de emprego na cidade desde 2021, com saldo de 8.609.<\/p>\n<p>No acumulado geral desde 2021, Piracicaba registrou n\u00fameros positivos em todos os anos: saldo de 7.523 em 2021; 6.612 em 2022 e 4.920 em 2023. O setor de Servi\u00e7os, que lidera a cria\u00e7\u00e3o de vagas no per\u00edodo, \u00e9 seguido pela Ind\u00fastria, com saldo de 6.714 novos postos de trabalho, Com\u00e9rcio na sequ\u00eancia, com 3.931 vagas, Constru\u00e7\u00e3o, com 1.607, e Agropecu\u00e1ria, com saldo positivo de 779.<\/p>\n<p>\u201cCom estes n\u00fameros h\u00e1 muito o que se comemorar no Dia do Trabalho. Desde que assumimos a Administra\u00e7\u00e3o, no in\u00edcio de 2021, temos trabalhado para criar vagas de emprego porque acreditamos que essa \u00e9 a melhor forma de o cidad\u00e3o e a cidad\u00e3 terem autonomia e liberdade para realizar seus sonhos. Piracicaba tem muitas vantagens, como estar pr\u00f3xima a grandes rodovias, portos e aeroportos, tem um Parque Tecnol\u00f3gico consolidado, universidades, entre outras, e isso tem atra\u00eddo cada vez mais empresas e profissionais ao munic\u00edpio. Tamb\u00e9m temos concedido benef\u00edcios fiscais para os empreendedores se instalarem aqui e, o mais importante, temos trabalhado s\u00e9rio para manter o equil\u00edbrio das contas p\u00fablicas, que garante a sa\u00fade financeira do munic\u00edpio e o torna atrativo para novos investidores\u201d, observa\u00a0o prefeito Luciano Almeida.<\/p>\n<figure class=\"wp-block-image size-large\"><img data-recalc-dims=\"1\" fetchpriority=\"high\" decoding=\"async\" width=\"696\" height=\"522\" src=\"https:\/\/i0.wp.com\/piracicaba.sp.gov.br\/wp-content\/uploads\/2024\/04\/Viviane-e-o-filho-Bruno-trabalham-na-Drogal-apos-se-candidatarem-pela-Feira-de-Empregabilidade-de-PCD-1024x768.jpg?resize=696%2C522&#038;ssl=1\" alt=\"\" class=\"wp-image-78198\" srcset=\"https:\/\/piracicaba.sp.gov.br\/wp-content\/uploads\/2024\/04\/Viviane-e-o-filho-Bruno-trabalham-na-Drogal-apos-se-candidatarem-pela-Feira-de-Empregabilidade-de-PCD-1024x768.jpg 1024w, https:\/\/piracicaba.sp.gov.br\/wp-content\/uploads\/2024\/04\/Viviane-e-o-filho-Bruno-trabalham-na-Drogal-apos-se-candidatarem-pela-Feira-de-Empregabilidade-de-PCD-300x225.jpg 300w, https:\/\/piracicaba.sp.gov.br\/wp-content\/uploads\/2024\/04\/Viviane-e-o-filho-Bruno-trabalham-na-Drogal-apos-se-candidatarem-pela-Feira-de-Empregabilidade-de-PCD-768x576.jpg 768w, https:\/\/piracicaba.sp.gov.br\/wp-content\/uploads\/2024\/04\/Viviane-e-o-filho-Bruno-trabalham-na-Drogal-apos-se-candidatarem-pela-Feira-de-Empregabilidade-de-PCD-1536x1152.jpg 1536w, https:\/\/piracicaba.sp.gov.br\/wp-content\/uploads\/2024\/04\/Viviane-e-o-filho-Bruno-trabalham-na-Drogal-apos-se-candidatarem-pela-Feira-de-Empregabilidade-de-PCD.jpg 2000w\" sizes=\"(max-width: 1024px) 100vw, 1024px\"\/><figcaption class=\"wp-element-caption\"><strong><em><sub>Viviane e o filho Bruno trabalham na Drogal ap\u00f3s se candidatarem pela Feira de Empregabilidade de PCD<\/sub><\/em><\/strong><\/figcaption><\/figure>\n<p>Os dados divulgados hoje pelo Caged, referentes ao m\u00eas de mar\u00e7o de 2024, apontam que Piracicaba teve saldo positivo de 251 postos de trabalho, com o setor da agropecu\u00e1ria registrando o maior saldo, com 150 vagas, seguido de servi\u00e7os, com saldo de 62 postos de trabalho, e o com\u00e9rcio, com saldo de 60. De janeiro a mar\u00e7o de 2024, o acumulado foi de 2.585 vagas de emprego formais criadas.<\/p>\n<p><strong>INCENTIVOS<\/strong>\u00a0\u2013 Desde o in\u00edcio da atual gest\u00e3o, foram realizadas diversas a\u00e7\u00f5es com o objetivo de incentivar a gera\u00e7\u00e3o de oportunidades em Piracicaba, com incentivos fiscais para a instala\u00e7\u00e3o de empresas na cidade, investimentos em qualifica\u00e7\u00e3o de m\u00e3o de obra oferecendo cursos gratuitos com institui\u00e7\u00f5es de ensino da cidade, al\u00e9m das feiras de emprego com ofertas de vagas de trabalho.<\/p>\n<p>Por meio da Secretaria de Desenvolvimento Econ\u00f4mico, Trabalho e Turismo (Semdettur), foram realizadas seis a\u00e7\u00f5es desde 2021 com oportunidades de trabalho, entre elas as Feiras de Empregabilidade, e as A\u00e7\u00f5es em Prol da Empregabilidade da Mulher e para Pessoas Com Defici\u00eancia (PCD). Ao todo, 125 empresas participaram das a\u00e7\u00f5es, oferecendo 5.170 vagas de emprego. Mais de 9.500 pessoas participaram das feiras em busca de oportunidades.<\/p>\n<figure class=\"wp-block-image size-large\"><img data-recalc-dims=\"1\" loading=\"lazy\" decoding=\"async\" width=\"696\" height=\"464\" src=\"https:\/\/i0.wp.com\/piracicaba.sp.gov.br\/wp-content\/uploads\/2024\/04\/Joao-Pedro-conseguiu-o-primeiro-emprego-na-Friuna-durante-a-Feira-de-Empregabilidade-1024x682.jpg?resize=696%2C464&#038;ssl=1\" alt=\"\" class=\"wp-image-78197\" srcset=\"https:\/\/piracicaba.sp.gov.br\/wp-content\/uploads\/2024\/04\/Joao-Pedro-conseguiu-o-primeiro-emprego-na-Friuna-durante-a-Feira-de-Empregabilidade-1024x682.jpg 1024w, https:\/\/piracicaba.sp.gov.br\/wp-content\/uploads\/2024\/04\/Joao-Pedro-conseguiu-o-primeiro-emprego-na-Friuna-durante-a-Feira-de-Empregabilidade-300x200.jpg 300w, https:\/\/piracicaba.sp.gov.br\/wp-content\/uploads\/2024\/04\/Joao-Pedro-conseguiu-o-primeiro-emprego-na-Friuna-durante-a-Feira-de-Empregabilidade-768x512.jpg 768w, https:\/\/piracicaba.sp.gov.br\/wp-content\/uploads\/2024\/04\/Joao-Pedro-conseguiu-o-primeiro-emprego-na-Friuna-durante-a-Feira-de-Empregabilidade-1536x1024.jpg 1536w, https:\/\/piracicaba.sp.gov.br\/wp-content\/uploads\/2024\/04\/Joao-Pedro-conseguiu-o-primeiro-emprego-na-Friuna-durante-a-Feira-de-Empregabilidade.jpg 2000w\" sizes=\"auto, (max-width: 1024px) 100vw, 1024px\"\/><figcaption class=\"wp-element-caption\"><strong><em><sub>Jo\u00e3o Pedro conseguiu o primeiro emprego na Friuna durante a Feira de Empregabilidade<\/sub><\/em><\/strong><\/figcaption><\/figure>\n<p><strong>OPORTUNIDADES<\/strong>\u00a0\u2013 Foi por meio da 3\u00aa Feira da Empregabilidade, realizada em agosto do ano passado, que Jo\u00e3o Pedro Frasseto, de 17 anos, conseguiu seu primeiro emprego. Ele e um amigo levaram os curr\u00edculos sem saber muito bem como seria, e ele foi chamado logo depois para trabalhar na Friuna Alimentos.<\/p>\n<p>\u201cEu n\u00e3o tinha experi\u00eancia nenhuma, eu estava em busca do meu primeiro trabalho, j\u00e1 tinha feito cadastros em sites de emprego, estava procurando, e a\u00ed deu certo\u201d, conta. Jo\u00e3o Pedro foi contratado como aprendiz no setor de log\u00edstica da empresa de abate de su\u00ednos, uma \u00e1rea que ele nunca tinha pensado em trabalhar e tem gostado muito. Atualmente, ele se divide entre os estudos de manh\u00e3 e o trabalho no per\u00edodo da tarde. \u201cEstou feliz. O trabalho me ajuda a melhorar como pessoa e criar um caminho pra seguir a minha carreira.\u201d<\/p>\n<p>Caroline Tripichi, analista de recursos humanos da empresa, conta que al\u00e9m do Jo\u00e3o, foi contratada uma vigilante para trabalhar na portaria do frigor\u00edfico. \u201cCom a feira foi poss\u00edvel captar novos perfis de candidatos, e a gente pode oferecer oportunidades para as pessoas [nessas a\u00e7\u00f5es], isso s\u00f3 ajuda no crescimento da empresa.\u201d<\/p>\n<figure class=\"wp-block-image size-large\"><img data-recalc-dims=\"1\" loading=\"lazy\" decoding=\"async\" width=\"696\" height=\"464\" src=\"https:\/\/i0.wp.com\/piracicaba.sp.gov.br\/wp-content\/uploads\/2024\/04\/Joao-Pedro-ao-lado-da-analista-de-RH-da-Friuna-Caroline-1024x682.jpg?resize=696%2C464&#038;ssl=1\" alt=\"\" class=\"wp-image-78196\" srcset=\"https:\/\/piracicaba.sp.gov.br\/wp-content\/uploads\/2024\/04\/Joao-Pedro-ao-lado-da-analista-de-RH-da-Friuna-Caroline-1024x682.jpg 1024w, https:\/\/piracicaba.sp.gov.br\/wp-content\/uploads\/2024\/04\/Joao-Pedro-ao-lado-da-analista-de-RH-da-Friuna-Caroline-300x200.jpg 300w, https:\/\/piracicaba.sp.gov.br\/wp-content\/uploads\/2024\/04\/Joao-Pedro-ao-lado-da-analista-de-RH-da-Friuna-Caroline-768x512.jpg 768w, https:\/\/piracicaba.sp.gov.br\/wp-content\/uploads\/2024\/04\/Joao-Pedro-ao-lado-da-analista-de-RH-da-Friuna-Caroline-1536x1024.jpg 1536w, https:\/\/piracicaba.sp.gov.br\/wp-content\/uploads\/2024\/04\/Joao-Pedro-ao-lado-da-analista-de-RH-da-Friuna-Caroline.jpg 2000w\" sizes=\"auto, (max-width: 1024px) 100vw, 1024px\"\/><figcaption class=\"wp-element-caption\"><strong><em><sub>Jo\u00e3o Pedro ao lado da analista de RH da Friuna, Caroline<\/sub><\/em><\/strong><\/figcaption><\/figure>\n<p>Viviane Guentch Oglouian Sillig, de 54 anos, j\u00e1 estava alguns anos sem trabalhar quando resolveu tentar uma oportunidade na 1\u00aa Feira da Empregabilidade para Pessoa Com Defici\u00eancia (PCD), realizada em dezembro do ano passado pela Semdettur. Ela e o filho, Bruno Guentch Oglourian Slling, de 32 anos, t\u00eam defici\u00eancias intelectuais e tinham muita dificuldade em conseguir um emprego.<\/p>\n<p>Os dois deixaram o curr\u00edculo com a Farm\u00e1cia Drogal, que participava da feira oferecendo vagas, e alguns dias depois a empresa entrou em contato chamando os dois para uma oportunidade de trabalho. \u201cN\u00e3o imaginava que ia ser t\u00e3o r\u00e1pido, n\u00e3o tenho nem como agradecer de terem confiado em mim. Eu nunca tinha trabalhado em farm\u00e1cia\u201d, conta Viviane.<\/p>\n<p>Atualmente, ela e o filho trabalham em duas unidades localizadas na Avenida Independ\u00eancia, das 13h \u00e0s 18h, e podem ir juntos ao trabalho. Viviane atua como repositora nas g\u00f4ndolas de uma das unidades e Bruno no setor de estoque da outra farm\u00e1cia. \u201cFoi muito boa a feira, gosto de trabalhar aqui\u201d, comentou Bruno.<\/p>\n<figure class=\"wp-block-image size-large\"><img data-recalc-dims=\"1\" loading=\"lazy\" decoding=\"async\" width=\"696\" height=\"522\" src=\"https:\/\/i0.wp.com\/piracicaba.sp.gov.br\/wp-content\/uploads\/2024\/04\/A-gerente-de-RH-da-Drogal-Cristina-ao-lado-de-Viviane-e-Bruno-1024x768.jpg?resize=696%2C522&#038;ssl=1\" alt=\"\" class=\"wp-image-78195\" srcset=\"https:\/\/piracicaba.sp.gov.br\/wp-content\/uploads\/2024\/04\/A-gerente-de-RH-da-Drogal-Cristina-ao-lado-de-Viviane-e-Bruno-1024x768.jpg 1024w, https:\/\/piracicaba.sp.gov.br\/wp-content\/uploads\/2024\/04\/A-gerente-de-RH-da-Drogal-Cristina-ao-lado-de-Viviane-e-Bruno-300x225.jpg 300w, https:\/\/piracicaba.sp.gov.br\/wp-content\/uploads\/2024\/04\/A-gerente-de-RH-da-Drogal-Cristina-ao-lado-de-Viviane-e-Bruno-768x576.jpg 768w, https:\/\/piracicaba.sp.gov.br\/wp-content\/uploads\/2024\/04\/A-gerente-de-RH-da-Drogal-Cristina-ao-lado-de-Viviane-e-Bruno-1536x1152.jpg 1536w, https:\/\/piracicaba.sp.gov.br\/wp-content\/uploads\/2024\/04\/A-gerente-de-RH-da-Drogal-Cristina-ao-lado-de-Viviane-e-Bruno.jpg 2000w\" sizes=\"auto, (max-width: 1024px) 100vw, 1024px\"\/><figcaption class=\"wp-element-caption\"><strong><em><sub>A gerente de RH da Drogal, Cristina, ao lado de Viviane e Bruno<\/sub><\/em><\/strong><\/figcaption><\/figure>\n<p>A gerente de Recursos Humanos da Drogal, Cristina Vasconcelos Perozzi, conta que a feira permitiu ter acesso a diversas pessoas que se revelaram talentos dentro da empresa. A farm\u00e1cia contratou 23 pessoas a partir da a\u00e7\u00e3o de empregabilidade para PCD. \u201cA Drogal conseguiu absorver um percentual grande de pessoas, que est\u00e3o a cada dia agregando e trazendo resultados para a empresa. J\u00e1 estamos esperando uma pr\u00f3xima feira\u201d, finaliza.<\/p>\n<\/div>\n<p><br \/>\n<br \/><a href=\"https:\/\/piracicaba.sp.gov.br\/noticias\/dia-do-trabalho-desde-2021-mais-de-21-600-vagas-de-emprego-formais-foram-criadas-em-piracicaba\/\" rel=\"noopener\">Informa\u00e7\u00f5es PMP <\/a><\/p>\n","protected":false},"excerpt":{"rendered":"<p>Piracicaba gerou 21.640 postos de trabalho formais desde 2021, segundo dados atualizados hoje, ter\u00e7a-feira, 30\/04, pelo Caged (Cadastro Geral de Empregados e Desempregados) do Minist\u00e9rio do Trabalho. Dos grandes setores analisados pelo governo, o de servi\u00e7os lidera a gera\u00e7\u00e3o de vagas de emprego na cidade desde 2021, com saldo de 8.609. No acumulado geral desde [&hellip;]<\/p>\n","protected":false},"author":1,"featured_media":3301,"comment_status":"open","ping_status":"open","sticky":false,"template":"","format":"standard","meta":{"_jetpack_newsletter_access":"","_jetpack_dont_email_post_to_subs":false,"_jetpack_newsletter_tier_id":0,"_jetpack_memberships_contains_paywalled_content":false,"_mbp_banners":[],"_jetpack_feature_clip_id":0,"_jetpack_memberships_contains_paid_content":false,"footnotes":"","jetpack_publicize_message":"","jetpack_publicize_feature_enabled":true,"jetpack_social_post_already_shared":true,"jetpack_social_options":{"image_generator_settings":{"template":"highway","default_image_id":0,"font":"","enabled":false},"version":2},"jetpack_post_was_ever_published":false},"categories":[20],"tags":[],"class_list":["post-3300","post","type-post","status-publish","format-standard","has-post-thumbnail","category-regiao"],"jetpack_publicize_connections":[],"jetpack-related-posts":[],"jetpack_shortlink":"https:\/\/wp.me\/p7Eq1F-Re","jetpack_sharing_enabled":true,"jetpack_featured_media_url":"https:\/\/i0.wp.com\/guialimeira.com.br\/news\/wp-content\/uploads\/2024\/05\/Viviane-e-o-filho-Bruno-trabalham-na-Drogal-apos-se-candidatarem-pela-Feira-de-Empregabilidade-de-PCD-1024x768.jpg?fit=1024%2C768&ssl=1","_links":{"self":[{"href":"https:\/\/guialimeira.com.br\/news\/wp-json\/wp\/v2\/posts\/3300","targetHints":{"allow":["GET"]}}],"collection":[{"href":"https:\/\/guialimeira.com.br\/news\/wp-json\/wp\/v2\/posts"}],"about":[{"href":"https:\/\/guialimeira.com.br\/news\/wp-json\/wp\/v2\/types\/post"}],"author":[{"embeddable":true,"href":"https:\/\/guialimeira.com.br\/news\/wp-json\/wp\/v2\/users\/1"}],"replies":[{"embeddable":true,"href":"https:\/\/guialimeira.com.br\/news\/wp-json\/wp\/v2\/comments?post=3300"}],"version-history":[{"count":0,"href":"https:\/\/guialimeira.com.br\/news\/wp-json\/wp\/v2\/posts\/3300\/revisions"}],"wp:featuredmedia":[{"embeddable":true,"href":"https:\/\/guialimeira.com.br\/news\/wp-json\/wp\/v2\/media\/3301"}],"wp:attachment":[{"href":"https:\/\/guialimeira.com.br\/news\/wp-json\/wp\/v2\/media?parent=3300"}],"wp:term":[{"taxonomy":"category","embeddable":true,"href":"https:\/\/guialimeira.com.br\/news\/wp-json\/wp\/v2\/categories?post=3300"},{"taxonomy":"post_tag","embeddable":true,"href":"https:\/\/guialimeira.com.br\/news\/wp-json\/wp\/v2\/tags?post=3300"}],"curies":[{"name":"wp","href":"https:\/\/api.w.org\/{rel}","templated":true}]}}