{"id":32981,"date":"2025-05-13T11:17:40","date_gmt":"2025-05-13T14:17:40","guid":{"rendered":"https:\/\/guialimeira.com.br\/2025\/05\/13\/lula-quer-aperfeicoar-multilateralismo-e-parcerias-na-america-latina\/"},"modified":"2025-05-13T11:17:40","modified_gmt":"2025-05-13T14:17:40","slug":"lula-quer-aperfeicoar-multilateralismo-e-parcerias-na-america-latina","status":"publish","type":"post","link":"https:\/\/guialimeira.com.br\/news\/lula-quer-aperfeicoar-multilateralismo-e-parcerias-na-america-latina\/","title":{"rendered":"Lula quer aperfei\u00e7oar multilateralismo e parcerias na Am\u00e9rica Latina"},"content":{"rendered":"<p> <br \/>\n<\/p>\n<p><p style=\"text-align:center\"><a class=\"\" href=\"https:\/\/agenciabrasil.ebc.com.br\/internacional\/noticia\/2025-05\/lula-quer-aperfeicoar-multilateralismo-e-parcerias-na-america-latina\" rel=\"noopener\"><br \/>\n                    <img decoding=\"async\" src=\"https:\/\/cdn.jsdelivr.net\/gh\/sergiosdlima\/assets-ebc@1.0.0\/abr\/assets\/images\/logo-agenciabrasil.svg\" alt=\"Logo Ag\u00eancia Brasil\" style=\"height: 54px\"><br \/>\n\t\t\t\t<\/a><\/p>\n<p>O presidente Luiz In\u00e1cio Lula da Silva defendeu, nesta ter\u00e7a-feira (13), durante viagem \u00e0 China, o <strong>aperfei\u00e7oamento do multilateralismo e o fortalecimento das parcerias entre os pa\u00edses da Am\u00e9rica Latina e Caribe<\/strong>.<img data-recalc-dims=\"1\" decoding=\"async\" src=\"https:\/\/i0.wp.com\/agenciabrasil.ebc.com.br\/ebc.png?w=696&#038;ssl=1\" style=\"width:1px;height:1px\" \/><img data-recalc-dims=\"1\" decoding=\"async\" src=\"https:\/\/i0.wp.com\/agenciabrasil.ebc.com.br\/ebc.gif?w=696&#038;ssl=1\" style=\"width:1px;height:1px\" \/><\/p>\n<p>Na avalia\u00e7\u00e3o do presidente, estes s\u00e3o fatores relevantes para <strong>influenciar as Na\u00e7\u00f5es Unidas e dar a ela uma representatividade mais diversa e de acordo com o atual contexto geopol\u00edtico<\/strong>.<\/p>\n<p><h3>Not\u00edcias relacionadas:<\/h3>\n<ul>\n<li><a href=\"https:\/\/agenciabrasil.ebc.com.br\/economia\/noticia\/2025-05\/bancos-centrais-do-brasil-e-da-china-assinam-acordo-de-troca-de-moedas\" rel=\"noopener\">Bancos Centrais do Brasil e da China assinam acordo de troca de moedas.<\/a><\/li>\n<li><a href=\"https:\/\/agenciabrasil.ebc.com.br\/internacional\/noticia\/2025-05\/cupula-aproxima-america-latina-da-china-em-meio-disputa-com-eua\" rel=\"noopener\">C\u00fapula aproxima Am\u00e9rica Latina da China em meio \u00e0 disputa com EUA.<\/a><\/li>\n<\/ul>\n<p>\u201c<strong>A solu\u00e7\u00e3o para a crise do multilateralismo n\u00e3o \u00e9 abandon\u00e1-lo, mas sim aperfei\u00e7o\u00e1-lo. A Am\u00e9rica Latina e o Caribe podem contribuir elegendo a primeira mulher secret\u00e1ria-geral da ONU<\/strong> e honrando, assim, o legado da Confer\u00eancia de Pequim sobre os direitos das mulheres\u201d, disse Lula sem especificar quem seria essa mulher.<\/p>\n<p>Segundo Lula, a governan\u00e7a global \u201cj\u00e1 n\u00e3o espelha a diversidade que habita a Terra\u201d.\u00a0<\/p>\n<blockquote>\n<p>\u201cE esse anacronismo tem impedido que se cumpra o prop\u00f3sito de evitar o flagelo da guerra, inscrito na Carta das Na\u00e7\u00f5es Unidas\u201d, acrescentou.<\/p>\n<\/blockquote>\n<div class=\"dnd-widget-wrapper context-cheio_8colunas type-image\">\n<div class=\"dnd-atom-rendered\"><!-- scald=424017:cheio_8colunas --><br \/>\n            <img decoding=\"async\" src=\"\/sites\/default\/files\/thumbnails\/image\/loading_v2.gif\" data-echo=\"https:\/\/imagens.ebc.com.br\/1ILQjHZMEGhJrwoxW6nB8_jrmz8=\/754x0\/smart\/https:\/\/agenciabrasil.ebc.com.br\/sites\/default\/files\/thumbnails\/image\/2025\/05\/13\/54516203128_cf7be80c84_o.jpg?itok=zfJf0o2O\" alt=\"Presidente da Rep\u00fablica, Luiz In\u00e1cio Lula da Silva, Sess\u00e3o de abertura do IV F\u00f3rum CELAC-China. China National Convention Center II, Pequim - China.\u2028\u2028Foto - Ricardo Stuckert \/ PR\" title=\"Ricardo Stuckert \/ PR\"><br \/>\n        <img data-recalc-dims=\"1\" decoding=\"async\" src=\"https:\/\/i0.wp.com\/imagens.ebc.com.br\/1ILQjHZMEGhJrwoxW6nB8_jrmz8%3D\/754x0\/smart\/https%3A\/\/agenciabrasil.ebc.com.br\/sites\/default\/files\/thumbnails\/image\/2025\/05\/13\/54516203128_cf7be80c84_o.jpg?w=696&#038;ssl=1\" alt=\"Presidente da Rep\u00fablica, Luiz In\u00e1cio Lula da Silva, Sess\u00e3o de abertura do IV F\u00f3rum CELAC-China. China National Convention Center II, Pequim - China.\u2028\u2028Foto - Ricardo Stuckert \/ PR\" title=\"Ricardo Stuckert \/ PR\"><br \/>\n    <!-- END scald=424017 --><\/div>\n<div class=\"dnd-caption-wrapper\">\n<h6 class=\"meta\"><!--copyright=424017-->Presidente Lula fala em sess\u00e3o de abertura do IV F\u00f3rum CELAC-China, em Pequim &#8211; <strong>Ricardo Stuckert \/ PR<\/strong><!--END copyright=424017--><\/h6>\n<\/div>\n<\/div>\n<h2>China<\/h2>\n<p>As afirma\u00e7\u00f5es foram feitas durante a abertura do IV F\u00f3rum da Comunidade de Estados Latino-Americanos e Caribenhos (Celac), em Pequim.\u00a0<\/p>\n<p>Na oportunidade, ele ressaltou a import\u00e2ncia da aproxima\u00e7\u00e3o entre os pa\u00edses participantes do f\u00f3rum, <strong>destacando o papel relevante da China para o desenvolvimento da regi\u00e3o<\/strong>.<\/p>\n<p>A <strong>China j\u00e1 \u00e9 o segundo maior parceiro comercial da Celac<\/strong> e um dos mais importantes investidores na Am\u00e9rica Latina e no Caribe. Segundo ele, <strong>isso fica evidente sobretudo na \u00e1rea de infraestrutura<\/strong>.<\/p>\n<blockquote>\n<p>\u201cO apoio chin\u00eas \u00e9 decisivo para tirar do papel rodovias, ferrovias, portos e linhas de transmiss\u00e3o. Mas a viabilidade econ\u00f4mica desses projetos depende da capacidade de coordena\u00e7\u00e3o de nossos pa\u00edses para conferir a essas iniciativas escala regional.\u201d<\/p>\n<\/blockquote>\n<h2>Alerta<\/h2>\n<p>Em tom de alerta aos pa\u00edses participantes do encontro, Lula disse que \u201co futuro da Am\u00e9rica Latina depende do nosso comportamento; da an\u00e1lise justa do que aconteceu no s\u00e9culo XX, onde n\u00f3s avan\u00e7amos, e onde n\u00f3s retrocedemos, para que a gente compreenda de uma vez por todas: n\u00e3o h\u00e1 sa\u00edda para nenhum pa\u00eds individualmente\u201d.<\/p>\n<p>\u201cN\u00f3s temos 500 anos de hist\u00f3rias que provam isso. <strong>Ou n\u00f3s nos juntamos entre n\u00f3s, e procuramos parceiros que queiram, junto conosco, construir um mundo compartilhado, ou a Am\u00e9rica Latina tende a continuar sendo uma regi\u00e3o que representa a pobreza no mundo de hoje<\/strong>. \u00c9 importante que a gente compreenda. Depende, pura e simplesmente, se a gente quer ser grande ou a gente quer continuar pequeno\u201d, acrescentou.<\/p>\n<h2>Assimetrias<\/h2>\n<p>Na avalia\u00e7\u00e3o de Lula, a rela\u00e7\u00e3o entre a Celac e China pode fortalecer os setores industriais em \u00e1reas de ponta como, por exemplo, a Intelig\u00eancia Artificial.<\/p>\n<blockquote>\n<p>\u201cPara construir um futuro compartilhado, \u00e9 necess\u00e1rio reduzir as assimetrias entre os pa\u00edses\u201d, disse.\u00a0<\/p>\n<\/blockquote>\n<p>\u201cA revolu\u00e7\u00e3o digital n\u00e3o pode criar um novo abismo tecnol\u00f3gico entre as na\u00e7\u00f5es. O desenvolvimento da Intelig\u00eancia Artificial n\u00e3o deve ser um privil\u00e9gio de poucos. Uma transi\u00e7\u00e3o justa para uma economia de baixo carbono tamb\u00e9m exige amplo acesso a tecnologias de energia limpa\u201d, complementou.<\/p>\n<p><br \/>\n<br \/><a href=\"https:\/\/agenciabrasil.ebc.com.br\/internacional\/noticia\/2025-05\/lula-quer-aperfeicoar-multilateralismo-e-parcerias-na-america-latina\" rel=\"noopener\">Ag\u00eancia Brasil <\/a><\/p>\n","protected":false},"excerpt":{"rendered":"<p>O presidente Luiz In\u00e1cio Lula da Silva defendeu, nesta ter\u00e7a-feira (13), durante viagem \u00e0 China, o aperfei\u00e7oamento do multilateralismo e o fortalecimento das parcerias entre os pa\u00edses da Am\u00e9rica Latina e Caribe. Na avalia\u00e7\u00e3o do presidente, estes s\u00e3o fatores relevantes para influenciar as Na\u00e7\u00f5es Unidas e dar a ela uma representatividade mais diversa e de [&hellip;]<\/p>\n","protected":false},"author":1,"featured_media":32982,"comment_status":"open","ping_status":"open","sticky":false,"template":"","format":"standard","meta":{"_jetpack_newsletter_access":"","_jetpack_dont_email_post_to_subs":false,"_jetpack_newsletter_tier_id":0,"_jetpack_memberships_contains_paywalled_content":false,"_mbp_banners":[],"_jetpack_feature_clip_id":0,"_jetpack_memberships_contains_paid_content":false,"footnotes":"","jetpack_publicize_message":"","jetpack_publicize_feature_enabled":true,"jetpack_social_post_already_shared":true,"jetpack_social_options":{"image_generator_settings":{"template":"highway","default_image_id":0,"font":"","enabled":false},"version":2},"jetpack_post_was_ever_published":false},"categories":[25],"tags":[],"class_list":["post-32981","post","type-post","status-publish","format-standard","has-post-thumbnail","category-internacional"],"jetpack_publicize_connections":[],"jetpack-related-posts":[],"jetpack_shortlink":"https:\/\/wp.me\/p7Eq1F-8zX","jetpack_sharing_enabled":true,"jetpack_featured_media_url":"https:\/\/guialimeira.com.br\/news\/wp-content\/uploads\/2025\/05\/logo-agenciabrasil.svg.svg+xml","_links":{"self":[{"href":"https:\/\/guialimeira.com.br\/news\/wp-json\/wp\/v2\/posts\/32981","targetHints":{"allow":["GET"]}}],"collection":[{"href":"https:\/\/guialimeira.com.br\/news\/wp-json\/wp\/v2\/posts"}],"about":[{"href":"https:\/\/guialimeira.com.br\/news\/wp-json\/wp\/v2\/types\/post"}],"author":[{"embeddable":true,"href":"https:\/\/guialimeira.com.br\/news\/wp-json\/wp\/v2\/users\/1"}],"replies":[{"embeddable":true,"href":"https:\/\/guialimeira.com.br\/news\/wp-json\/wp\/v2\/comments?post=32981"}],"version-history":[{"count":0,"href":"https:\/\/guialimeira.com.br\/news\/wp-json\/wp\/v2\/posts\/32981\/revisions"}],"wp:featuredmedia":[{"embeddable":true,"href":"https:\/\/guialimeira.com.br\/news\/wp-json\/wp\/v2\/media\/32982"}],"wp:attachment":[{"href":"https:\/\/guialimeira.com.br\/news\/wp-json\/wp\/v2\/media?parent=32981"}],"wp:term":[{"taxonomy":"category","embeddable":true,"href":"https:\/\/guialimeira.com.br\/news\/wp-json\/wp\/v2\/categories?post=32981"},{"taxonomy":"post_tag","embeddable":true,"href":"https:\/\/guialimeira.com.br\/news\/wp-json\/wp\/v2\/tags?post=32981"}],"curies":[{"name":"wp","href":"https:\/\/api.w.org\/{rel}","templated":true}]}}