{"id":3292,"date":"2024-04-30T23:03:44","date_gmt":"2024-05-01T02:03:44","guid":{"rendered":"https:\/\/guialimeira.com.br\/2024\/04\/30\/rua-ignacio-da-cunha-caldeira-no-bairro-vila-fatima-comeca-a-receber-servicos-portal-do-municipio-de-piracicaba\/"},"modified":"2024-04-30T23:03:44","modified_gmt":"2024-05-01T02:03:44","slug":"rua-ignacio-da-cunha-caldeira-no-bairro-vila-fatima-comeca-a-receber-servicos-portal-do-municipio-de-piracicaba","status":"publish","type":"post","link":"https:\/\/guialimeira.com.br\/news\/rua-ignacio-da-cunha-caldeira-no-bairro-vila-fatima-comeca-a-receber-servicos-portal-do-municipio-de-piracicaba\/","title":{"rendered":"rua Ign\u00e1cio da Cunha Caldeira, no bairro Vila F\u00e1tima, come\u00e7a a receber servi\u00e7os \u2013 Portal do Munic\u00edpio de Piracicaba"},"content":{"rendered":"<p> <br \/>\n<\/p>\n<div itemprop=\"articleBody\">\n<div class=\"m-auto col-lg-8\">\n<figure class=\"wp-block-image size-large\"><img data-recalc-dims=\"1\" fetchpriority=\"high\" decoding=\"async\" width=\"696\" height=\"479\" src=\"https:\/\/i0.wp.com\/piracicaba.sp.gov.br\/wp-content\/uploads\/2024\/04\/Rua-Ignacio-da-Cunha-Caldeira-no-bairro-Vila-Fatima-comecou-a-receber-servicos-de-recape-1-1024x705.jpg?resize=696%2C479&#038;ssl=1\" alt=\"Rua Ign\u00e1cio da Cunha Caldeira, no bairro Vila F\u00e1tima, sendo recapeada.\" class=\"wp-image-78203\" srcset=\"https:\/\/piracicaba.sp.gov.br\/wp-content\/uploads\/2024\/04\/Rua-Ignacio-da-Cunha-Caldeira-no-bairro-Vila-Fatima-comecou-a-receber-servicos-de-recape-1-1024x705.jpg 1024w, https:\/\/piracicaba.sp.gov.br\/wp-content\/uploads\/2024\/04\/Rua-Ignacio-da-Cunha-Caldeira-no-bairro-Vila-Fatima-comecou-a-receber-servicos-de-recape-1-300x207.jpg 300w, https:\/\/piracicaba.sp.gov.br\/wp-content\/uploads\/2024\/04\/Rua-Ignacio-da-Cunha-Caldeira-no-bairro-Vila-Fatima-comecou-a-receber-servicos-de-recape-1-768x529.jpg 768w, https:\/\/piracicaba.sp.gov.br\/wp-content\/uploads\/2024\/04\/Rua-Ignacio-da-Cunha-Caldeira-no-bairro-Vila-Fatima-comecou-a-receber-servicos-de-recape-1-1536x1058.jpg 1536w, https:\/\/piracicaba.sp.gov.br\/wp-content\/uploads\/2024\/04\/Rua-Ignacio-da-Cunha-Caldeira-no-bairro-Vila-Fatima-comecou-a-receber-servicos-de-recape-1.jpg 2000w\" sizes=\"(max-width: 1024px) 100vw, 1024px\"\/><figcaption class=\"wp-element-caption\"><strong><sup>Rua Ign\u00e1cio da Cunha Caldeira, no bairro Vila F\u00e1tima, come\u00e7ou a receber servi\u00e7os de recape<\/sup><\/strong><\/figcaption><\/figure>\n<p>A Prefeitura de Piracicaba, por meio da Secretaria de Obras e Zeladoria (Semozel), iniciou ontem, 29\/04, os servi\u00e7os de recapeamento asf\u00e1ltico na rua Ign\u00e1cio da Cunha Caldeira, no bairro Vila F\u00e1tima. As obras est\u00e3o concentradas no trecho entre a avenida Bras\u00edlia e a rua Jos\u00e9 Stolf \u2013 por isso, a faixa da direita est\u00e1 interditada, enquanto a outra segue liberada para o tr\u00e2nsito.<\/p>\n<p>A rua ser\u00e1 contemplada pelo recape asf\u00e1ltico em toda sua extens\u00e3o, da avenida Bras\u00edlia at\u00e9 a rua Alberto Coral.<\/p>\n<p>Ainda no bairro, a equipe iniciou os servi\u00e7os tamb\u00e9m nas ruas Jos\u00e9 Stolf e Mathilde Viliotti Stolf.<\/p>\n<p>Todos os servi\u00e7os consistem no tratamento de pavimento e aplica\u00e7\u00e3o de nova massa asf\u00e1ltica e integram o segundo lote de um total de quatro, do pacote de recape que vai beneficiar 258 km de vias do munic\u00edpio.<\/p>\n<\/div>\n<\/div>\n<p><br \/>\n<br \/><a href=\"https:\/\/piracicaba.sp.gov.br\/noticias\/recape-asfaltico-rua-ignacio-da-cunha-caldeira-no-bairro-vila-fatima-comeca-a-receber-servicos\/\" rel=\"noopener\">Informa\u00e7\u00f5es PMP <\/a><\/p>\n","protected":false},"excerpt":{"rendered":"<p>Rua Ign\u00e1cio da Cunha Caldeira, no bairro Vila F\u00e1tima, come\u00e7ou a receber servi\u00e7os de recape A Prefeitura de Piracicaba, por meio da Secretaria de Obras e Zeladoria (Semozel), iniciou ontem, 29\/04, os servi\u00e7os de recapeamento asf\u00e1ltico na rua Ign\u00e1cio da Cunha Caldeira, no bairro Vila F\u00e1tima. As obras est\u00e3o concentradas no trecho entre a avenida [&hellip;]<\/p>\n","protected":false},"author":1,"featured_media":3293,"comment_status":"open","ping_status":"open","sticky":false,"template":"","format":"standard","meta":{"_jetpack_newsletter_access":"","_jetpack_dont_email_post_to_subs":false,"_jetpack_newsletter_tier_id":0,"_jetpack_memberships_contains_paywalled_content":false,"_mbp_banners":[],"_jetpack_feature_clip_id":0,"_jetpack_memberships_contains_paid_content":false,"footnotes":"","jetpack_publicize_message":"","jetpack_publicize_feature_enabled":true,"jetpack_social_post_already_shared":true,"jetpack_social_options":{"image_generator_settings":{"template":"highway","default_image_id":0,"font":"","enabled":false},"version":2},"jetpack_post_was_ever_published":false},"categories":[20],"tags":[],"class_list":["post-3292","post","type-post","status-publish","format-standard","has-post-thumbnail","category-regiao"],"jetpack_publicize_connections":[],"jetpack-related-posts":[],"jetpack_shortlink":"https:\/\/wp.me\/p7Eq1F-R6","jetpack_sharing_enabled":true,"jetpack_featured_media_url":"https:\/\/i0.wp.com\/guialimeira.com.br\/news\/wp-content\/uploads\/2024\/04\/Rua-Ignacio-da-Cunha-Caldeira-no-bairro-Vila-Fatima-comecou-a-receber-servicos-de-recape-1-1024x705.jpg?fit=1024%2C705&ssl=1","_links":{"self":[{"href":"https:\/\/guialimeira.com.br\/news\/wp-json\/wp\/v2\/posts\/3292","targetHints":{"allow":["GET"]}}],"collection":[{"href":"https:\/\/guialimeira.com.br\/news\/wp-json\/wp\/v2\/posts"}],"about":[{"href":"https:\/\/guialimeira.com.br\/news\/wp-json\/wp\/v2\/types\/post"}],"author":[{"embeddable":true,"href":"https:\/\/guialimeira.com.br\/news\/wp-json\/wp\/v2\/users\/1"}],"replies":[{"embeddable":true,"href":"https:\/\/guialimeira.com.br\/news\/wp-json\/wp\/v2\/comments?post=3292"}],"version-history":[{"count":0,"href":"https:\/\/guialimeira.com.br\/news\/wp-json\/wp\/v2\/posts\/3292\/revisions"}],"wp:featuredmedia":[{"embeddable":true,"href":"https:\/\/guialimeira.com.br\/news\/wp-json\/wp\/v2\/media\/3293"}],"wp:attachment":[{"href":"https:\/\/guialimeira.com.br\/news\/wp-json\/wp\/v2\/media?parent=3292"}],"wp:term":[{"taxonomy":"category","embeddable":true,"href":"https:\/\/guialimeira.com.br\/news\/wp-json\/wp\/v2\/categories?post=3292"},{"taxonomy":"post_tag","embeddable":true,"href":"https:\/\/guialimeira.com.br\/news\/wp-json\/wp\/v2\/tags?post=3292"}],"curies":[{"name":"wp","href":"https:\/\/api.w.org\/{rel}","templated":true}]}}