{"id":32905,"date":"2025-05-12T16:57:46","date_gmt":"2025-05-12T19:57:46","guid":{"rendered":"https:\/\/guialimeira.com.br\/2025\/05\/12\/cupula-aproxima-america-latina-da-china-em-meio-a-disputa-com-eua\/"},"modified":"2025-05-12T16:57:46","modified_gmt":"2025-05-12T19:57:46","slug":"cupula-aproxima-america-latina-da-china-em-meio-a-disputa-com-eua","status":"publish","type":"post","link":"https:\/\/guialimeira.com.br\/news\/cupula-aproxima-america-latina-da-china-em-meio-a-disputa-com-eua\/","title":{"rendered":"C\u00fapula aproxima Am\u00e9rica Latina da China em meio \u00e0 disputa com EUA"},"content":{"rendered":"<p> <br \/>\n<\/p>\n<div>\n<p><strong>A C\u00fapula dos pa\u00edses latino-americanos e caribenhos com a China, nesta ter\u00e7a-feira (12), aproxima o gigante asi\u00e1tico dos pa\u00edses da regi\u00e3o em meio \u00e0 disputa comercial de Pequim com os Estados Unidos<\/strong> (EUA). Nesta segunda-feira (12), a <a href=\"https:\/\/agenciabrasil.ebc.com.br\/internacional\/noticia\/2025-05\/eua-e-china-chegam-acordo-para-reduzir-tarifas\" target=\"_blank\" rel=\"noopener\">guerra comercial teve uma tr\u00e9gua<\/a> ap\u00f3s acordo entre as principais pot\u00eancias do planeta.\u00a0<img data-recalc-dims=\"1\" decoding=\"async\" src=\"https:\/\/i0.wp.com\/agenciabrasil.ebc.com.br\/ebc.png?w=696&#038;ssl=1\" style=\"width:1px; height:1px; display:inline;\"\/><img data-recalc-dims=\"1\" decoding=\"async\" src=\"https:\/\/i0.wp.com\/agenciabrasil.ebc.com.br\/ebc.gif?w=696&#038;ssl=1\" style=\"width:1px; height:1px; display:inline;\"\/><\/p>\n<p>A C\u00fapula China-Celac (Comunidade de Estados Latino-Americanos e Caribenhos) ter\u00e1 a participa\u00e7\u00e3o do presidente brasileiro, Luiz In\u00e1cio Lula da Silva, do presidente da China, Xi Jinping, al\u00e9m dos chefes do Chile, da Col\u00f4mbia, e de outros pa\u00edses da regi\u00e3o.<\/p>\n<p>\u00c9 esperada a apresenta\u00e7\u00e3o de um plano de a\u00e7\u00e3o para o tri\u00eanio 2025-2028, al\u00e9m da publica\u00e7\u00e3o de declara\u00e7\u00e3o conjunta China-Celac. A Celac \u00e9 o \u00fanico f\u00f3rum que re\u00fane os 33 pa\u00edses da Am\u00e9rica Latina e do Caribe.<\/p>\n<p>O professor de rela\u00e7\u00f5es internacionais do Instituto Brasileiro de Ensino, Desenvolvimento e Pesquisa (IDP), <strong>Robson Valdez, avalia que a Am\u00e9rica Latina ganhou maior import\u00e2ncia geopol\u00edtica\u00a0por causa da disputa comercial e tecnol\u00f3gica travada entre China e EUA.<\/strong><\/p>\n<blockquote>\n<p>\u201cA China, atrav\u00e9s da sua for\u00e7a econ\u00f4mica, acaba trazendo para perto de si atores importantes da regi\u00e3o. E essa influ\u00eancia chinesa incomoda bastante os EUA. Nesses \u00faltimos 10 a 15 anos, a China tornou-se um contraponto pragm\u00e1tico para os pa\u00edses da regi\u00e3o. Enquanto os EUA eram o principal parceiro comercial, n\u00e3o havia possibilidade de os latino-americanos barganharem nada a favor dos pr\u00f3prios interesses\u201d, disse.<\/p>\n<\/blockquote>\n<p><strong>Como exemplo dessa disputa, o\u00a0especialista citou as amea\u00e7as de san\u00e7\u00f5es a quem usar o Porto de Chancay, no Peru, constru\u00eddo com capital chin\u00eas<\/strong> e inaugurado em novembro de 2024, com a presen\u00e7a de Xi Jinping.<\/p>\n<p><a href=\"https:\/\/www.whatsapp.com\/channel\/0029VaoRTgrInlqYLSk59B2M\" target=\"_blank\" rel=\"noopener\">&gt;&gt; Siga o canal da <strong>Ag\u00eancia Brasil <\/strong>no WhatsApp<\/a><\/p>\n<h2>Quintal<\/h2>\n<div class=\"dnd-widget-wrapper context-medio_4colunas type-image atom-align-left\">\n<div class=\"dnd-atom-rendered\"><!-- scald=352167:medio_4colunas {\"additionalClasses\":\"\"} --><br \/>\n            <img data-recalc-dims=\"1\" decoding=\"async\" src=\"https:\/\/i0.wp.com\/imagens.ebc.com.br\/QBHp162wbaN_TzJ2HSQ0YhO3E0I%3D\/365x0\/smart\/https%3A\/\/agenciabrasil.ebc.com.br\/sites\/default\/files\/thumbnails\/image\/robson.jpeg?w=696&#038;ssl=1\" alt=\"09\/10\/2023, O doutor em Estudos Estrat\u00e9gicos Internacionais da Universidade Federal do Rio Grande do Sul (UFRS) Robson Valdez acrescentou que, assim como os Acordos de Abra\u00e3o, os acordos da China no Oriente M\u00e9dio por meio dos investimentos da chamada Rota da Seda pressionam para uma maior estabilidade pol\u00edtica na regi\u00e3o, o que o ataque do Hamas acaba por desestabilizar. Foto: Arquivo Pessoal\" title=\"Arquivo pessoal\"\/><br \/>\n        <img data-recalc-dims=\"1\" decoding=\"async\" src=\"https:\/\/i0.wp.com\/imagens.ebc.com.br\/QBHp162wbaN_TzJ2HSQ0YhO3E0I%3D\/365x0\/smart\/https%3A\/\/agenciabrasil.ebc.com.br\/sites\/default\/files\/thumbnails\/image\/robson.jpeg?w=696&#038;ssl=1\" alt=\"09\/10\/2023, O doutor em Estudos Estrat\u00e9gicos Internacionais da Universidade Federal do Rio Grande do Sul (UFRS) Robson Valdez acrescentou que, assim como os Acordos de Abra\u00e3o, os acordos da China no Oriente M\u00e9dio por meio dos investimentos da chamada Rota da Seda pressionam para uma maior estabilidade pol\u00edtica na regi\u00e3o, o que o ataque do Hamas acaba por desestabilizar. Foto: Arquivo Pessoal\" title=\"Arquivo pessoal\"\/><br \/>\n    <!-- END scald=352167 --><\/div>\n<p><h6 class=\"meta\"><!--copyright=352167-->Robson Valdez avalia que a Am\u00e9rica Latina ganhou import\u00e2ncia geopol\u00edtica com a disputa comercial entre China e EUA\u00a0&#8211; <strong>Arquivo pessoal<\/strong><!--END copyright=352167--><\/h6>\n<\/p>\n<\/div>\n<p>O professor Valdez explica que, como os EUA sempre viram a Am\u00e9rica Latina como seu \u201cquintal\u201d, a regi\u00e3o n\u00e3o teve tanta import\u00e2ncia geopol\u00edtica como agora. Com a influ\u00eancia chinesa, Washington busca se reposicionar no continente.<\/p>\n<blockquote>\n<p>\u201cOs EUA sempre tiveram outras preocupa\u00e7\u00f5es priorit\u00e1rias no Oriente M\u00e9dio e na \u00c1sia. Agora, com essa intera\u00e7\u00e3o com a China, a Am\u00e9rica Latina se torna mais estrat\u00e9gica\u201d, comentou.<\/p>\n<\/blockquote>\n<p>No in\u00edcio de abril, o atual secret\u00e1rio de Defesa dos EUA, Pete Hegseth, chamou a Am\u00e9rica do Sul e Central de \u201cquintal\u201d dos estadunidenses.<\/p>\n<p>\u201cObama tirou os olhos da bola e deixou a China tomar toda Am\u00e9rica do Sul e Central, com sua influ\u00eancia econ\u00f4mica e cultural, fazendo acordos com governos locais de infraestrutura ruim, vigil\u00e2ncia e endividamento. Presidente Trump disse n\u00e3o mais, vamos recuperar o nosso quintal\u201d, disse Hegseth em entrevista \u00e0 Fox News.<\/p>\n<p>Na R\u00fassia, neste final de semana, o presidente Lula <a href=\"https:\/\/agenciabrasil.ebc.com.br\/politica\/noticia\/2025-05\/com-putin-lula-reforca-posicao-em-atuar-por-fim-da-guerra-na-ucrania\" target=\"_blank\" rel=\"noopener\">comentou a fala de Hegseth<\/a>. \u201cO Brasil n\u00e3o quer ser melhor do que ningu\u00e9m, mas o Brasil n\u00e3o aceita ser pior do que ningu\u00e9m. O Brasil, no m\u00ednimo, quer ser tratado em igualdade de condi\u00e7\u00f5es. O Brasil ser\u00e1 quintal do Brasil, um pa\u00eds livre e soberano\u201d, disse.\u00a0<\/p>\n<p>O professor de rela\u00e7\u00f5es internacionais do IDP, <strong>Robson Valdez, avalia que o Brasil est\u00e1 em uma posi\u00e7\u00e3o favor\u00e1vel ao servir de interlocutor privilegiado entre o ocidente e o oriente<\/strong>.<\/p>\n<p>\u201cUma das grandes preocupa\u00e7\u00f5es do governo norte-americano era evitar que o Brasil firmasse acordo da Nova Rota da Seda. O Brasil n\u00e3o assinou e manteve\u00a0uma equidist\u00e2ncia entre EUA e China. Eu acredito que os EUA enxergam a import\u00e2ncia do Brasil nesse sentido e, para os EUA, perder a influ\u00eancia sobre o Brasil seria extremamente negativo\u201d, comentou.<\/p>\n<p>A Nova Rota da Seda\u00a0\u00e9 o projeto do governo chin\u00eas para integra\u00e7\u00e3o comercial e de infraestrutura com pa\u00edses de todo o mundo.<\/p>\n<h2>Press\u00e3o<\/h2>\n<p>Para Robson Valdez, <strong>os EUA poder\u00e3o fazer press\u00e3o individualmente em cima de cada pa\u00eds da regi\u00e3o para frear a expans\u00e3o comercial no continente em um momento que a coes\u00e3o e integra\u00e7\u00e3o da Am\u00e9rica Latina e do Caribe est\u00e3o mais fragilizadas.<\/strong><\/p>\n<blockquote>\n<p>\u201cUma caracter\u00edstica dos Estados Unidos \u00e9 dividir para conquistar. Acho que bilateralmente a press\u00e3o vai ser muito forte. Eles podem exercer uma press\u00e3o em cada pa\u00eds, como o Panam\u00e1, para conquistar seus objetivos. Isso ser\u00e1 ainda mais f\u00e1cil em pa\u00edses j\u00e1 alinhados, como Argentina, Peru e Paraguai\u201d, completou.<\/p>\n<\/blockquote>\n<p>      <!-- Relacionada --><\/p>\n<p>            <!-- Relacionada -->\n    <\/div>\n<p><br \/>\n<br \/><a href=\"https:\/\/agenciabrasil.ebc.com.br\/internacional\/noticia\/2025-05\/cupula-aproxima-america-latina-da-china-em-meio-disputa-com-eua\" rel=\"noopener\">Ag\u00eancia Brasil <\/a><\/p>\n","protected":false},"excerpt":{"rendered":"<p>A C\u00fapula dos pa\u00edses latino-americanos e caribenhos com a China, nesta ter\u00e7a-feira (12), aproxima o gigante asi\u00e1tico dos pa\u00edses da regi\u00e3o em meio \u00e0 disputa comercial de Pequim com os Estados Unidos (EUA). Nesta segunda-feira (12), a guerra comercial teve uma tr\u00e9gua ap\u00f3s acordo entre as principais pot\u00eancias do planeta.\u00a0 A C\u00fapula China-Celac (Comunidade de [&hellip;]<\/p>\n","protected":false},"author":1,"featured_media":32906,"comment_status":"open","ping_status":"open","sticky":false,"template":"","format":"standard","meta":{"_jetpack_newsletter_access":"","_jetpack_dont_email_post_to_subs":false,"_jetpack_newsletter_tier_id":0,"_jetpack_memberships_contains_paywalled_content":false,"_mbp_banners":[],"_jetpack_feature_clip_id":0,"_jetpack_memberships_contains_paid_content":false,"footnotes":"","jetpack_publicize_message":"","jetpack_publicize_feature_enabled":true,"jetpack_social_post_already_shared":true,"jetpack_social_options":{"image_generator_settings":{"template":"highway","default_image_id":0,"font":"","enabled":false},"version":2},"jetpack_post_was_ever_published":false},"categories":[25],"tags":[],"class_list":["post-32905","post","type-post","status-publish","format-standard","has-post-thumbnail","category-internacional"],"jetpack_publicize_connections":[],"jetpack-related-posts":[],"jetpack_shortlink":"https:\/\/wp.me\/p7Eq1F-8yJ","jetpack_sharing_enabled":true,"jetpack_featured_media_url":"https:\/\/i0.wp.com\/guialimeira.com.br\/news\/wp-content\/uploads\/2025\/05\/54513352517_65320ec6ed_o.jpg?fit=1600%2C800&ssl=1","_links":{"self":[{"href":"https:\/\/guialimeira.com.br\/news\/wp-json\/wp\/v2\/posts\/32905","targetHints":{"allow":["GET"]}}],"collection":[{"href":"https:\/\/guialimeira.com.br\/news\/wp-json\/wp\/v2\/posts"}],"about":[{"href":"https:\/\/guialimeira.com.br\/news\/wp-json\/wp\/v2\/types\/post"}],"author":[{"embeddable":true,"href":"https:\/\/guialimeira.com.br\/news\/wp-json\/wp\/v2\/users\/1"}],"replies":[{"embeddable":true,"href":"https:\/\/guialimeira.com.br\/news\/wp-json\/wp\/v2\/comments?post=32905"}],"version-history":[{"count":0,"href":"https:\/\/guialimeira.com.br\/news\/wp-json\/wp\/v2\/posts\/32905\/revisions"}],"wp:featuredmedia":[{"embeddable":true,"href":"https:\/\/guialimeira.com.br\/news\/wp-json\/wp\/v2\/media\/32906"}],"wp:attachment":[{"href":"https:\/\/guialimeira.com.br\/news\/wp-json\/wp\/v2\/media?parent=32905"}],"wp:term":[{"taxonomy":"category","embeddable":true,"href":"https:\/\/guialimeira.com.br\/news\/wp-json\/wp\/v2\/categories?post=32905"},{"taxonomy":"post_tag","embeddable":true,"href":"https:\/\/guialimeira.com.br\/news\/wp-json\/wp\/v2\/tags?post=32905"}],"curies":[{"name":"wp","href":"https:\/\/api.w.org\/{rel}","templated":true}]}}