{"id":3286,"date":"2024-04-30T22:23:44","date_gmt":"2024-05-01T01:23:44","guid":{"rendered":"https:\/\/guialimeira.com.br\/2024\/04\/30\/em-pronunciamento-marinho-destaca-politicas-para-os-trabalhadores\/"},"modified":"2024-04-30T22:23:44","modified_gmt":"2024-05-01T01:23:44","slug":"em-pronunciamento-marinho-destaca-politicas-para-os-trabalhadores","status":"publish","type":"post","link":"https:\/\/guialimeira.com.br\/news\/em-pronunciamento-marinho-destaca-politicas-para-os-trabalhadores\/","title":{"rendered":"Em pronunciamento, Marinho destaca pol\u00edticas para os trabalhadores"},"content":{"rendered":"<p> <br \/>\n<\/p>\n<div>\n<p>Em pronunciamento \u00e0 na\u00e7\u00e3o por ocasi\u00e3o do 1\u00ba de Maio, o ministro do Trabalho e Emprego, Luiz Marinho, destacou nesta ter\u00e7a-feira (30) as pol\u00edticas do governo em prol dos trabalhadores e os resultados positivos na gera\u00e7\u00e3o de empregos e a valoriza\u00e7\u00e3o salarial.<img data-recalc-dims=\"1\" decoding=\"async\" src=\"https:\/\/i0.wp.com\/agenciabrasil.ebc.com.br\/ebc.png?w=696&#038;ssl=1\" style=\"width:1px; height:1px; display:inline;\"\/><img data-recalc-dims=\"1\" decoding=\"async\" src=\"https:\/\/i0.wp.com\/agenciabrasil.ebc.com.br\/ebc.gif?w=696&#038;ssl=1\" style=\"width:1px; height:1px; display:inline;\"\/><\/p>\n<p>\u201cVoc\u00eas que verdadeiramente produzem a riqueza do nosso pa\u00eds, voc\u00eas merecem mais que nossa gratid\u00e3o. Merecem melhores sal\u00e1rios, garantia de direitos, mais qualidade de vida e oportunidades para crescer. Merecem um Brasil mais desenvolvido e molho para se viver\u201d.\u00a0<\/p>\n<p>Segundo ele, o 1\u00ba de maio \u00e9 um dia de luta para os trabalhadores e trabalhadoras de todo o mundo. Marinho comemorou a gera\u00e7\u00e3o recorde de empregos com carteira assinada no Brasil. Segundo ele, <a href=\"https:\/\/agenciabrasil.ebc.com.br\/economia\/noticia\/2024-04\/brasil-registra-mais-de-244-mil-empregos-formais-em-marco\" target=\"_blank\" rel=\"noopener\">foram quase 720 mil empregos neste ano e 2,1 milh\u00f5es desde o in\u00edcio do governo.\u00a0<\/a><\/p>\n<p>\u201cNeste 1\u00ba de maio \u00e9 dia de comemorar tamb\u00e9m a valoriza\u00e7\u00e3o real do sal\u00e1rio m\u00ednimo, que voltou a subir acima da infla\u00e7\u00e3o, e a valoriza\u00e7\u00e3o de todos os sal\u00e1rios das mais diversas categorias profissionais, que tamb\u00e9m foram reajustados acima da infla\u00e7\u00e3o\u201d.<\/p>\n<p>Segundo Marinho, as pol\u00edticas p\u00fablicas do governo garantiram a retirada de 24,4 milh\u00f5es de pessoas da fome. Ele tamb\u00e9m citou a reforma tribut\u00e1ria, em negocia\u00e7\u00e3o no Congresso Nacional, que, segundo o ministro,\u00a0vai baratear o pre\u00e7o dos alimentos, e a aprova\u00e7\u00e3o da isen\u00e7\u00e3o do imposto de renda para quem ganha at\u00e9 2 sal\u00e1rios m\u00ednimos, com o compromisso de chegar em 2026 com isen\u00e7\u00e3o para quem ganha at\u00e9 R$ 5 mil.\u00a0\u00a0<\/p>\n<p>O ministro lembrou a proposta do governo encaminhada para o Congresso Nacional que garante direitos trabalhistas e previdenci\u00e1rios para motoristas de aplicativos. Tamb\u00e9m citou outras iniciativas como o lan\u00e7amento do programa Acredita, a oferta de cr\u00e9dito imobili\u00e1rio e cr\u00e9dito para pequenos empres\u00e1rios, al\u00e9m de condi\u00e7\u00f5es favor\u00e1veis para a renegocia\u00e7\u00e3o de d\u00edvidas.\u00a0<\/p>\n<p>Destacou a necessidade de lutar contra a precariza\u00e7\u00e3o do trabalho no Brasil e em todo o mundo. \u201cN\u00e3o s\u00e3o as m\u00e1quinas, n\u00e3o \u00e9 o dinheiro, n\u00e3o s\u00e3o os aplicativos, os algoritmos ou a intelig\u00eancia artificial. S\u00e3o\u00a0 voc\u00eas, homens e mulheres de carne e osso que fazem valer cada gota do seu suor e que merecem a parte justa da riqueza que produzem\u201d, finalizou.<\/p>\n<\/p><\/div>\n<p><br \/>\n<br \/><a href=\"https:\/\/agenciabrasil.ebc.com.br\/economia\/noticia\/2024-04\/em-pronunciamento-marinho-destaca-politicas-para-os-trabalhadores\" rel=\"noopener\">Ag\u00eancia Brasil<\/a><\/p>\n","protected":false},"excerpt":{"rendered":"<p>Em pronunciamento \u00e0 na\u00e7\u00e3o por ocasi\u00e3o do 1\u00ba de Maio, o ministro do Trabalho e Emprego, Luiz Marinho, destacou nesta ter\u00e7a-feira (30) as pol\u00edticas do governo em prol dos trabalhadores e os resultados positivos na gera\u00e7\u00e3o de empregos e a valoriza\u00e7\u00e3o salarial. \u201cVoc\u00eas que verdadeiramente produzem a riqueza do nosso pa\u00eds, voc\u00eas merecem mais que [&hellip;]<\/p>\n","protected":false},"author":1,"featured_media":3287,"comment_status":"open","ping_status":"open","sticky":false,"template":"","format":"standard","meta":{"_jetpack_newsletter_access":"","_jetpack_dont_email_post_to_subs":false,"_jetpack_newsletter_tier_id":0,"_jetpack_memberships_contains_paywalled_content":false,"_mbp_banners":[],"_jetpack_feature_clip_id":0,"_jetpack_memberships_contains_paid_content":false,"footnotes":"","jetpack_publicize_message":"","jetpack_publicize_feature_enabled":true,"jetpack_social_post_already_shared":true,"jetpack_social_options":{"image_generator_settings":{"template":"highway","default_image_id":0,"font":"","enabled":false},"version":2},"jetpack_post_was_ever_published":false},"categories":[24],"tags":[],"class_list":["post-3286","post","type-post","status-publish","format-standard","has-post-thumbnail","category-economia"],"jetpack_publicize_connections":[],"jetpack-related-posts":[],"jetpack_shortlink":"https:\/\/wp.me\/p7Eq1F-R0","jetpack_sharing_enabled":true,"jetpack_featured_media_url":"https:\/\/i0.wp.com\/guialimeira.com.br\/news\/wp-content\/uploads\/2024\/04\/30042024-pzzb0032.jpg?fit=1600%2C800&ssl=1","_links":{"self":[{"href":"https:\/\/guialimeira.com.br\/news\/wp-json\/wp\/v2\/posts\/3286","targetHints":{"allow":["GET"]}}],"collection":[{"href":"https:\/\/guialimeira.com.br\/news\/wp-json\/wp\/v2\/posts"}],"about":[{"href":"https:\/\/guialimeira.com.br\/news\/wp-json\/wp\/v2\/types\/post"}],"author":[{"embeddable":true,"href":"https:\/\/guialimeira.com.br\/news\/wp-json\/wp\/v2\/users\/1"}],"replies":[{"embeddable":true,"href":"https:\/\/guialimeira.com.br\/news\/wp-json\/wp\/v2\/comments?post=3286"}],"version-history":[{"count":0,"href":"https:\/\/guialimeira.com.br\/news\/wp-json\/wp\/v2\/posts\/3286\/revisions"}],"wp:featuredmedia":[{"embeddable":true,"href":"https:\/\/guialimeira.com.br\/news\/wp-json\/wp\/v2\/media\/3287"}],"wp:attachment":[{"href":"https:\/\/guialimeira.com.br\/news\/wp-json\/wp\/v2\/media?parent=3286"}],"wp:term":[{"taxonomy":"category","embeddable":true,"href":"https:\/\/guialimeira.com.br\/news\/wp-json\/wp\/v2\/categories?post=3286"},{"taxonomy":"post_tag","embeddable":true,"href":"https:\/\/guialimeira.com.br\/news\/wp-json\/wp\/v2\/tags?post=3286"}],"curies":[{"name":"wp","href":"https:\/\/api.w.org\/{rel}","templated":true}]}}