{"id":32843,"date":"2025-05-12T08:39:07","date_gmt":"2025-05-12T11:39:07","guid":{"rendered":"https:\/\/guialimeira.com.br\/?p=32843"},"modified":"2025-05-12T08:39:10","modified_gmt":"2025-05-12T11:39:10","slug":"suzano-celebra-o-fortalecimento-do-empreendedorismo-familiar-no-mes-das-maes-e-da-familia","status":"publish","type":"post","link":"https:\/\/guialimeira.com.br\/news\/suzano-celebra-o-fortalecimento-do-empreendedorismo-familiar-no-mes-das-maes-e-da-familia\/","title":{"rendered":"Suzano celebra o fortalecimento do empreendedorismo familiar no M\u00eas das M\u00e3es e da Fam\u00edlia"},"content":{"rendered":"\n<p class=\"wp-block-paragraph\"><em>Com apoio a iniciativas locais, a empresa fortalece neg\u00f3cios liderados por mulheres que aliam vida familiar, gera\u00e7\u00e3o de renda e responsabilidade social<\/em><\/p>\n\n\n\n<p class=\"wp-block-paragraph\">No m\u00eas em que se comemora o Dia das M\u00e3es (11 de maio) e o Dia da Fam\u00edlia (15 de maio), a Suzano, maior produtora mundial de celulose e refer\u00eancia global em bioprodutos a partir do eucalipto, destaca o papel transformador de pessoas participantes dos projetos sociais apoiados pela companhia e que, por meio do empreendedorismo, t\u00eam impulsionado mudan\u00e7as positivas em suas comunidades, conciliando vida familiar, gera\u00e7\u00e3o de renda e responsabilidade social.<\/p>\n\n\n\n<p class=\"wp-block-paragraph\">O compromisso com o desenvolvimento social e a redu\u00e7\u00e3o das desigualdades \u00e9 parte fundamental da atua\u00e7\u00e3o da Suzano, que acredita na for\u00e7a de parcerias locais para transformar realidades de forma sustent\u00e1vel. \u201cNa Suzano, acreditamos que nossas a\u00e7\u00f5es devem ser transformadoras n\u00e3o apenas para a empresa, mas tamb\u00e9m para as comunidades onde estamos presentes. Afinal, s\u00f3 \u00e9 bom para n\u00f3s se&nbsp;for bom para o mundo. A economia solid\u00e1ria \u00e9 uma ferramenta poderosa para reduzir desigualdades e promover qualidade de vida, especialmente para fam\u00edlias que encontram no empreendedorismo uma forma de crescer com dignidade, prop\u00f3sito e construir um futuro mais justo e sustent\u00e1vel\u201d, cita Adriano Martins, coordenador de Relacionamento Social da Suzano.<\/p>\n\n\n\n<p class=\"wp-block-paragraph\">Na regi\u00e3o de Limeira (SP), o Espa\u00e7o Sustentabilidade \u00e9 um exemplo desse compromisso. A iniciativa \u00e9 uma esp\u00e9cie de feira, que proporciona a artes\u00e3os(\u00e3s), microempreendedores(as) e agricultores(as) familiares, participantes de projetos sociais apoiados pela empresa, a oportunidade de expor e vender seus produtos dentro da empresa, funcionando como um canal adicional de vendas e contribuindo para o fortalecimento da economia local.<\/p>\n\n\n\n<p class=\"wp-block-paragraph\">Para complementar a renda, Camila Stefanie Santos Cast\u00e3o, moradora de Americana (SP), criou, junto com seu noivo Henrique Adriano de Carvalho, a marca Seucuki, especializada em cookies artesanais vendidos em marmitinhas de alum\u00ednio. \u201cEncontramos na produ\u00e7\u00e3o de cookies uma oportunidade de transformar nossos sonhos em realidade e a participa\u00e7\u00e3o no Espa\u00e7o Sustentabilidade tem sido essencial para o crescimento do nosso neg\u00f3cio\u201d, comenta Camila.<\/p>\n\n\n\n<p class=\"wp-block-paragraph\">Para ela, o apoio da fam\u00edlia, sua base emocional e afetiva, desempenha um papel essencial no neg\u00f3cio. Sua m\u00e3e, Paula Cast\u00e3o, a representa nos dias em que ela ou o noivo n\u00e3o conseguem estar presentes no Espa\u00e7o Sustentabilidade.<\/p>\n\n\n\n<p class=\"wp-block-paragraph\">Para o casal, a participa\u00e7\u00e3o no projeto tem gerado resultados positivos, com cerca de 8% do total das vendas realizadas dentro da Suzano, al\u00e9m da oportunidade de apresentar seus produtos em S\u00e3o Paulo. \u201cEssa iniciativa \u00e9 extremamente valiosa, pois com isso a Suzano incentiva, valoriza e fortalece os pequenos empreendedores da nossa regi\u00e3o\u201d, destaca Camila.<\/p>\n\n\n\n<p class=\"wp-block-paragraph\">A valoriza\u00e7\u00e3o da diversidade est\u00e1 entre os compromissos da Suzano e se reflete tanto em a\u00e7\u00f5es externas quanto internas. A companhia apoia projetos sociais voltados ao protagonismo feminino em diversas localidades, contribuindo para sua meta de ajudar a retirar 200 mil pessoas da linha da pobreza at\u00e9 2030. Na regi\u00e3o de Limeira, al\u00e9m de promover o Espa\u00e7o Sustentabilidade, a companhia apoia o projeto Co-Labora, desenvolvido em parceria com o Instituto Terro\u00e1, que promove a inclus\u00e3o social e gera\u00e7\u00e3o de renda por meio da capacita\u00e7\u00e3o de agricultores(as) familiares, com foco na valoriza\u00e7\u00e3o da produ\u00e7\u00e3o e no aumento das vendas.<\/p>\n\n\n\n<p class=\"wp-block-paragraph\"><strong>Sobre a Suzano<\/strong><strong><\/strong><\/p>\n\n\n\n<p class=\"wp-block-paragraph\">A Suzano \u00e9 a maior produtora mundial de celulose, uma das maiores fabricantes de pap\u00e9is da Am\u00e9rica Latina e l\u00edder no segmento de papel higi\u00eanico no Brasil. A companhia adota as melhores pr\u00e1ticas de inova\u00e7\u00e3o e sustentabilidade para desenvolver produtos e solu\u00e7\u00f5es a partir de mat\u00e9ria-prima renov\u00e1vel. Os produtos da Suzano est\u00e3o presentes na vida de mais de 2 bilh\u00f5es de pessoas, cerca de 25% da popula\u00e7\u00e3o mundial, e incluem celulose; itens para higiene pessoal como papel higi\u00eanico e guardanapos; pap\u00e9is para embalagens, copos e canudos; pap\u00e9is para imprimir e escrever, entre outros produtos desenvolvidos para atender \u00e0 crescente necessidade do planeta por itens mais sustent\u00e1veis. Entre suas marcas no Brasil est\u00e3o Neve\u00ae, P\u00f3len\u00ae, Suzano Report\u00ae, Mimmo\u00ae, entre outras. Com sede no Brasil e opera\u00e7\u00f5es na Am\u00e9rica Latina, Am\u00e9rica do Norte, Europa e \u00c1sia, a empresa tem mais de 100 anos de hist\u00f3ria e a\u00e7\u00f5es negociadas nas bolsas do Brasil (SUZB3) e dos Estados Unidos (SUZ). Saiba mais em:&nbsp;<a href=\"https:\/\/suzano.com.br\/\" target=\"_blank\" rel=\"noreferrer noopener\">suzano.com.br<\/a>.<\/p>\n","protected":false},"excerpt":{"rendered":"<p>Com apoio a iniciativas locais, a empresa fortalece neg\u00f3cios liderados por mulheres que aliam vida familiar, gera\u00e7\u00e3o de renda e responsabilidade social No m\u00eas em que se comemora o Dia das M\u00e3es (11 de maio) e o Dia da Fam\u00edlia (15 de maio), a Suzano, maior produtora mundial de celulose e refer\u00eancia global em bioprodutos [&hellip;]<\/p>\n","protected":false},"author":2,"featured_media":32844,"comment_status":"open","ping_status":"open","sticky":false,"template":"","format":"standard","meta":{"_jetpack_newsletter_access":"","_jetpack_dont_email_post_to_subs":false,"_jetpack_newsletter_tier_id":0,"_jetpack_memberships_contains_paywalled_content":false,"_mbp_banners":[],"_jetpack_feature_clip_id":0,"_jetpack_memberships_contains_paid_content":false,"footnotes":"","jetpack_publicize_message":"","jetpack_publicize_feature_enabled":true,"jetpack_social_post_already_shared":true,"jetpack_social_options":{"image_generator_settings":{"template":"highway","default_image_id":0,"font":"","enabled":false},"version":2},"jetpack_post_was_ever_published":false},"categories":[16],"tags":[],"class_list":["post-32843","post","type-post","status-publish","format-standard","has-post-thumbnail","category-local"],"jetpack_publicize_connections":[],"jetpack-related-posts":[],"jetpack_shortlink":"https:\/\/wp.me\/p7Eq1F-8xJ","jetpack_sharing_enabled":true,"jetpack_featured_media_url":"https:\/\/i0.wp.com\/guialimeira.com.br\/news\/wp-content\/uploads\/2025\/05\/Camila-Seucuki_UnidadeLimeira.jpg?fit=1194%2C1600&ssl=1","_links":{"self":[{"href":"https:\/\/guialimeira.com.br\/news\/wp-json\/wp\/v2\/posts\/32843","targetHints":{"allow":["GET"]}}],"collection":[{"href":"https:\/\/guialimeira.com.br\/news\/wp-json\/wp\/v2\/posts"}],"about":[{"href":"https:\/\/guialimeira.com.br\/news\/wp-json\/wp\/v2\/types\/post"}],"author":[{"embeddable":true,"href":"https:\/\/guialimeira.com.br\/news\/wp-json\/wp\/v2\/users\/2"}],"replies":[{"embeddable":true,"href":"https:\/\/guialimeira.com.br\/news\/wp-json\/wp\/v2\/comments?post=32843"}],"version-history":[{"count":1,"href":"https:\/\/guialimeira.com.br\/news\/wp-json\/wp\/v2\/posts\/32843\/revisions"}],"predecessor-version":[{"id":32845,"href":"https:\/\/guialimeira.com.br\/news\/wp-json\/wp\/v2\/posts\/32843\/revisions\/32845"}],"wp:featuredmedia":[{"embeddable":true,"href":"https:\/\/guialimeira.com.br\/news\/wp-json\/wp\/v2\/media\/32844"}],"wp:attachment":[{"href":"https:\/\/guialimeira.com.br\/news\/wp-json\/wp\/v2\/media?parent=32843"}],"wp:term":[{"taxonomy":"category","embeddable":true,"href":"https:\/\/guialimeira.com.br\/news\/wp-json\/wp\/v2\/categories?post=32843"},{"taxonomy":"post_tag","embeddable":true,"href":"https:\/\/guialimeira.com.br\/news\/wp-json\/wp\/v2\/tags?post=32843"}],"curies":[{"name":"wp","href":"https:\/\/api.w.org\/{rel}","templated":true}]}}