{"id":32837,"date":"2025-05-11T18:45:51","date_gmt":"2025-05-11T21:45:51","guid":{"rendered":"https:\/\/guialimeira.com.br\/2025\/05\/11\/ginastica-ritmica-brasil-fecha-etapa-da-copa-do-mundo-com-tres-ouros\/"},"modified":"2025-05-11T18:45:51","modified_gmt":"2025-05-11T21:45:51","slug":"ginastica-ritmica-brasil-fecha-etapa-da-copa-do-mundo-com-tres-ouros","status":"publish","type":"post","link":"https:\/\/guialimeira.com.br\/news\/ginastica-ritmica-brasil-fecha-etapa-da-copa-do-mundo-com-tres-ouros\/","title":{"rendered":"Gin\u00e1stica R\u00edtmica: Brasil fecha etapa da Copa do Mundo com tr\u00eas ouros"},"content":{"rendered":"<p> <br \/>\n<\/p>\n<div>\n<p>O Brasil fechou a participa\u00e7\u00e3o na etapa de Portim\u00e3o (Portugal) da Copa do Mundo de gin\u00e1stica r\u00edtmica com a conquista de tr\u00eas medalhas de ouro. A primeira medalha dourada do conjunto formado por Maria Eduarda Arakaki, Nicole Pircio, B\u00e1rbara Galv\u00e3o, Mariana Gon\u00e7alves, Maria Paula Caminha e Ana Luiza Franceschi veio no \u00faltimo s\u00e1bado (10) no all-around, que consiste na soma das notas das s\u00e9ries mista e simples de uma competi\u00e7\u00e3o.<img data-recalc-dims=\"1\" decoding=\"async\" src=\"https:\/\/i0.wp.com\/agenciabrasil.ebc.com.br\/ebc.png?w=696&#038;ssl=1\" style=\"width:1px; height:1px; display:inline;\"\/><img data-recalc-dims=\"1\" decoding=\"async\" src=\"https:\/\/i0.wp.com\/agenciabrasil.ebc.com.br\/ebc.gif?w=696&#038;ssl=1\" style=\"width:1px; height:1px; display:inline;\"\/><\/p>\n<blockquote class=\"twitter-tweet\">\n<p dir=\"ltr\" lang=\"pt\" xml:lang=\"pt\">TR\u00caS MEDALHAS E NEM PRECISA PEDIR M\u00daSICA! \ud83e\udd47\ud83e\udd47\ud83e\udd47\ud83c\udde7\ud83c\uddf7<\/p>\n<p>No embalo de \u201cEvid\u00eancias\u201d, as leoas da gin\u00e1stica r\u00edtmica brilharam em Portim\u00e3o e fizeram hist\u00f3ria com uma campanha perfeita: tr\u00eas medalhas de ouro poss\u00edveis na etapa da Copa do Mundo! \ud83e\udd38\u200d\u2640\ufe0f\ud83d\udd25<\/p>\n<p>\u00c9 o Brasil no topo do p\u00f3dio em ano de\u2026 <a href=\"https:\/\/t.co\/RUn9VuC7MA\">pic.twitter.com\/RUn9VuC7MA<\/a><\/p>\n<p>\u2014 Time Brasil (@timebrasil) <a href=\"https:\/\/twitter.com\/timebrasil\/status\/1921656559270236412?ref_src=twsrc%5Etfw\" rel=\"noopener\">May 11, 2025<\/a><\/p><\/blockquote>\n<p>Na s\u00e9rie mista, que neste ciclo ol\u00edmpico \u00e9 disputada com tr\u00eas bolas e dois arcos, o Brasil exibiu, pela primeira vez, sua coreografia ao som de \u201cEvid\u00eancias\u201d, m\u00fasica que alcan\u00e7ou grande sucesso nas vozes de Chit\u00e3ozinho e Xoror\u00f3. A performance da equipe comandada por Camila Ferezin valeu 26,150 pontos. Na sexta-feira, a s\u00e9rie simples havia rendido 25,200 pontos. Desta forma, na soma o conjunto verde-amarelo atingiu 51,350 pontos.<\/p>\n<p>Neste domingo (11) o Brasil garantiu outros dois ouros. O primeiro veio nas cinco fitas, aparelho no qual o conjunto brasileiro somou 26,700. Superando a Espanha (prata com 23,050 pontos) e os Estados Unidos (bronze com 20,150 pontos).<\/p>\n<p>A \u00faltima medalha dourada brasileira veio na s\u00e9rie mista (tr\u00eas bolas e dois arcos), novamente ao som de \u201cEvid\u00eancias\u201d. Esta performance valeu \u00e0s brasileiras 26,150 pontos, superando os Estados Unidos (prata com 22,300 pontos) e a Espanha (bronze com 22,200 pontos).<\/p>\n<p>      <!-- Relacionada --><\/p>\n<p>            <!-- Relacionada -->\n    <\/div>\n<p><script async src=\"\/\/platform.twitter.com\/widgets.js\" charset=\"utf-8\"><\/script><br \/>\n<br \/><br \/>\n<br \/><a href=\"https:\/\/agenciabrasil.ebc.com.br\/esportes\/noticia\/2025-05\/ginastica-ritmica-brasil-fecha-etapa-da-copa-do-mundo-com-tres-ouros\" rel=\"noopener\">Ag\u00eancia Brasil<\/a><\/p>\n","protected":false},"excerpt":{"rendered":"<p>O Brasil fechou a participa\u00e7\u00e3o na etapa de Portim\u00e3o (Portugal) da Copa do Mundo de gin\u00e1stica r\u00edtmica com a conquista de tr\u00eas medalhas de ouro. A primeira medalha dourada do conjunto formado por Maria Eduarda Arakaki, Nicole Pircio, B\u00e1rbara Galv\u00e3o, Mariana Gon\u00e7alves, Maria Paula Caminha e Ana Luiza Franceschi veio no \u00faltimo s\u00e1bado (10) no [&hellip;]<\/p>\n","protected":false},"author":1,"featured_media":32838,"comment_status":"open","ping_status":"open","sticky":false,"template":"","format":"standard","meta":{"_jetpack_newsletter_access":"","_jetpack_dont_email_post_to_subs":false,"_jetpack_newsletter_tier_id":0,"_jetpack_memberships_contains_paywalled_content":false,"_mbp_banners":[],"_jetpack_feature_clip_id":0,"_jetpack_memberships_contains_paid_content":false,"footnotes":"","jetpack_publicize_message":"","jetpack_publicize_feature_enabled":true,"jetpack_social_post_already_shared":true,"jetpack_social_options":{"image_generator_settings":{"template":"highway","default_image_id":0,"font":"","enabled":false},"version":2},"jetpack_post_was_ever_published":false},"categories":[23],"tags":[],"class_list":["post-32837","post","type-post","status-publish","format-standard","has-post-thumbnail","category-esportes"],"jetpack_publicize_connections":[],"jetpack-related-posts":[],"jetpack_shortlink":"https:\/\/wp.me\/p7Eq1F-8xD","jetpack_sharing_enabled":true,"jetpack_featured_media_url":"https:\/\/i0.wp.com\/guialimeira.com.br\/news\/wp-content\/uploads\/2025\/05\/451517_1151470_whatsapp_image_2025_05_10_at_18.24.10_web_.jpeg?fit=1600%2C800&ssl=1","_links":{"self":[{"href":"https:\/\/guialimeira.com.br\/news\/wp-json\/wp\/v2\/posts\/32837","targetHints":{"allow":["GET"]}}],"collection":[{"href":"https:\/\/guialimeira.com.br\/news\/wp-json\/wp\/v2\/posts"}],"about":[{"href":"https:\/\/guialimeira.com.br\/news\/wp-json\/wp\/v2\/types\/post"}],"author":[{"embeddable":true,"href":"https:\/\/guialimeira.com.br\/news\/wp-json\/wp\/v2\/users\/1"}],"replies":[{"embeddable":true,"href":"https:\/\/guialimeira.com.br\/news\/wp-json\/wp\/v2\/comments?post=32837"}],"version-history":[{"count":0,"href":"https:\/\/guialimeira.com.br\/news\/wp-json\/wp\/v2\/posts\/32837\/revisions"}],"wp:featuredmedia":[{"embeddable":true,"href":"https:\/\/guialimeira.com.br\/news\/wp-json\/wp\/v2\/media\/32838"}],"wp:attachment":[{"href":"https:\/\/guialimeira.com.br\/news\/wp-json\/wp\/v2\/media?parent=32837"}],"wp:term":[{"taxonomy":"category","embeddable":true,"href":"https:\/\/guialimeira.com.br\/news\/wp-json\/wp\/v2\/categories?post=32837"},{"taxonomy":"post_tag","embeddable":true,"href":"https:\/\/guialimeira.com.br\/news\/wp-json\/wp\/v2\/tags?post=32837"}],"curies":[{"name":"wp","href":"https:\/\/api.w.org\/{rel}","templated":true}]}}