{"id":32835,"date":"2025-05-11T18:34:40","date_gmt":"2025-05-11T21:34:40","guid":{"rendered":"https:\/\/guialimeira.com.br\/2025\/05\/11\/lula-se-reune-com-empresarios-chineses-em-pequim\/"},"modified":"2025-05-11T18:34:40","modified_gmt":"2025-05-11T21:34:40","slug":"lula-se-reune-com-empresarios-chineses-em-pequim","status":"publish","type":"post","link":"https:\/\/guialimeira.com.br\/news\/lula-se-reune-com-empresarios-chineses-em-pequim\/","title":{"rendered":"Lula se re\u00fane com empres\u00e1rios chineses em Pequim"},"content":{"rendered":"<p> <br \/>\n<\/p>\n<div>\n<p><strong>O presidente Luiz In\u00e1cio Lula da Silva tem uma agenda repleta de encontro com empres\u00e1rios nesta segunda-feira (12), em Pequim, onde cumpre visita oficial nos pr\u00f3ximos dias.\u00a0<\/strong><img data-recalc-dims=\"1\" decoding=\"async\" src=\"https:\/\/i0.wp.com\/agenciabrasil.ebc.com.br\/ebc.png?w=696&#038;ssl=1\" style=\"width:1px; height:1px; display:inline;\"\/><img data-recalc-dims=\"1\" decoding=\"async\" src=\"https:\/\/i0.wp.com\/agenciabrasil.ebc.com.br\/ebc.gif?w=696&#038;ssl=1\" style=\"width:1px; height:1px; display:inline;\"\/><\/p>\n<p><strong>Segundo o Pal\u00e1cio do Planalto, Lula se encontrar\u00e1 com os CEOs (diretores executivos) de duas grandes empresas chinesas. A primeira reuni\u00e3o ser\u00e1 com Lei Zhang, da Envision Energy, que produz turbinas e energia e\u00f3lica. Em seguida, Lula recebe Cheng Fubo, da Norinco, corpora\u00e7\u00e3o industrial que atua nos setores de defesa, automotivo, fabrica\u00e7\u00e3o de m\u00e1quinas, produtos qu\u00edmicos, eletr\u00f4nicos, entre outros.\u00a0<\/strong><\/p>\n<p>Essas reuni\u00f5es ocorrer\u00e3o ao longo da manh\u00e3, no hotel onde Lula est\u00e1 hospedado, noite de domingo no hor\u00e1rio oficial de Bras\u00edlia.<\/p>\n<p>Na parte da tarde de segunda, ainda madrugada no Brasil, Lula prossegue a agenda empresarial participando de encontro com representantes de empresas do setor de sa\u00fade, seguido da assinatura de acordos. No fim do dia, o presidente brasileiro participa do encerramento do semin\u00e1rio Brasil-China, que re\u00fane empreendedores de ambos os pa\u00edses.<\/p>\n<h2>C\u00fapula Celac-China<\/h2>\n<p><strong>Na ter\u00e7a-feira (13), a visita oficial ter\u00e1 continuidade com a participa\u00e7\u00e3o do presidente brasileiro na c\u00fapula de chefes de Estado e de Governo da Comunidade de Estados Latino-americanos e Caribenhos (Celac) com o governo chin\u00eas. A Celac \u00e9 a \u00fanica organiza\u00e7\u00e3o que re\u00fane praticamente todos os pa\u00edses latino-americanos.<\/strong><\/p>\n<p><strong>No mesmo dia, cumprindo visita de Estado, Lula ter\u00e1 encontros com as principais autoridades chinesas, entre os quais o presidente da Comiss\u00e3o Permanente da Assembleia Nacional Popular, Zhao Leji, e o primeiro-ministro da China, Li Qiang, e, finalmente, uma reuni\u00e3o ampliada com o presidente da China, Xi Jinping, no Grande Pal\u00e1cio do Povo. <a href=\"https:\/\/agenciabrasil.ebc.com.br\/politica\/noticia\/2025-05\/brasil-e-china-devem-fechar-16-acordos-em-nova-visita-de-lula-pequim\" target=\"_blank\" rel=\"noopener\">Ao menos 16 acordos entre os dois pa\u00edses devem ser assinados na ocasi\u00e3o<\/a>.<\/strong><\/p>\n<p>Lula, a primeira-dama Janja da Silva e uma comitiva de diversos ministros chegaram \u00e0 China na noite de s\u00e1bado (10), depois de visita \u00e0 R\u00fassia, onde o chefe do governo brasileiro de encontrou com o presidente Vladimir Putin, e <a href=\"https:\/\/agenciabrasil.ebc.com.br\/internacional\/noticia\/2025-05\/na-russia-lula-celebra-80-anos-da-vitoria-contra-o-nazismo\" target=\"_blank\" rel=\"noopener\">participou da cerim\u00f4nia de 80 anos da vit\u00f3ria da Uni\u00e3o Sovi\u00e9tica sobre a Alemanha nazista<\/a>, pondo fim \u00e0 Segunda Guerra Mundial na Europa.<\/p>\n<p><strong>A previs\u00e3o \u00e9 que o presidente volte ao Brasil na quarta-feira (14). \u00a0 \u00a0<\/strong><\/p>\n<p>      <!-- Relacionada --><\/p>\n<p>            <!-- Relacionada -->\n    <\/div>\n<p><br \/>\n<br \/><a href=\"https:\/\/agenciabrasil.ebc.com.br\/internacional\/noticia\/2025-05\/lula-se-reune-com-empresarios-chineses-em-pequim\" rel=\"noopener\">Ag\u00eancia Brasil <\/a><\/p>\n","protected":false},"excerpt":{"rendered":"<p>O presidente Luiz In\u00e1cio Lula da Silva tem uma agenda repleta de encontro com empres\u00e1rios nesta segunda-feira (12), em Pequim, onde cumpre visita oficial nos pr\u00f3ximos dias.\u00a0 Segundo o Pal\u00e1cio do Planalto, Lula se encontrar\u00e1 com os CEOs (diretores executivos) de duas grandes empresas chinesas. A primeira reuni\u00e3o ser\u00e1 com Lei Zhang, da Envision Energy, [&hellip;]<\/p>\n","protected":false},"author":1,"featured_media":32836,"comment_status":"open","ping_status":"open","sticky":false,"template":"","format":"standard","meta":{"_jetpack_newsletter_access":"","_jetpack_dont_email_post_to_subs":false,"_jetpack_newsletter_tier_id":0,"_jetpack_memberships_contains_paywalled_content":false,"_mbp_banners":[],"_jetpack_feature_clip_id":0,"_jetpack_memberships_contains_paid_content":false,"footnotes":"","jetpack_publicize_message":"","jetpack_publicize_feature_enabled":true,"jetpack_social_post_already_shared":true,"jetpack_social_options":{"image_generator_settings":{"template":"highway","default_image_id":0,"font":"","enabled":false},"version":2},"jetpack_post_was_ever_published":false},"categories":[25],"tags":[],"class_list":["post-32835","post","type-post","status-publish","format-standard","has-post-thumbnail","category-internacional"],"jetpack_publicize_connections":[],"jetpack-related-posts":[],"jetpack_shortlink":"https:\/\/wp.me\/p7Eq1F-8xB","jetpack_sharing_enabled":true,"jetpack_featured_media_url":"https:\/\/i0.wp.com\/guialimeira.com.br\/news\/wp-content\/uploads\/2025\/05\/54510081258_efea9b7f84_o.jpga_.jpg?fit=1600%2C800&ssl=1","_links":{"self":[{"href":"https:\/\/guialimeira.com.br\/news\/wp-json\/wp\/v2\/posts\/32835","targetHints":{"allow":["GET"]}}],"collection":[{"href":"https:\/\/guialimeira.com.br\/news\/wp-json\/wp\/v2\/posts"}],"about":[{"href":"https:\/\/guialimeira.com.br\/news\/wp-json\/wp\/v2\/types\/post"}],"author":[{"embeddable":true,"href":"https:\/\/guialimeira.com.br\/news\/wp-json\/wp\/v2\/users\/1"}],"replies":[{"embeddable":true,"href":"https:\/\/guialimeira.com.br\/news\/wp-json\/wp\/v2\/comments?post=32835"}],"version-history":[{"count":0,"href":"https:\/\/guialimeira.com.br\/news\/wp-json\/wp\/v2\/posts\/32835\/revisions"}],"wp:featuredmedia":[{"embeddable":true,"href":"https:\/\/guialimeira.com.br\/news\/wp-json\/wp\/v2\/media\/32836"}],"wp:attachment":[{"href":"https:\/\/guialimeira.com.br\/news\/wp-json\/wp\/v2\/media?parent=32835"}],"wp:term":[{"taxonomy":"category","embeddable":true,"href":"https:\/\/guialimeira.com.br\/news\/wp-json\/wp\/v2\/categories?post=32835"},{"taxonomy":"post_tag","embeddable":true,"href":"https:\/\/guialimeira.com.br\/news\/wp-json\/wp\/v2\/tags?post=32835"}],"curies":[{"name":"wp","href":"https:\/\/api.w.org\/{rel}","templated":true}]}}