{"id":32826,"date":"2025-05-11T14:30:40","date_gmt":"2025-05-11T17:30:40","guid":{"rendered":"https:\/\/guialimeira.com.br\/2025\/05\/11\/alckmin-deve-representar-o-brasil-em-missa-inaugural-de-leao-xiv\/"},"modified":"2025-05-11T14:30:40","modified_gmt":"2025-05-11T17:30:40","slug":"alckmin-deve-representar-o-brasil-em-missa-inaugural-de-leao-xiv","status":"publish","type":"post","link":"https:\/\/guialimeira.com.br\/news\/alckmin-deve-representar-o-brasil-em-missa-inaugural-de-leao-xiv\/","title":{"rendered":"Alckmin deve representar o Brasil em missa inaugural de Le\u00e3o XIV"},"content":{"rendered":"<p> <br \/>\n<\/p>\n<div>\n<p><strong><a href=\"https:\/\/agenciabrasil.ebc.com.br\/internacional\/noticia\/2025-05\/missa-de-posse-do-papa-leao-xiv-ocorrera-em-18-de-maio\" target=\"_blank\" rel=\"noopener\">O presidente em exerc\u00edcio, Geraldo Alckmin, afirmou neste domingo (11) que ser\u00e1 uma honra representar o governo brasileiro na missa que marcar\u00e1 o in\u00edcio do pontificado do papa Le\u00e3o XIV, em Roma, no dia 18 deste m\u00eas<\/a>. A indica\u00e7\u00e3o da ida de Alckmin foi dada pelo presidente Luiz In\u00e1cio Lula da Silva, em entrevista coletiva concedida em Moscou, onde o mandat\u00e1rio cumpriu agenda oficial, antes de viajar para China.<\/strong><img data-recalc-dims=\"1\" decoding=\"async\" src=\"https:\/\/i0.wp.com\/agenciabrasil.ebc.com.br\/ebc.png?w=696&#038;ssl=1\" style=\"width:1px; height:1px; display:inline;\"\/><img data-recalc-dims=\"1\" decoding=\"async\" src=\"https:\/\/i0.wp.com\/agenciabrasil.ebc.com.br\/ebc.gif?w=696&#038;ssl=1\" style=\"width:1px; height:1px; display:inline;\"\/><\/p>\n<blockquote>\n<p>&#8220;O presidente Lula ainda n\u00e3o falou comigo, mas eu vi na imprensa que ele vai pedir que eu represente o governo e o povo brasileiro na posse do nosso pont\u00edfice, Le\u00e3o XIV. Ser\u00e1 uma honra. O Brasil \u00e9 o maior pa\u00eds cat\u00f3lico do mundo&#8221;, disse Alckmin a jornalistas durante visita \u00e0 5\u00aa Feira Nacional da Reforma Agr\u00e1ria, organizada pelo Movimento dos Trabalhadores Rurais Sem-Terra (MST), na cidade de S\u00e3o Paulo.<\/p>\n<\/blockquote>\n<p><a href=\"https:\/\/agenciabrasil.ebc.com.br\/internacional\/noticia\/2025-05\/quem-e-o-papa-leao-xiv-proximo-de-francisco-e-missionario-no-peru\" target=\"_blank\" rel=\"noopener\">Geraldo Alckmin, que \u00e9 cat\u00f3lico praticante, destacou o fato de o novo papa ter nascido nos Estados Unidos e tido uma trajet\u00f3ria pastoral de d\u00e9cadas no Peru<\/a>.<\/p>\n<blockquote>\n<p>&#8220;N\u00f3s estamos muito felizes, todos os latino-americanos. O papa dar\u00e1 continuidade ao trabalho do papa Francisco&#8221;, refor\u00e7ou, lembrando que a escolha do nome Le\u00e3o XIV remete a Le\u00e3o XIII, pont\u00edfice que estabeleceu as bases doutrin\u00e1rias da justi\u00e7a social na Igreja Cat\u00f3lica, no in\u00edcio do s\u00e9culo passado, por meio da famosa enc\u00edclica Rerum Novarum.<\/p>\n<\/blockquote>\n<p><strong>&#8220;Tenho certeza de que o papa Le\u00e3o XIV ser\u00e1 um papa contempor\u00e2neo, do nosso tempo. J\u00e1 a primeira mensagem dele foi a paz. Eu acho que ele vai ter um papel importante no di\u00e1logo, na aproxima\u00e7\u00e3o entre as religi\u00f5es, na aproxima\u00e7\u00e3o entre os povos. \u00c9 o papa da esperan\u00e7a e contempor\u00e2neo da quest\u00e3o clim\u00e1tica, da justi\u00e7a social&#8221;, completou.<\/strong><\/p>\n<h2>Feira agroecol\u00f3gica<\/h2>\n<p>Na visita \u00e0 edi\u00e7\u00e3o de 2025 da Feira Nacional da Reforma Agr\u00e1ria, o presidente em exerc\u00edcio enfatizou a preocupa\u00e7\u00e3o dos agricultores familiares com a agroecologia e a produ\u00e7\u00e3o de alimentos org\u00e2nicos.<\/p>\n<blockquote>\n<p>&#8220;A preocupa\u00e7\u00e3o com mudas nativas, com a recomposi\u00e7\u00e3o de matas ciliares, a recomposi\u00e7\u00e3o do nosso bioma. E destacar tamb\u00e9m a agroecologia, os produtos org\u00e2nicos, \u00a0saud\u00e1veis, destacar a produ\u00e7\u00e3o de alimentos. A agricultura familiar \u00e9 campe\u00e3 da produ\u00e7\u00e3o de alimentos, especialmente verduras, arroz, feij\u00e3o, frutas. E a agroind\u00fastria, atrav\u00e9s do associativismo e do cooperativismo.&#8221;\u00a0<\/p>\n<\/blockquote>\n<p>O evento deve receber, at\u00e9 o fim do dia de hoje, cerca de 300 mil visitantes, que podem participar de atividades art\u00edsticas, pol\u00edticas e culturais e a oferta de mais de 1,8 mil tipos de alimentos diferentes, produzidos por acampamentos e assentamentos de todo o pa\u00eds.<\/p>\n<h2>Vale-alimenta\u00e7\u00e3o<\/h2>\n<p>Alckmin tamb\u00e9m afirmou que o governo federal est\u00e1 fechando propostas de mudan\u00e7as no Programa de Alimenta\u00e7\u00e3o do Trabalhador (PAT), que estabelece regras sobre a concess\u00e3o dos vales alimenta\u00e7\u00e3o e refei\u00e7\u00e3o pelas empresas a seus funcion\u00e1rios com carteira assinada.<\/p>\n<blockquote>\n<p>&#8220;Entendo que h\u00e1 espa\u00e7o para diminuir a intermedia\u00e7\u00e3o, para que esse recurso beneficie mais o trabalhador, o seu poder de compra, e tamb\u00e9m os pequenos fornecedores&#8221;, afirmou.<\/p>\n<\/blockquote>\n<h2>Fraude no INSS<\/h2>\n<p><strong>Questionado sobre as medidas para resolver a situa\u00e7\u00e3o de aposentados e pensionistas prejudicados com a fraude dos descontos indevidos feitos por associa\u00e7\u00f5es, Alckmin disse que o caso ser\u00e1 solucionado pelo governo. \u00a0<\/strong><\/p>\n<blockquote>\n<p>&#8220;\u00c9 importante destacar que n\u00e3o come\u00e7ou agora. Infelizmente, come\u00e7ou l\u00e1 atr\u00e1s, mas vai terminar agora. J\u00e1 foi totalmente suspenso, sem mais nenhum desconto&#8221;, assegurou.<\/p>\n<\/blockquote>\n<p>O presidente em exerc\u00edcio enumerou as a\u00e7\u00f5es em curso, como o <a href=\"https:\/\/agenciabrasil.ebc.com.br\/economia\/noticia\/2025-05\/agu-pede-bloqueio-de-bens-de-mais-14-investigados-por-fraude-no-inss\" target=\"_blank\" rel=\"noopener\">pedido da Advocacia-Geral da Uni\u00e3o (AGU) para bloquear bens de empresas e pessoas f\u00edsicas<\/a> acusadas de envolvimento no esquema e o<a href=\"https:\/\/agenciabrasil.ebc.com.br\/economia\/noticia\/2025-05\/inss-vai-devolver-r-292-milhoes-aposentados-com-descontos-ilegais\" target=\"_blank\" rel=\"noopener\"> in\u00edcio da devolu\u00e7\u00e3o dos recursos cobrados indevidamente<\/a>, que come\u00e7ar\u00e1 com aporte de R$ 292 milh\u00f5es.<\/p>\n<p>Ainda segundo Alckmin, cerca de 20 milh\u00f5es de aposentados do Instituto Nacional do Seguro Social (INSS), que n\u00e3o tiveram descontos indevidos, foram comunicados pela autarquia. Os outros benefici\u00e1rios poder\u00e3o indicar, por meio da plataforma Meu INSS, se autorizaram descontos de associa\u00e7\u00f5es.\u00a0<\/p>\n<p><strong>Al\u00e9m do servi\u00e7o pela internet, o INSS estuda uma forma de atender, de forma presencial, os aposentados que t\u00eam dificuldade de acesso \u00e0 internet.<\/strong><\/p>\n<p>      <!-- Relacionada --><\/p>\n<p>            <!-- Relacionada -->\n    <\/div>\n<p><br \/>\n<br \/><a href=\"https:\/\/agenciabrasil.ebc.com.br\/internacional\/noticia\/2025-05\/alckmin-deve-representar-o-brasil-em-missa-inaugural-de-leao-xiv\" rel=\"noopener\">Ag\u00eancia Brasil <\/a><\/p>\n","protected":false},"excerpt":{"rendered":"<p>O presidente em exerc\u00edcio, Geraldo Alckmin, afirmou neste domingo (11) que ser\u00e1 uma honra representar o governo brasileiro na missa que marcar\u00e1 o in\u00edcio do pontificado do papa Le\u00e3o XIV, em Roma, no dia 18 deste m\u00eas. A indica\u00e7\u00e3o da ida de Alckmin foi dada pelo presidente Luiz In\u00e1cio Lula da Silva, em entrevista coletiva [&hellip;]<\/p>\n","protected":false},"author":1,"featured_media":32827,"comment_status":"open","ping_status":"open","sticky":false,"template":"","format":"standard","meta":{"_jetpack_newsletter_access":"","_jetpack_dont_email_post_to_subs":false,"_jetpack_newsletter_tier_id":0,"_jetpack_memberships_contains_paywalled_content":false,"_mbp_banners":[],"_jetpack_feature_clip_id":0,"_jetpack_memberships_contains_paid_content":false,"footnotes":"","jetpack_publicize_message":"","jetpack_publicize_feature_enabled":true,"jetpack_social_post_already_shared":true,"jetpack_social_options":{"image_generator_settings":{"template":"highway","default_image_id":0,"font":"","enabled":false},"version":2},"jetpack_post_was_ever_published":false},"categories":[25],"tags":[],"class_list":["post-32826","post","type-post","status-publish","format-standard","has-post-thumbnail","category-internacional"],"jetpack_publicize_connections":[],"jetpack-related-posts":[],"jetpack_shortlink":"https:\/\/wp.me\/p7Eq1F-8xs","jetpack_sharing_enabled":true,"jetpack_featured_media_url":"https:\/\/i0.wp.com\/guialimeira.com.br\/news\/wp-content\/uploads\/2025\/05\/54393707349_786d568f6f_o.jpg?fit=1600%2C800&ssl=1","_links":{"self":[{"href":"https:\/\/guialimeira.com.br\/news\/wp-json\/wp\/v2\/posts\/32826","targetHints":{"allow":["GET"]}}],"collection":[{"href":"https:\/\/guialimeira.com.br\/news\/wp-json\/wp\/v2\/posts"}],"about":[{"href":"https:\/\/guialimeira.com.br\/news\/wp-json\/wp\/v2\/types\/post"}],"author":[{"embeddable":true,"href":"https:\/\/guialimeira.com.br\/news\/wp-json\/wp\/v2\/users\/1"}],"replies":[{"embeddable":true,"href":"https:\/\/guialimeira.com.br\/news\/wp-json\/wp\/v2\/comments?post=32826"}],"version-history":[{"count":0,"href":"https:\/\/guialimeira.com.br\/news\/wp-json\/wp\/v2\/posts\/32826\/revisions"}],"wp:featuredmedia":[{"embeddable":true,"href":"https:\/\/guialimeira.com.br\/news\/wp-json\/wp\/v2\/media\/32827"}],"wp:attachment":[{"href":"https:\/\/guialimeira.com.br\/news\/wp-json\/wp\/v2\/media?parent=32826"}],"wp:term":[{"taxonomy":"category","embeddable":true,"href":"https:\/\/guialimeira.com.br\/news\/wp-json\/wp\/v2\/categories?post=32826"},{"taxonomy":"post_tag","embeddable":true,"href":"https:\/\/guialimeira.com.br\/news\/wp-json\/wp\/v2\/tags?post=32826"}],"curies":[{"name":"wp","href":"https:\/\/api.w.org\/{rel}","templated":true}]}}