{"id":3281,"date":"2024-04-30T22:02:43","date_gmt":"2024-05-01T01:02:43","guid":{"rendered":"https:\/\/guialimeira.com.br\/2024\/04\/30\/atividade-na-estacao-da-paulista-reune-110-motociclistas-portal-do-municipio-de-piracicaba\/"},"modified":"2024-04-30T22:02:43","modified_gmt":"2024-05-01T01:02:43","slug":"atividade-na-estacao-da-paulista-reune-110-motociclistas-portal-do-municipio-de-piracicaba","status":"publish","type":"post","link":"https:\/\/guialimeira.com.br\/news\/atividade-na-estacao-da-paulista-reune-110-motociclistas-portal-do-municipio-de-piracicaba\/","title":{"rendered":"atividade na Esta\u00e7\u00e3o da Paulista re\u00fane 110 motociclistas \u2013 Portal do Munic\u00edpio de Piracicaba"},"content":{"rendered":"<p> <br \/>\n<\/p>\n<div>\n<figure class=\"text-center\">\n<img data-recalc-dims=\"1\" width=\"696\" height=\"464\" src=\"https:\/\/i0.wp.com\/piracicaba.sp.gov.br\/wp-content\/uploads\/2024\/04\/Atividade-atendeu-110-motociclistas-na-manha-desta-terca-feira-1024x683.jpg?resize=696%2C464&#038;ssl=1\" class=\"img-fluid img-thumbnail border-1 wp-post-image\" alt=\"Atividade atendeu 110 motociclistas na manh\u00e3 desta ter\u00e7a-feira\" itemprop=\"image\" decoding=\"async\" fetchpriority=\"high\" srcset=\"https:\/\/piracicaba.sp.gov.br\/wp-content\/uploads\/2024\/04\/Atividade-atendeu-110-motociclistas-na-manha-desta-terca-feira-1024x683.jpg 1024w, https:\/\/piracicaba.sp.gov.br\/wp-content\/uploads\/2024\/04\/Atividade-atendeu-110-motociclistas-na-manha-desta-terca-feira-300x200.jpg 300w, https:\/\/piracicaba.sp.gov.br\/wp-content\/uploads\/2024\/04\/Atividade-atendeu-110-motociclistas-na-manha-desta-terca-feira-768x512.jpg 768w, https:\/\/piracicaba.sp.gov.br\/wp-content\/uploads\/2024\/04\/Atividade-atendeu-110-motociclistas-na-manha-desta-terca-feira-1536x1024.jpg 1536w, https:\/\/piracicaba.sp.gov.br\/wp-content\/uploads\/2024\/04\/Atividade-atendeu-110-motociclistas-na-manha-desta-terca-feira.jpg 2048w\" sizes=\"(max-width: 1024px) 100vw, 1024px\"\/><figcaption class=\"text-center small fw-bold fst-italic mt-1\">Atividade atendeu 110 motociclistas na manh\u00e3 desta ter\u00e7a-feira<\/figcaption><\/figure>\n<p>Cento e dez motociclistas participaram das a\u00e7\u00f5es que marcaram a abertura da campanha alusiva ao movimento Maio Amarelo, de conscientiza\u00e7\u00e3o para redu\u00e7\u00e3o de acidentes no tr\u00e2nsito, que tem como tema Paz no Tr\u00e2nsito Come\u00e7a por Voc\u00ea, realizada na manh\u00e3 de hoje, 30\/04, em frente \u00e0 Esta\u00e7\u00e3o da Paulista. A a\u00e7\u00e3o foi organizada pela Semuttran (Secretaria de Tr\u00e2nsito e Transportes), Cerest (Centro de Refer\u00eancia em Sa\u00fade do Trabalhador), da Secretaria de Sa\u00fade, e F\u00f3rum de Seguran\u00e7a e Educa\u00e7\u00e3o para o Tr\u00e2nsito, da C\u00e2mara Municipal.<\/p>\n<figure class=\"wp-block-image size-large\"><img data-recalc-dims=\"1\" loading=\"lazy\" decoding=\"async\" width=\"696\" height=\"464\" src=\"https:\/\/i0.wp.com\/piracicaba.sp.gov.br\/wp-content\/uploads\/2024\/04\/Agentes-da-Semuttran-orientavam-os-motociclistas-a-participar-da-acao-realizada-na-Estacao-da-Paulista-1024x683.jpg?resize=696%2C464&#038;ssl=1\" alt=\"Agentes da Semuttran orientavam os motociclistas a participar da a\u00e7\u00e3o realizada na Esta\u00e7\u00e3o da Paulista\" class=\"wp-image-78207\" srcset=\"https:\/\/piracicaba.sp.gov.br\/wp-content\/uploads\/2024\/04\/Agentes-da-Semuttran-orientavam-os-motociclistas-a-participar-da-acao-realizada-na-Estacao-da-Paulista-1024x683.jpg 1024w, https:\/\/piracicaba.sp.gov.br\/wp-content\/uploads\/2024\/04\/Agentes-da-Semuttran-orientavam-os-motociclistas-a-participar-da-acao-realizada-na-Estacao-da-Paulista-300x200.jpg 300w, https:\/\/piracicaba.sp.gov.br\/wp-content\/uploads\/2024\/04\/Agentes-da-Semuttran-orientavam-os-motociclistas-a-participar-da-acao-realizada-na-Estacao-da-Paulista-768x512.jpg 768w, https:\/\/piracicaba.sp.gov.br\/wp-content\/uploads\/2024\/04\/Agentes-da-Semuttran-orientavam-os-motociclistas-a-participar-da-acao-realizada-na-Estacao-da-Paulista-1536x1024.jpg 1536w, https:\/\/piracicaba.sp.gov.br\/wp-content\/uploads\/2024\/04\/Agentes-da-Semuttran-orientavam-os-motociclistas-a-participar-da-acao-realizada-na-Estacao-da-Paulista.jpg 2048w\" sizes=\"auto, (max-width: 1024px) 100vw, 1024px\"\/><figcaption class=\"wp-element-caption\"><strong><em>Agentes da Semuttran orientavam os motociclistas a participar da a\u00e7\u00e3o realizada na Esta\u00e7\u00e3o da Paulista<\/em><\/strong><\/figcaption><\/figure>\n<p>Jane Franco Oliveira, titular da Semuttran, destacou que o evento foi voltado para motociclistas devido \u00e0 ocorr\u00eancia de acidentes de tr\u00e2nsito envolvendo pessoas que utilizam moto para trabalhar. \u201cDurante o m\u00eas de maio vamos realizar outras mais de 40 blitzes como esta a fim de educar e conscientizar os motoristas por um tr\u00e2nsito mais seguro. Hoje aqui foram ofertados testes de vis\u00e3o, aferi\u00e7\u00e3o de press\u00e3o, testes r\u00e1pidos para HIV e s\u00edfilis, distribui\u00e7\u00e3o e instala\u00e7\u00e3o de antenas corta linha, checklist de motos e orienta\u00e7\u00e3o de dire\u00e7\u00e3o defensiva\u201d, afirmou.<\/p>\n<figure class=\"wp-block-image size-large\"><img data-recalc-dims=\"1\" loading=\"lazy\" decoding=\"async\" width=\"696\" height=\"464\" src=\"https:\/\/i0.wp.com\/piracicaba.sp.gov.br\/wp-content\/uploads\/2024\/04\/Jane-Franco-e-secretaria-da-Semuttrtan-1024x683.jpg?resize=696%2C464&#038;ssl=1\" alt=\"Jane Franco \u00e9 secret\u00e1ria da Semuttran\" class=\"wp-image-78210\" srcset=\"https:\/\/piracicaba.sp.gov.br\/wp-content\/uploads\/2024\/04\/Jane-Franco-e-secretaria-da-Semuttrtan-1024x683.jpg 1024w, https:\/\/piracicaba.sp.gov.br\/wp-content\/uploads\/2024\/04\/Jane-Franco-e-secretaria-da-Semuttrtan-300x200.jpg 300w, https:\/\/piracicaba.sp.gov.br\/wp-content\/uploads\/2024\/04\/Jane-Franco-e-secretaria-da-Semuttrtan-768x512.jpg 768w, https:\/\/piracicaba.sp.gov.br\/wp-content\/uploads\/2024\/04\/Jane-Franco-e-secretaria-da-Semuttrtan-1536x1024.jpg 1536w, https:\/\/piracicaba.sp.gov.br\/wp-content\/uploads\/2024\/04\/Jane-Franco-e-secretaria-da-Semuttrtan.jpg 2048w\" sizes=\"auto, (max-width: 1024px) 100vw, 1024px\"\/><figcaption class=\"wp-element-caption\"><strong><em>Jane Franco \u00e9 secret\u00e1ria da Semuttran<\/em><\/strong><\/figcaption><\/figure>\n<p>A microempres\u00e1ria Julia Stefany Almeida Leite, de 22 anos, veio participar da a\u00e7\u00e3o incentivada pelo pai. \u201cEle ficou sabendo desta a\u00e7\u00e3o e me falou para participar, que seria importante. Realmente foi muito bom participar, instalei uma antena corta linha que garante a seguran\u00e7a para os motociclistas evitando acidentes mais s\u00e9rios envolvendo linhas de pipa. Al\u00e9m disso, refor\u00e7o o pedido aos motoristas de carros, vans, \u00f4nibus e caminh\u00e3o, que respeitem os motociclistas nas ruas e estradas, para evitar acidentes\u201d, enfatizou.<\/p>\n<figure class=\"wp-block-image size-large\"><img data-recalc-dims=\"1\" loading=\"lazy\" decoding=\"async\" width=\"696\" height=\"464\" src=\"https:\/\/i0.wp.com\/piracicaba.sp.gov.br\/wp-content\/uploads\/2024\/04\/Julia-Stefany-aprovou-a-atividade-realizada-em-frente-a-Estacao-da-Paulista-1024x683.jpg?resize=696%2C464&#038;ssl=1\" alt=\"Julia Stefany aprovou a atividade realizada em frente a Esta\u00e7\u00e3o da Paulista\" class=\"wp-image-78211\" srcset=\"https:\/\/piracicaba.sp.gov.br\/wp-content\/uploads\/2024\/04\/Julia-Stefany-aprovou-a-atividade-realizada-em-frente-a-Estacao-da-Paulista-1024x683.jpg 1024w, https:\/\/piracicaba.sp.gov.br\/wp-content\/uploads\/2024\/04\/Julia-Stefany-aprovou-a-atividade-realizada-em-frente-a-Estacao-da-Paulista-300x200.jpg 300w, https:\/\/piracicaba.sp.gov.br\/wp-content\/uploads\/2024\/04\/Julia-Stefany-aprovou-a-atividade-realizada-em-frente-a-Estacao-da-Paulista-768x512.jpg 768w, https:\/\/piracicaba.sp.gov.br\/wp-content\/uploads\/2024\/04\/Julia-Stefany-aprovou-a-atividade-realizada-em-frente-a-Estacao-da-Paulista-1536x1024.jpg 1536w, https:\/\/piracicaba.sp.gov.br\/wp-content\/uploads\/2024\/04\/Julia-Stefany-aprovou-a-atividade-realizada-em-frente-a-Estacao-da-Paulista.jpg 2048w\" sizes=\"auto, (max-width: 1024px) 100vw, 1024px\"\/><figcaption class=\"wp-element-caption\"><strong><em>Julia Stefany aprovou a atividade realizada em frente a Esta\u00e7\u00e3o da Paulista<\/em><\/strong><\/figcaption><\/figure>\n<p>O mec\u00e2nico Marcos Jos\u00e9 Alves, de 42 anos, aprovou a campanha. \u201c\u00c9 muito bom. \u00c0s vezes n\u00e3o temos tempo para cuidar da nossa sa\u00fade e, aqui, de forma r\u00e1pida e simples pude fazer um teste de vis\u00e3o, exames de sa\u00fade e orienta\u00e7\u00f5es sobre dire\u00e7\u00e3o segura. Espero que tenham outras a\u00e7\u00f5es como esta e que mais pessoas possam participar\u201d, completou.<\/p>\n<figure class=\"wp-block-image size-large\"><img data-recalc-dims=\"1\" loading=\"lazy\" decoding=\"async\" width=\"696\" height=\"464\" src=\"https:\/\/i0.wp.com\/piracicaba.sp.gov.br\/wp-content\/uploads\/2024\/04\/Marcos-Jose-Alves-realizou-exames-de-saude-instalou-antena-corta-linha-e-fez-checklist-em-sua-moto-1024x683.jpg?resize=696%2C464&#038;ssl=1\" alt=\"Marcos Jos\u00e9 Alves realizou exames de sa\u00fade, instalou antena corta linha e fez checklist em sua moto\" class=\"wp-image-78212\" srcset=\"https:\/\/piracicaba.sp.gov.br\/wp-content\/uploads\/2024\/04\/Marcos-Jose-Alves-realizou-exames-de-saude-instalou-antena-corta-linha-e-fez-checklist-em-sua-moto-1024x683.jpg 1024w, https:\/\/piracicaba.sp.gov.br\/wp-content\/uploads\/2024\/04\/Marcos-Jose-Alves-realizou-exames-de-saude-instalou-antena-corta-linha-e-fez-checklist-em-sua-moto-300x200.jpg 300w, https:\/\/piracicaba.sp.gov.br\/wp-content\/uploads\/2024\/04\/Marcos-Jose-Alves-realizou-exames-de-saude-instalou-antena-corta-linha-e-fez-checklist-em-sua-moto-768x512.jpg 768w, https:\/\/piracicaba.sp.gov.br\/wp-content\/uploads\/2024\/04\/Marcos-Jose-Alves-realizou-exames-de-saude-instalou-antena-corta-linha-e-fez-checklist-em-sua-moto-1536x1024.jpg 1536w, https:\/\/piracicaba.sp.gov.br\/wp-content\/uploads\/2024\/04\/Marcos-Jose-Alves-realizou-exames-de-saude-instalou-antena-corta-linha-e-fez-checklist-em-sua-moto.jpg 2048w\" sizes=\"auto, (max-width: 1024px) 100vw, 1024px\"\/><figcaption class=\"wp-element-caption\"><strong><em>Marcos Jos\u00e9 Alves realizou exames de sa\u00fade, instalou antena corta linha e fez checklist em sua moto<\/em><\/strong><\/figcaption><\/figure>\n<p>Clarice Bragantini, coordenadora do Cerest Piracicaba, refor\u00e7ou que a a\u00e7\u00e3o encerrou as atividades do Abril Verde, em mem\u00f3ria das v\u00edtimas de acidentes de trabalho. \u201cA atividade \u00e9 importante, pois marca o encerramento das a\u00e7\u00f5es voltadas para a seguran\u00e7a no trabalho, que fizemos especialmente voltadas para os motociclistas que utilizam a moto como meio de trabalho, uma vez que as maiores v\u00edtimas dos acidentes de tr\u00e2nsito s\u00e3o eles. Al\u00e9m disso, aproveitamos para ampliar o conhecimento sobre as a\u00e7\u00f5es do Cerest junto a popula\u00e7\u00e3o. N\u00f3s n\u00e3o ficamos somente levantando n\u00fameros, mas \u00e9 a partir deles que incentivamos a cria\u00e7\u00e3o de pol\u00edticas p\u00fablicas para proteger a sa\u00fade do trabalhador, uma delas \u00e9 o acompanhamento das pessoas acidentadas, desde o dia do acidente, durante sua recupera\u00e7\u00e3o at\u00e9 sua volta as atividades remuneradas\u201d, afirmou.<\/p>\n<figure class=\"wp-block-image size-large\"><img data-recalc-dims=\"1\" loading=\"lazy\" decoding=\"async\" width=\"696\" height=\"464\" src=\"https:\/\/i0.wp.com\/piracicaba.sp.gov.br\/wp-content\/uploads\/2024\/04\/Clarice-Bragantini-e-coordenadora-do-Cerest-Piracicaba-1024x683.jpg?resize=696%2C464&#038;ssl=1\" alt=\"Clarice Bragantini \u00e9 coordenadora do Cerest Piracicaba\" class=\"wp-image-78209\" srcset=\"https:\/\/piracicaba.sp.gov.br\/wp-content\/uploads\/2024\/04\/Clarice-Bragantini-e-coordenadora-do-Cerest-Piracicaba-1024x683.jpg 1024w, https:\/\/piracicaba.sp.gov.br\/wp-content\/uploads\/2024\/04\/Clarice-Bragantini-e-coordenadora-do-Cerest-Piracicaba-300x200.jpg 300w, https:\/\/piracicaba.sp.gov.br\/wp-content\/uploads\/2024\/04\/Clarice-Bragantini-e-coordenadora-do-Cerest-Piracicaba-768x512.jpg 768w, https:\/\/piracicaba.sp.gov.br\/wp-content\/uploads\/2024\/04\/Clarice-Bragantini-e-coordenadora-do-Cerest-Piracicaba-1536x1024.jpg 1536w, https:\/\/piracicaba.sp.gov.br\/wp-content\/uploads\/2024\/04\/Clarice-Bragantini-e-coordenadora-do-Cerest-Piracicaba.jpg 2048w\" sizes=\"auto, (max-width: 1024px) 100vw, 1024px\"\/><figcaption class=\"wp-element-caption\"><strong><em>Clarice Bragantini \u00e9 coordenadora do Cerest Piracicaba<\/em><\/strong><\/figcaption><\/figure>\n<p><strong>MAIO AMARELO \u2013\u00a0<\/strong>A campanha segue ao longo do m\u00eas com a\u00e7\u00f5es de abordagem nos dias 1\u00ba, 05, 16, 24 e 30, em parceria com a Pol\u00edcia Militar e a Guarda Civil Municipal. Tamb\u00e9m haver\u00e1 a\u00e7\u00f5es de conscientiza\u00e7\u00e3o em conjunto com a GCM e a PM, nos dias 2, 3, 6, 9, 12, 15, 19, 23, 28 e 31. A campanha contar\u00e1 ainda com eventos extras, como distribui\u00e7\u00e3o de fitas s\u00edmbolo, orienta\u00e7\u00f5es a estudantes com entrega de material, fiscaliza\u00e7\u00e3o de vans escolares e palestra.<\/p>\n<figure class=\"wp-block-image size-large\"><img data-recalc-dims=\"1\" loading=\"lazy\" decoding=\"async\" width=\"696\" height=\"464\" src=\"https:\/\/i0.wp.com\/piracicaba.sp.gov.br\/wp-content\/uploads\/2024\/04\/Motociclistas-aprovaram-acoes-de-instalacao-de-antenas-corta-linha-e-checklist-de-manutencao-de-motos-1024x683.jpg?resize=696%2C464&#038;ssl=1\" alt=\"Motociclistas aprovaram a\u00e7\u00f5es de instala\u00e7\u00e3o de antenas corta linha e checklist de manuten\u00e7\u00e3o de motos\" class=\"wp-image-78213\" srcset=\"https:\/\/piracicaba.sp.gov.br\/wp-content\/uploads\/2024\/04\/Motociclistas-aprovaram-acoes-de-instalacao-de-antenas-corta-linha-e-checklist-de-manutencao-de-motos-1024x683.jpg 1024w, https:\/\/piracicaba.sp.gov.br\/wp-content\/uploads\/2024\/04\/Motociclistas-aprovaram-acoes-de-instalacao-de-antenas-corta-linha-e-checklist-de-manutencao-de-motos-300x200.jpg 300w, https:\/\/piracicaba.sp.gov.br\/wp-content\/uploads\/2024\/04\/Motociclistas-aprovaram-acoes-de-instalacao-de-antenas-corta-linha-e-checklist-de-manutencao-de-motos-768x512.jpg 768w, https:\/\/piracicaba.sp.gov.br\/wp-content\/uploads\/2024\/04\/Motociclistas-aprovaram-acoes-de-instalacao-de-antenas-corta-linha-e-checklist-de-manutencao-de-motos-1536x1024.jpg 1536w, https:\/\/piracicaba.sp.gov.br\/wp-content\/uploads\/2024\/04\/Motociclistas-aprovaram-acoes-de-instalacao-de-antenas-corta-linha-e-checklist-de-manutencao-de-motos.jpg 2048w\" sizes=\"auto, (max-width: 1024px) 100vw, 1024px\"\/><figcaption class=\"wp-element-caption\"><strong><em>Motociclistas aprovaram a\u00e7\u00f5es de instala\u00e7\u00e3o de antenas corta linha e checklist de manuten\u00e7\u00e3o de motos<\/em><\/strong><\/figcaption><\/figure>\n<p>\u201cEsse ano o tema reflete a nossa busca incessante de preservar vidas, diminuindo os acidentes e claro, tamb\u00e9m, evitar as sequelas, causadas por atitudes que poderiam ser prevenidas, que s\u00e3o as famosas imprud\u00eancias no tr\u00e2nsito\u201d, encerrou Jane Franco.<\/p>\n<\/div>\n<p><br \/>\n<br \/><a href=\"https:\/\/piracicaba.sp.gov.br\/noticias\/maio-amarelo-atividade-na-estacao-da-paulista-reune-110-motociclistas\/\" rel=\"noopener\">Informa\u00e7\u00f5es PMP <\/a><\/p>\n","protected":false},"excerpt":{"rendered":"<p>Atividade atendeu 110 motociclistas na manh\u00e3 desta ter\u00e7a-feira Cento e dez motociclistas participaram das a\u00e7\u00f5es que marcaram a abertura da campanha alusiva ao movimento Maio Amarelo, de conscientiza\u00e7\u00e3o para redu\u00e7\u00e3o de acidentes no tr\u00e2nsito, que tem como tema Paz no Tr\u00e2nsito Come\u00e7a por Voc\u00ea, realizada na manh\u00e3 de hoje, 30\/04, em frente \u00e0 Esta\u00e7\u00e3o da [&hellip;]<\/p>\n","protected":false},"author":1,"featured_media":3282,"comment_status":"open","ping_status":"open","sticky":false,"template":"","format":"standard","meta":{"_jetpack_newsletter_access":"","_jetpack_dont_email_post_to_subs":false,"_jetpack_newsletter_tier_id":0,"_jetpack_memberships_contains_paywalled_content":false,"_mbp_banners":[],"_jetpack_feature_clip_id":0,"_jetpack_memberships_contains_paid_content":false,"footnotes":"","jetpack_publicize_message":"","jetpack_publicize_feature_enabled":true,"jetpack_social_post_already_shared":true,"jetpack_social_options":{"image_generator_settings":{"template":"highway","default_image_id":0,"font":"","enabled":false},"version":2},"jetpack_post_was_ever_published":false},"categories":[20],"tags":[],"class_list":["post-3281","post","type-post","status-publish","format-standard","has-post-thumbnail","category-regiao"],"jetpack_publicize_connections":[],"jetpack-related-posts":[],"jetpack_shortlink":"https:\/\/wp.me\/p7Eq1F-QV","jetpack_sharing_enabled":true,"jetpack_featured_media_url":"https:\/\/i0.wp.com\/guialimeira.com.br\/news\/wp-content\/uploads\/2024\/04\/Atividade-atendeu-110-motociclistas-na-manha-desta-terca-feira.jpg?fit=2048%2C1365&ssl=1","_links":{"self":[{"href":"https:\/\/guialimeira.com.br\/news\/wp-json\/wp\/v2\/posts\/3281","targetHints":{"allow":["GET"]}}],"collection":[{"href":"https:\/\/guialimeira.com.br\/news\/wp-json\/wp\/v2\/posts"}],"about":[{"href":"https:\/\/guialimeira.com.br\/news\/wp-json\/wp\/v2\/types\/post"}],"author":[{"embeddable":true,"href":"https:\/\/guialimeira.com.br\/news\/wp-json\/wp\/v2\/users\/1"}],"replies":[{"embeddable":true,"href":"https:\/\/guialimeira.com.br\/news\/wp-json\/wp\/v2\/comments?post=3281"}],"version-history":[{"count":0,"href":"https:\/\/guialimeira.com.br\/news\/wp-json\/wp\/v2\/posts\/3281\/revisions"}],"wp:featuredmedia":[{"embeddable":true,"href":"https:\/\/guialimeira.com.br\/news\/wp-json\/wp\/v2\/media\/3282"}],"wp:attachment":[{"href":"https:\/\/guialimeira.com.br\/news\/wp-json\/wp\/v2\/media?parent=3281"}],"wp:term":[{"taxonomy":"category","embeddable":true,"href":"https:\/\/guialimeira.com.br\/news\/wp-json\/wp\/v2\/categories?post=3281"},{"taxonomy":"post_tag","embeddable":true,"href":"https:\/\/guialimeira.com.br\/news\/wp-json\/wp\/v2\/tags?post=3281"}],"curies":[{"name":"wp","href":"https:\/\/api.w.org\/{rel}","templated":true}]}}