{"id":328,"date":"2024-03-29T17:32:51","date_gmt":"2024-03-29T20:32:51","guid":{"rendered":"https:\/\/guialimeira.com.br\/2024\/03\/29\/petropolis-precisa-de-18-obras-emergenciais-apos-temporal\/"},"modified":"2024-03-29T17:32:51","modified_gmt":"2024-03-29T20:32:51","slug":"petropolis-precisa-de-18-obras-emergenciais-apos-temporal","status":"publish","type":"post","link":"https:\/\/guialimeira.com.br\/news\/petropolis-precisa-de-18-obras-emergenciais-apos-temporal\/","title":{"rendered":"Petr\u00f3polis precisa de 18 obras emergenciais ap\u00f3s temporal"},"content":{"rendered":"<p> <br \/>\n<\/p>\n<div>\n<p>A prefeitura de Petr\u00f3polis, na regi\u00e3o serrana do Rio, trabalha em 18 projetos de obras de grande porte em resposta ao <a href=\"https:\/\/agenciabrasil.ebc.com.br\/geral\/noticia\/2024-03\/temporal%20que%20atingiu-petropolis-registra-mais-de-300-mm-de-chuva\" rel=\"noopener\">temporal que atingiu a cidade<\/a> no \u00faltimo fim de semana. A Secretaria de Obras prev\u00ea que, nos pr\u00f3ximos dias, o plano esteja montado para o munic\u00edpio solicitar recursos junto ao governo federal. S\u00e3o obras de conten\u00e7\u00e3o, recupera\u00e7\u00e3o de vias p\u00fablicas e amplia\u00e7\u00e3o e reforma do Cemit\u00e9rio Municipal.<img data-recalc-dims=\"1\" decoding=\"async\" src=\"https:\/\/i0.wp.com\/agenciabrasil.ebc.com.br\/ebc.png?w=696&#038;ssl=1\" style=\"width:1px; height:1px; display:inline;\"\/><img data-recalc-dims=\"1\" decoding=\"async\" src=\"https:\/\/i0.wp.com\/agenciabrasil.ebc.com.br\/ebc.gif?w=696&#038;ssl=1\" style=\"width:1px; height:1px; display:inline;\"\/><\/p>\n<p>\u201cForam sete dias de Centro Integrado de Comando e Controle. Nesse per\u00edodo, monitoramos as chuvas e tomamos decis\u00f5es em rela\u00e7\u00e3o \u00e0s respostas para as ocorr\u00eancias. Desde o dia 22, eu visito todo dia as \u00e1reas atingidas para avaliar o passivo deixado pelas chuvas. O que estiver ao nosso alcance em rela\u00e7\u00e3o \u00e0s obras necess\u00e1rias, n\u00f3s vamos fazer\u201d, explicou o prefeito Rubens Bomtempo.\u00a0<\/p>\n<p>Al\u00e9m dos 18 projetos em andamento, o prefeito determinou \u00e0 Secretaria de Obras a realiza\u00e7\u00e3o de levantamentos em tr\u00eas pontos do bairro Independ\u00eancia, para identificar as necessidades de obras e, se for o caso, realizar a concep\u00e7\u00e3o de projetos.<\/p>\n<h2>Recupera\u00e7\u00e3o<\/h2>\n<p>As interven\u00e7\u00f5es no trecho onde ocorreram deslizamentos de terra na Estrada Uni\u00e3o e Ind\u00fastria, na altura do distrito de Pedro do Rio, ser\u00e3o realizadas pelo Departamento Nacional de Infraestrutura de Transportes (Dnit), \u00f3rg\u00e3o federal vinculado ao Minist\u00e9rio dos Transportes. O local est\u00e1 em meia pista.<\/p>\n<p>Nesta quinta-feira (28), representantes da prefeitura e do Dnit estiveram pr\u00f3ximo ao centro de Pedro do Rio, avaliando a situa\u00e7\u00e3o. \u201cEssa obra precisa ser feita de forma r\u00e1pida e emergencial, uma vez que a Uni\u00e3o e Ind\u00fastria \u00e9 uma importante via da cidade e traz consequ\u00eancias para a mobilidade urbana\u201d, disse Bomtempo.<\/p>\n<p>No momento n\u00e3o chove na cidade, mas a previs\u00e3o da Meteorologia \u00e9 que pode chover no final da tarde em Petr\u00f3polis, mas sem grande volume de precipita\u00e7\u00e3o pluviom\u00e9trica.<\/p>\n<\/p><\/div>\n<p><br \/>\n<br \/><a href=\"https:\/\/agenciabrasil.ebc.com.br\/geral\/noticia\/2024-03\/petropolis-precisa-de-18-obras-emergenciais-apos-temporal\" rel=\"noopener\">Ag\u00eancia Brasil<\/a><\/p>\n","protected":false},"excerpt":{"rendered":"<p>A prefeitura de Petr\u00f3polis, na regi\u00e3o serrana do Rio, trabalha em 18 projetos de obras de grande porte em resposta ao temporal que atingiu a cidade no \u00faltimo fim de semana. A Secretaria de Obras prev\u00ea que, nos pr\u00f3ximos dias, o plano esteja montado para o munic\u00edpio solicitar recursos junto ao governo federal. S\u00e3o obras [&hellip;]<\/p>\n","protected":false},"author":1,"featured_media":329,"comment_status":"open","ping_status":"open","sticky":false,"template":"","format":"standard","meta":{"_jetpack_newsletter_access":"","_jetpack_dont_email_post_to_subs":false,"_jetpack_newsletter_tier_id":0,"_jetpack_memberships_contains_paywalled_content":false,"_mbp_banners":[],"_jetpack_feature_clip_id":0,"_jetpack_memberships_contains_paid_content":false,"footnotes":"","jetpack_publicize_message":"","jetpack_publicize_feature_enabled":true,"jetpack_social_post_already_shared":false,"jetpack_social_options":{"image_generator_settings":{"template":"highway","default_image_id":0,"font":"","enabled":false},"version":2},"jetpack_post_was_ever_published":false},"categories":[1],"tags":[],"class_list":["post-328","post","type-post","status-publish","format-standard","has-post-thumbnail","category-geral"],"jetpack_publicize_connections":[],"jetpack-related-posts":[],"jetpack_shortlink":"https:\/\/wp.me\/p7Eq1F-5i","jetpack_sharing_enabled":true,"jetpack_featured_media_url":"https:\/\/i0.wp.com\/guialimeira.com.br\/news\/wp-content\/uploads\/2024\/03\/2024-03-23t174647z_1741100586_rc2pr6aotdm1_rtrmadp_3_brazil-weather-4.jpg?fit=1600%2C800&ssl=1","_links":{"self":[{"href":"https:\/\/guialimeira.com.br\/news\/wp-json\/wp\/v2\/posts\/328","targetHints":{"allow":["GET"]}}],"collection":[{"href":"https:\/\/guialimeira.com.br\/news\/wp-json\/wp\/v2\/posts"}],"about":[{"href":"https:\/\/guialimeira.com.br\/news\/wp-json\/wp\/v2\/types\/post"}],"author":[{"embeddable":true,"href":"https:\/\/guialimeira.com.br\/news\/wp-json\/wp\/v2\/users\/1"}],"replies":[{"embeddable":true,"href":"https:\/\/guialimeira.com.br\/news\/wp-json\/wp\/v2\/comments?post=328"}],"version-history":[{"count":0,"href":"https:\/\/guialimeira.com.br\/news\/wp-json\/wp\/v2\/posts\/328\/revisions"}],"wp:featuredmedia":[{"embeddable":true,"href":"https:\/\/guialimeira.com.br\/news\/wp-json\/wp\/v2\/media\/329"}],"wp:attachment":[{"href":"https:\/\/guialimeira.com.br\/news\/wp-json\/wp\/v2\/media?parent=328"}],"wp:term":[{"taxonomy":"category","embeddable":true,"href":"https:\/\/guialimeira.com.br\/news\/wp-json\/wp\/v2\/categories?post=328"},{"taxonomy":"post_tag","embeddable":true,"href":"https:\/\/guialimeira.com.br\/news\/wp-json\/wp\/v2\/tags?post=328"}],"curies":[{"name":"wp","href":"https:\/\/api.w.org\/{rel}","templated":true}]}}