{"id":32793,"date":"2025-05-10T17:08:57","date_gmt":"2025-05-10T20:08:57","guid":{"rendered":"https:\/\/guialimeira.com.br\/2025\/05\/10\/em-1a-saida-do-vaticano-leao-14-visita-tumulo-do-papa-francisco\/"},"modified":"2025-05-10T17:08:57","modified_gmt":"2025-05-10T20:08:57","slug":"em-1a-saida-do-vaticano-leao-14-visita-tumulo-do-papa-francisco","status":"publish","type":"post","link":"https:\/\/guialimeira.com.br\/news\/em-1a-saida-do-vaticano-leao-14-visita-tumulo-do-papa-francisco\/","title":{"rendered":"Em 1\u00aa sa\u00edda do Vaticano, Le\u00e3o 14 visita t\u00famulo do papa Francisco"},"content":{"rendered":"<p> <br \/>\n<\/p>\n<div>\n<p>O Papa Le\u00e3o 14 fez neste s\u00e1bado (10) sua primeira viagem para fora do Vaticano, em local a cerca de uma hora a leste de Roma, para visitar um santu\u00e1rio cat\u00f3lico, parando no caminho de volta para prestar homenagens no t\u00famulo de seu antecessor, Francisco.<img data-recalc-dims=\"1\" decoding=\"async\" src=\"https:\/\/i0.wp.com\/agenciabrasil.ebc.com.br\/ebc.png?w=696&#038;ssl=1\" style=\"width:1px; height:1px; display:inline;\"\/><img data-recalc-dims=\"1\" decoding=\"async\" src=\"https:\/\/i0.wp.com\/agenciabrasil.ebc.com.br\/ebc.gif?w=696&#038;ssl=1\" style=\"width:1px; height:1px; display:inline;\"\/><\/p>\n<p>Le\u00e3o 14 acenou do lado do passageiro de um Volkswagen ao chegar \u00e0 Bas\u00edlica de Santa Maria Maior, em Roma. Entrando na igreja sob alguns gritos de &#8220;Viva il papa&#8221; (Viva o papa), Le\u00e3o 14 caminhou lentamente at\u00e9 o t\u00famulo de Francisco, depositando nele uma flor branca.<\/p>\n<p>Ele ent\u00e3o se ajoelhou em ora\u00e7\u00e3o por alguns momentos.<\/p>\n<p>O novo papa fez a viagem at\u00e9 Santa Maria Maior depois de viajar para a pequena cidade de Genazzano, onde havia visitado anteriormente um santu\u00e1rio dedicado \u00e0 Virgem Maria.<\/p>\n<p>Le\u00e3o 14 &#8212; o ex-cardeal norte-americano Robert Prevost &#8212; foi eleito papa em 8 de maio. Ele \u00e9 membro da ordem religiosa agostiniana, que administra o Santu\u00e1rio de Nossa Senhora do Bom Conselho em Genazzano.<\/p>\n<p>O papa apertou as m\u00e3os e ofereceu b\u00ean\u00e7\u00e3os a algumas pessoas na multid\u00e3o antes de entrar no santu\u00e1rio.<\/p>\n<p>No final da visita, ele disse aos presentes no santu\u00e1rio que queria ir rezar pedindo orienta\u00e7\u00e3o nos primeiros dias de seu papado, de acordo com uma declara\u00e7\u00e3o do Vaticano.<\/p>\n<p>O papa Francisco, falecido em 21 de abril, fazia visitas surpresa a locais cat\u00f3licos perto de Roma com bastante frequ\u00eancia. Ele pediu para ser sepultado em Santa Maria Maior, em um t\u00famulo simples, decorado apenas com a inscri\u00e7\u00e3o &#8220;Francisco&#8221;, seu nome em latim.<\/p>\n<p>Francisco tinha uma devo\u00e7\u00e3o especial pela bas\u00edlica, outro santu\u00e1rio mariano. Nos primeiros dias ap\u00f3s seu sepultamento, mais de 30.000 pessoas lotaram a igreja para visitar seu local de descanso final.<\/p>\n<p>      <!-- Relacionada --><\/p>\n<p>            <!-- Relacionada -->\n    <\/div>\n<p><br \/>\n<br \/><a href=\"https:\/\/agenciabrasil.ebc.com.br\/internacional\/noticia\/2025-05\/em-1a-saida-do-vaticano-leao-14-visita-tumulo-do-papa-francisco\" rel=\"noopener\">Ag\u00eancia Brasil <\/a><\/p>\n","protected":false},"excerpt":{"rendered":"<p>O Papa Le\u00e3o 14 fez neste s\u00e1bado (10) sua primeira viagem para fora do Vaticano, em local a cerca de uma hora a leste de Roma, para visitar um santu\u00e1rio cat\u00f3lico, parando no caminho de volta para prestar homenagens no t\u00famulo de seu antecessor, Francisco. Le\u00e3o 14 acenou do lado do passageiro de um Volkswagen [&hellip;]<\/p>\n","protected":false},"author":1,"featured_media":32615,"comment_status":"open","ping_status":"open","sticky":false,"template":"","format":"standard","meta":{"_jetpack_newsletter_access":"","_jetpack_dont_email_post_to_subs":false,"_jetpack_newsletter_tier_id":0,"_jetpack_memberships_contains_paywalled_content":false,"_mbp_banners":[],"_jetpack_feature_clip_id":0,"_jetpack_memberships_contains_paid_content":false,"footnotes":"","jetpack_publicize_message":"","jetpack_publicize_feature_enabled":true,"jetpack_social_post_already_shared":true,"jetpack_social_options":{"image_generator_settings":{"template":"highway","default_image_id":0,"font":"","enabled":false},"version":2},"jetpack_post_was_ever_published":false},"categories":[25],"tags":[],"class_list":["post-32793","post","type-post","status-publish","format-standard","has-post-thumbnail","category-internacional"],"jetpack_publicize_connections":[],"jetpack-related-posts":[],"jetpack_shortlink":"https:\/\/wp.me\/p7Eq1F-8wV","jetpack_sharing_enabled":true,"jetpack_featured_media_url":"https:\/\/i0.wp.com\/guialimeira.com.br\/news\/wp-content\/uploads\/2025\/05\/2025-05-08t173055z_1131598868_rc2tdeaamrif_rtrmadp_3_pope-succession.jpg?fit=1600%2C800&ssl=1","_links":{"self":[{"href":"https:\/\/guialimeira.com.br\/news\/wp-json\/wp\/v2\/posts\/32793","targetHints":{"allow":["GET"]}}],"collection":[{"href":"https:\/\/guialimeira.com.br\/news\/wp-json\/wp\/v2\/posts"}],"about":[{"href":"https:\/\/guialimeira.com.br\/news\/wp-json\/wp\/v2\/types\/post"}],"author":[{"embeddable":true,"href":"https:\/\/guialimeira.com.br\/news\/wp-json\/wp\/v2\/users\/1"}],"replies":[{"embeddable":true,"href":"https:\/\/guialimeira.com.br\/news\/wp-json\/wp\/v2\/comments?post=32793"}],"version-history":[{"count":0,"href":"https:\/\/guialimeira.com.br\/news\/wp-json\/wp\/v2\/posts\/32793\/revisions"}],"wp:featuredmedia":[{"embeddable":true,"href":"https:\/\/guialimeira.com.br\/news\/wp-json\/wp\/v2\/media\/32615"}],"wp:attachment":[{"href":"https:\/\/guialimeira.com.br\/news\/wp-json\/wp\/v2\/media?parent=32793"}],"wp:term":[{"taxonomy":"category","embeddable":true,"href":"https:\/\/guialimeira.com.br\/news\/wp-json\/wp\/v2\/categories?post=32793"},{"taxonomy":"post_tag","embeddable":true,"href":"https:\/\/guialimeira.com.br\/news\/wp-json\/wp\/v2\/tags?post=32793"}],"curies":[{"name":"wp","href":"https:\/\/api.w.org\/{rel}","templated":true}]}}