{"id":32777,"date":"2025-05-10T12:03:51","date_gmt":"2025-05-10T15:03:51","guid":{"rendered":"https:\/\/guialimeira.com.br\/2025\/05\/10\/paquistao-diz-que-tres-bases-aereas-foram-alvo-de-misseis-indianos\/"},"modified":"2025-05-10T12:03:51","modified_gmt":"2025-05-10T15:03:51","slug":"paquistao-diz-que-tres-bases-aereas-foram-alvo-de-misseis-indianos","status":"publish","type":"post","link":"https:\/\/guialimeira.com.br\/news\/paquistao-diz-que-tres-bases-aereas-foram-alvo-de-misseis-indianos\/","title":{"rendered":"Paquist\u00e3o diz que tr\u00eas bases a\u00e9reas foram alvo de m\u00edsseis indianos"},"content":{"rendered":"<p> <br \/>\n<\/p>\n<div>\n<p>O Paquist\u00e3o disse que a \u00cdndia disparou m\u00edsseis contra tr\u00eas bases a\u00e9reas na madrugada de s\u00e1bado (hor\u00e1rio local), incluindo uma pr\u00f3xima \u00e0 capital, Islamabad, mas as defesas a\u00e9reas paquistanesas interceptaram a maioria deles, conforme os pa\u00edses vizinhos prolongavam seus piores combates em quase tr\u00eas d\u00e9cadas.<img data-recalc-dims=\"1\" decoding=\"async\" src=\"https:\/\/i0.wp.com\/agenciabrasil.ebc.com.br\/ebc.png?w=696&#038;ssl=1\" style=\"width:1px; height:1px; display:inline;\"\/><img data-recalc-dims=\"1\" decoding=\"async\" src=\"https:\/\/i0.wp.com\/agenciabrasil.ebc.com.br\/ebc.gif?w=696&#038;ssl=1\" style=\"width:1px; height:1px; display:inline;\"\/><\/p>\n<p>Envolvidos em uma disputa de longa data pela Caxemira, os dois pa\u00edses t\u00eam se envolvido em confrontos di\u00e1rios desde quarta-feira, quando a \u00cdndia lan\u00e7ou ataques dentro do Paquist\u00e3o contra o que chamou de bases de militantes. O Paquist\u00e3o prometeu retaliar.<\/p>\n<p>&#8220;A \u00cdndia, por meio de seus avi\u00f5es, lan\u00e7ou m\u00edsseis ar-superf\u00edcie. A base de Nur Khan, a base de Mureed e a base de Shorkot foram alvos&#8221;, disse o porta-voz militar do Paquist\u00e3o, tenente-general Ahmed Sharif Chaudhry, em pronunciamento televisionado tarde da noite.<\/p>\n<p>Uma das bases a\u00e9reas fica na cidade de Rawalpindi, nos arredores da capital Islamabad, e as outras duas ficam na prov\u00edncia do Punjab, no leste do Paquist\u00e3o, vizinha da \u00cdndia.<\/p>\n<p>O porta-voz militar paquistan\u00eas disse que apenas alguns m\u00edsseis conseguiram passar pelas defesas a\u00e9reas, e esses n\u00e3o atingiram nenhum &#8220;ativo a\u00e9reo&#8221;, de acordo com as avalia\u00e7\u00f5es iniciais de danos.<\/p>\n<p>Os minist\u00e9rios das Rela\u00e7\u00f5es Exteriores e da Defesa da \u00cdndia n\u00e3o responderam imediatamente a um pedido de coment\u00e1rio fora do hor\u00e1rio comercial.<\/p>\n<p>A \u00cdndia disse que seus ataques na quarta-feira foram uma retalia\u00e7\u00e3o a um ataque mortal contra turistas hindus na Caxemira indiana no m\u00eas passado<\/p>\n<p>O Paquist\u00e3o negou as acusa\u00e7\u00f5es da \u00cdndia de que estaria envolvido no ataque aos turistas. Desde quarta-feira, os dois pa\u00edses trocaram artilharia transfronteiri\u00e7a, e enviaram drones e m\u00edsseis para o espa\u00e7o a\u00e9reo um do outro<\/p>\n<p>Grande parte dos combates desta sexta-feira ocorreu na Caxemira indiana e nos Estados indianos vizinhos. A \u00cdndia afirmou ter abatido drones paquistaneses<\/p>\n<p>Pelo menos 48 pessoas foram mortas desde quarta-feira, de acordo com estimativas de v\u00edtimas em ambos os lados da fronteira que n\u00e3o foram verificadas de forma independente.<\/p>\n<p>\u00a0<\/p>\n<p>      <!-- Relacionada --><\/p>\n<p>            <!-- Relacionada -->\n    <\/div>\n<p><br \/>\n<br \/><a href=\"https:\/\/agenciabrasil.ebc.com.br\/internacional\/noticia\/2025-05\/paquistao-diz-que-tres-bases-aereas-foram-alvo-de-misseis-indianos\" rel=\"noopener\">Ag\u00eancia Brasil <\/a><\/p>\n","protected":false},"excerpt":{"rendered":"<p>O Paquist\u00e3o disse que a \u00cdndia disparou m\u00edsseis contra tr\u00eas bases a\u00e9reas na madrugada de s\u00e1bado (hor\u00e1rio local), incluindo uma pr\u00f3xima \u00e0 capital, Islamabad, mas as defesas a\u00e9reas paquistanesas interceptaram a maioria deles, conforme os pa\u00edses vizinhos prolongavam seus piores combates em quase tr\u00eas d\u00e9cadas. Envolvidos em uma disputa de longa data pela Caxemira, os [&hellip;]<\/p>\n","protected":false},"author":1,"featured_media":269,"comment_status":"open","ping_status":"open","sticky":false,"template":"","format":"standard","meta":{"_jetpack_newsletter_access":"","_jetpack_dont_email_post_to_subs":false,"_jetpack_newsletter_tier_id":0,"_jetpack_memberships_contains_paywalled_content":false,"_mbp_banners":[],"_jetpack_feature_clip_id":0,"_jetpack_memberships_contains_paid_content":false,"footnotes":"","jetpack_publicize_message":"","jetpack_publicize_feature_enabled":true,"jetpack_social_post_already_shared":true,"jetpack_social_options":{"image_generator_settings":{"template":"highway","default_image_id":0,"font":"","enabled":false},"version":2},"jetpack_post_was_ever_published":false},"categories":[25],"tags":[],"class_list":["post-32777","post","type-post","status-publish","format-standard","has-post-thumbnail","category-internacional"],"jetpack_publicize_connections":[],"jetpack-related-posts":[],"jetpack_shortlink":"https:\/\/wp.me\/p7Eq1F-8wF","jetpack_sharing_enabled":true,"jetpack_featured_media_url":"https:\/\/i0.wp.com\/guialimeira.com.br\/news\/wp-content\/uploads\/2024\/03\/thumb_1200x600_agbrasil.png?fit=1200%2C600&ssl=1","_links":{"self":[{"href":"https:\/\/guialimeira.com.br\/news\/wp-json\/wp\/v2\/posts\/32777","targetHints":{"allow":["GET"]}}],"collection":[{"href":"https:\/\/guialimeira.com.br\/news\/wp-json\/wp\/v2\/posts"}],"about":[{"href":"https:\/\/guialimeira.com.br\/news\/wp-json\/wp\/v2\/types\/post"}],"author":[{"embeddable":true,"href":"https:\/\/guialimeira.com.br\/news\/wp-json\/wp\/v2\/users\/1"}],"replies":[{"embeddable":true,"href":"https:\/\/guialimeira.com.br\/news\/wp-json\/wp\/v2\/comments?post=32777"}],"version-history":[{"count":0,"href":"https:\/\/guialimeira.com.br\/news\/wp-json\/wp\/v2\/posts\/32777\/revisions"}],"wp:featuredmedia":[{"embeddable":true,"href":"https:\/\/guialimeira.com.br\/news\/wp-json\/wp\/v2\/media\/269"}],"wp:attachment":[{"href":"https:\/\/guialimeira.com.br\/news\/wp-json\/wp\/v2\/media?parent=32777"}],"wp:term":[{"taxonomy":"category","embeddable":true,"href":"https:\/\/guialimeira.com.br\/news\/wp-json\/wp\/v2\/categories?post=32777"},{"taxonomy":"post_tag","embeddable":true,"href":"https:\/\/guialimeira.com.br\/news\/wp-json\/wp\/v2\/tags?post=32777"}],"curies":[{"name":"wp","href":"https:\/\/api.w.org\/{rel}","templated":true}]}}