{"id":32712,"date":"2025-05-09T16:14:14","date_gmt":"2025-05-09T19:14:14","guid":{"rendered":"https:\/\/guialimeira.com.br\/?p=32712"},"modified":"2025-05-09T16:14:16","modified_gmt":"2025-05-09T19:14:16","slug":"auren-energia-realiza-testes-de-comportas-na-pch-mogi-guacu-na-terca-feira-13-05","status":"publish","type":"post","link":"https:\/\/guialimeira.com.br\/news\/auren-energia-realiza-testes-de-comportas-na-pch-mogi-guacu-na-terca-feira-13-05\/","title":{"rendered":"Auren Energia realiza testes de comportas na PCH Mogi Gua\u00e7u na ter\u00e7a-feira (13\/05)"},"content":{"rendered":"\n<p class=\"wp-block-paragraph\"><em>Medida preventiva visa garantir a excel\u00eancia operacional das comportas para o per\u00edodo chuvoso<\/em>; <em>Popula\u00e7\u00e3o deve evitar acessar as margens do rio at\u00e9 a conclus\u00e3o dos trabalhos<\/em><\/p>\n\n\n\n<p class=\"wp-block-paragraph\">A Auren Energia realizar\u00e1, nesta ter\u00e7a-feira (13\/5), testes de abertura e fechamento de comportas na PCH (Pequena Central Hidrel\u00e9trica) Mogi Gua\u00e7u. A iniciativa \u00e9 uma a\u00e7\u00e3o preventiva e visa garantir o bom funcionamento de todos os equipamentos e comportas de vertedouros j\u00e1 para o per\u00edodo chuvoso.<\/p>\n\n\n\n<p class=\"wp-block-paragraph\">De acordo com&nbsp;Fernando Sestari, gerente do centro de opera\u00e7\u00f5es da companhia,&nbsp;os testes anuais de comportas fazem parte de um conjunto de a\u00e7\u00f5es preventivas existentes nos programas de Opera\u00e7\u00e3o e Manuten\u00e7\u00e3o e de Seguran\u00e7a de Barragem da companhia. \u201cAl\u00e9m de atender a legisla\u00e7\u00e3o vigente, os testes de comporta visam garantir a excel\u00eancia operacional pela qual a Auren Energia \u00e9 reconhecida e s\u00f3 refor\u00e7am o compromisso da empresa com a seguran\u00e7a em suas opera\u00e7\u00f5es. Estes testes, que devem ocorrer em todas as nossas hidrel\u00e9tricas conforme nosso cronograma, s\u00e3o essenciais para, quando chegar o per\u00edodo chuvoso e, consequentemente de cheia dos rios, estejamos preparados para uma eventual necessidade de abertura de comportas\u201d, destaca.<\/p>\n\n\n\n<p class=\"wp-block-paragraph\">Na PCH Mogi Gua\u00e7u, os testes ser\u00e3o aplicados nas&nbsp;04 comportas&nbsp;ao longo do dia, al\u00e9m da vistoria em todos os equipamentos que envolvem a opera\u00e7\u00e3o. Neste per\u00edodo, as comportas devem ser abertas por um breve per\u00edodo de tempo e fechadas novamente.<\/p>\n\n\n\n<p class=\"wp-block-paragraph\"><strong>Orienta\u00e7\u00f5es de seguran\u00e7a<\/strong><\/p>\n\n\n\n<p class=\"wp-block-paragraph\">Todo o processo ser\u00e1 acompanhado por equipes t\u00e9cnicas composta por especialistas no setor, de acordo com&nbsp;as normas do setor el\u00e9trico, e visando gerar o m\u00ednimo de altera\u00e7\u00e3o poss\u00edvel. No entanto, como as a\u00e7\u00f5es podem ocorrer mais de uma vez no dia, \u00e9 importante que as pessoas evitem acessar as margens do rio a jusante e, principalmente, em \u00e1reas pr\u00f3ximas \u00e0 usina. Al\u00e9m das recomenda\u00e7\u00f5es j\u00e1 conhecidas, como usar sempre usar colete-salva e buscar balne\u00e1rios p\u00fablicos para entrar em rios, a pequenas embarca\u00e7\u00f5es devem evitar as \u00e1reas pr\u00f3ximas \u00e0 PCH durante o teste. Tamb\u00e9m \u00e9 indicado que equipamentos de pesca sejam recolhidos nas proximidades na usina.<\/p>\n\n\n\n<p class=\"wp-block-paragraph\">\u201cA Auren Energia tem um compromisso com a transpar\u00eancia e bem-estar a popula\u00e7\u00e3o no entorno de nossas opera\u00e7\u00f5es. Por isso, al\u00e9m da comunica\u00e7\u00e3o aos \u00f3rg\u00e3os reguladores competentes, como o ONS (Operador Nacional do Sistema El\u00e9trico), tamb\u00e9m emitimos comunicados oficiais por meio do nosso canal de comunica\u00e7\u00e3o com a comunidade, o Di\u00e1logo Aberto, visando avisar a popula\u00e7\u00e3o com anteced\u00eancia sobre o que ir\u00e1 ocorrer no dia 13. Vale refor\u00e7ar que a barragem da PCH Mogi Gua\u00e7u \u00e9 segura e que este teste em nada ir\u00e1 alterar as opera\u00e7\u00f5es da usina\u201d, completa Sestari.<\/p>\n\n\n\n<p class=\"wp-block-paragraph\"><strong>Servi\u00e7os<\/strong><\/p>\n\n\n\n<p class=\"wp-block-paragraph\">O Di\u00e1logo Aberto da companhia opera de segunda a sexta-feira, em hor\u00e1rio comercial, pelo n\u00famero (11)&nbsp;95637-5948 (WhatsApp). Por meio dele, a popula\u00e7\u00e3o pode enviar d\u00favidas, questionamentos e receber comunicados da empresa sobre as opera\u00e7\u00f5es da hidrel\u00e9trica.<\/p>\n\n\n\n<p class=\"wp-block-paragraph\"><strong>Sobre a Auren Energia&nbsp;<\/strong><\/p>\n\n\n\n<p class=\"wp-block-paragraph\">A Auren Energia (AURE3) \u00e9 a terceira maior geradora do pa\u00eds, com produ\u00e7\u00e3o de energia 100% renov\u00e1vel, e l\u00edder em comercializa\u00e7\u00e3o no mercado brasileiro. A empresa est\u00e1 presente em nove estados, com 39 ativos com uma capacidade instalada total de 8,8 GW distribu\u00eddos entre as fontes e\u00f3lica, solar e hidrel\u00e9trica. Com um portf\u00f3lio completo de solu\u00e7\u00f5es em energia e sustentabilidade, a Auren oferece produtos que geram efici\u00eancia energ\u00e9tica&nbsp;e&nbsp;redu\u00e7\u00e3o de custos para apoiar clientes de diferentes portes nos segmentos do varejo e atacado. Uma das metas do neg\u00f3cio \u00e9 contribuir com a agenda clim\u00e1tica e auxiliar empresas na economia de baixo carbono. A Companhia \u00e9 integrante do Novo Mercado e est\u00e1 presente na carteira do \u00cdndice de Sustentabilidade Empresarial (ISE) da B3, o que refor\u00e7a seu compromisso pela ado\u00e7\u00e3o das melhores pr\u00e1ticas de governan\u00e7a corporativa, princ\u00edpios de transpar\u00eancia, equidade&nbsp;e&nbsp;integridade na condu\u00e7\u00e3o dos neg\u00f3cios com o prop\u00f3sito de gerar resultados admir\u00e1veis&nbsp;e&nbsp;um legado positivo para a sociedade.<\/p>\n","protected":false},"excerpt":{"rendered":"<p>Medida preventiva visa garantir a excel\u00eancia operacional das comportas para o per\u00edodo chuvoso; Popula\u00e7\u00e3o deve evitar acessar as margens do rio at\u00e9 a conclus\u00e3o dos trabalhos A Auren Energia realizar\u00e1, nesta ter\u00e7a-feira (13\/5), testes de abertura e fechamento de comportas na PCH (Pequena Central Hidrel\u00e9trica) Mogi Gua\u00e7u. A iniciativa \u00e9 uma a\u00e7\u00e3o preventiva e visa [&hellip;]<\/p>\n","protected":false},"author":2,"featured_media":32713,"comment_status":"open","ping_status":"open","sticky":false,"template":"","format":"standard","meta":{"_jetpack_newsletter_access":"","_jetpack_dont_email_post_to_subs":false,"_jetpack_newsletter_tier_id":0,"_jetpack_memberships_contains_paywalled_content":false,"_mbp_banners":[],"_jetpack_feature_clip_id":0,"_jetpack_memberships_contains_paid_content":false,"footnotes":"","jetpack_publicize_message":"","jetpack_publicize_feature_enabled":true,"jetpack_social_post_already_shared":true,"jetpack_social_options":{"image_generator_settings":{"template":"highway","default_image_id":0,"font":"","enabled":false},"version":2},"jetpack_post_was_ever_published":false},"categories":[16],"tags":[],"class_list":["post-32712","post","type-post","status-publish","format-standard","has-post-thumbnail","category-local"],"jetpack_publicize_connections":[],"jetpack-related-posts":[],"jetpack_shortlink":"https:\/\/wp.me\/p7Eq1F-8vC","jetpack_sharing_enabled":true,"jetpack_featured_media_url":"https:\/\/i0.wp.com\/guialimeira.com.br\/news\/wp-content\/uploads\/2025\/05\/PCH-Mogi-Guacu.jpeg?fit=1600%2C1200&ssl=1","_links":{"self":[{"href":"https:\/\/guialimeira.com.br\/news\/wp-json\/wp\/v2\/posts\/32712","targetHints":{"allow":["GET"]}}],"collection":[{"href":"https:\/\/guialimeira.com.br\/news\/wp-json\/wp\/v2\/posts"}],"about":[{"href":"https:\/\/guialimeira.com.br\/news\/wp-json\/wp\/v2\/types\/post"}],"author":[{"embeddable":true,"href":"https:\/\/guialimeira.com.br\/news\/wp-json\/wp\/v2\/users\/2"}],"replies":[{"embeddable":true,"href":"https:\/\/guialimeira.com.br\/news\/wp-json\/wp\/v2\/comments?post=32712"}],"version-history":[{"count":1,"href":"https:\/\/guialimeira.com.br\/news\/wp-json\/wp\/v2\/posts\/32712\/revisions"}],"predecessor-version":[{"id":32714,"href":"https:\/\/guialimeira.com.br\/news\/wp-json\/wp\/v2\/posts\/32712\/revisions\/32714"}],"wp:featuredmedia":[{"embeddable":true,"href":"https:\/\/guialimeira.com.br\/news\/wp-json\/wp\/v2\/media\/32713"}],"wp:attachment":[{"href":"https:\/\/guialimeira.com.br\/news\/wp-json\/wp\/v2\/media?parent=32712"}],"wp:term":[{"taxonomy":"category","embeddable":true,"href":"https:\/\/guialimeira.com.br\/news\/wp-json\/wp\/v2\/categories?post=32712"},{"taxonomy":"post_tag","embeddable":true,"href":"https:\/\/guialimeira.com.br\/news\/wp-json\/wp\/v2\/tags?post=32712"}],"curies":[{"name":"wp","href":"https:\/\/api.w.org\/{rel}","templated":true}]}}