{"id":3271,"date":"2024-04-30T21:01:42","date_gmt":"2024-05-01T00:01:42","guid":{"rendered":"https:\/\/guialimeira.com.br\/2024\/04\/30\/univesp-tem-569-inscritos-para-o-vestibular-2024-em-piracicaba-portal-do-municipio-de-piracicaba\/"},"modified":"2024-04-30T21:01:42","modified_gmt":"2024-05-01T00:01:42","slug":"univesp-tem-569-inscritos-para-o-vestibular-2024-em-piracicaba-portal-do-municipio-de-piracicaba","status":"publish","type":"post","link":"https:\/\/guialimeira.com.br\/news\/univesp-tem-569-inscritos-para-o-vestibular-2024-em-piracicaba-portal-do-municipio-de-piracicaba\/","title":{"rendered":"Univesp tem 569 inscritos para o vestibular 2024 em Piracicaba \u2013 Portal do Munic\u00edpio de Piracicaba"},"content":{"rendered":"<p> <br \/>\n<\/p>\n<div>\n<p>Com provas marcadas para 26\/05, o vestibular 2024 da Universidade Virtual do Estado de S\u00e3o Paulo (Univesp) recebeu 569 inscri\u00e7\u00f5es para disputar as 135 vagas do Polo de Piracicaba. O eixo que possui a maior procura neste ano \u00e9 o de Neg\u00f3cios e Produ\u00e7\u00e3o, com 204 participantes, seguido por Computa\u00e7\u00e3o, com 194 e Licenciaturas, com 171.<\/p>\n<p>A prova (objetiva e reda\u00e7\u00e3o) ocorrer\u00e1 no dia 26\/05, \u00e0s 13h, e os locais oficiais ser\u00e3o divulgados no dia 21\/05, a partir das 15h, no site oficial\u00a0<a href=\"http:\/\/vestibular.univesp.br\/\" target=\"_blank\" rel=\"noreferrer noopener\">vestibular.univesp.br<\/a>. O in\u00edcio das aulas est\u00e1 previsto para o final de julho de 2024.<\/p>\n<figure class=\"wp-block-image size-large\"><img data-recalc-dims=\"1\" fetchpriority=\"high\" decoding=\"async\" width=\"696\" height=\"464\" src=\"https:\/\/i0.wp.com\/piracicaba.sp.gov.br\/wp-content\/uploads\/2024\/04\/A-colacao-de-grau-festiva-dos-formandos-da-Univesp-2023-ocorreu-em-fevereiro-no-anfiteatro-da-SME-1024x683.jpg?resize=696%2C464&#038;ssl=1\" alt=\"\" class=\"wp-image-78216\" srcset=\"https:\/\/piracicaba.sp.gov.br\/wp-content\/uploads\/2024\/04\/A-colacao-de-grau-festiva-dos-formandos-da-Univesp-2023-ocorreu-em-fevereiro-no-anfiteatro-da-SME-1024x683.jpg 1024w, https:\/\/piracicaba.sp.gov.br\/wp-content\/uploads\/2024\/04\/A-colacao-de-grau-festiva-dos-formandos-da-Univesp-2023-ocorreu-em-fevereiro-no-anfiteatro-da-SME-300x200.jpg 300w, https:\/\/piracicaba.sp.gov.br\/wp-content\/uploads\/2024\/04\/A-colacao-de-grau-festiva-dos-formandos-da-Univesp-2023-ocorreu-em-fevereiro-no-anfiteatro-da-SME-768x512.jpg 768w, https:\/\/piracicaba.sp.gov.br\/wp-content\/uploads\/2024\/04\/A-colacao-de-grau-festiva-dos-formandos-da-Univesp-2023-ocorreu-em-fevereiro-no-anfiteatro-da-SME-1536x1024.jpg 1536w, https:\/\/piracicaba.sp.gov.br\/wp-content\/uploads\/2024\/04\/A-colacao-de-grau-festiva-dos-formandos-da-Univesp-2023-ocorreu-em-fevereiro-no-anfiteatro-da-SME-2048x1365.jpg 2048w\" sizes=\"(max-width: 1024px) 100vw, 1024px\"\/><figcaption class=\"wp-element-caption\"><strong><em>A cola\u00e7\u00e3o de grau festiva dos formandos da Univesp 2023 ocorreu em fevereiro no anfiteatro da SME<\/em><\/strong><\/figcaption><\/figure>\n<p>Os cursos est\u00e3o divididos em tr\u00eas eixos de atua\u00e7\u00e3o: Neg\u00f3cios e Produ\u00e7\u00e3o, Licenciatura e Computa\u00e7\u00e3o, contemplando os cursos: Pedagogia, Letras, Matem\u00e1tica (Eixo de Licenciatura), Ci\u00eancia de Dados, Tecnologia da Informa\u00e7\u00e3o, Engenharia de Computa\u00e7\u00e3o (Eixo de Computa\u00e7\u00e3o), Engenharia de Produ\u00e7\u00e3o, Administra\u00e7\u00e3o e Tecnologia em Processos Gerenciais (Eixo de Neg\u00f3cios e Produ\u00e7\u00e3o).<\/p>\n<p>Os cursos, totalmente gratuitos, s\u00e3o realizados em Ambiente Virtual de Aprendizagem (AVA), plataforma online, na qual os estudantes desenvolvem atividades acad\u00eamicas, que incluem assistir a videoaulas, acessar material did\u00e1tico, bibliotecas digitais e tirar d\u00favidas do conte\u00fado com facilitadores.<\/p>\n<p>J\u00e1 os polos s\u00e3o espa\u00e7os f\u00edsicos onde os alunos contam com infraestrutura (computadores, impressoras e acesso \u00e0 internet) e realizam atividades, como provas e discuss\u00f5es em grupo. O Polo de Piracicaba da Univesp fica na rua Dona Idalina, 314, bairro Pauliceia.<\/p>\n<p>Em caso de d\u00favidas, o candidato poder\u00e1 acessar o Fale Conosco do site da Vunesp, ou, ainda, entrar em contato com o Disque Vunesp, por meio do telefone (11) 3874-6300. J\u00e1 o Polo de Piracicaba pode ser contatado pelo telefone (19) 3433-7747.<\/p>\n<\/p><\/div>\n<p><br \/>\n<br \/><a href=\"https:\/\/piracicaba.sp.gov.br\/noticias\/univesp-tem-569-inscritos-para-o-vestibular-2024-em-piracicaba\/\" rel=\"noopener\">Informa\u00e7\u00f5es PMP <\/a><\/p>\n","protected":false},"excerpt":{"rendered":"<p>Com provas marcadas para 26\/05, o vestibular 2024 da Universidade Virtual do Estado de S\u00e3o Paulo (Univesp) recebeu 569 inscri\u00e7\u00f5es para disputar as 135 vagas do Polo de Piracicaba. O eixo que possui a maior procura neste ano \u00e9 o de Neg\u00f3cios e Produ\u00e7\u00e3o, com 204 participantes, seguido por Computa\u00e7\u00e3o, com 194 e Licenciaturas, com [&hellip;]<\/p>\n","protected":false},"author":1,"featured_media":3272,"comment_status":"open","ping_status":"open","sticky":false,"template":"","format":"standard","meta":{"_jetpack_newsletter_access":"","_jetpack_dont_email_post_to_subs":false,"_jetpack_newsletter_tier_id":0,"_jetpack_memberships_contains_paywalled_content":false,"_mbp_banners":[],"_jetpack_feature_clip_id":0,"_jetpack_memberships_contains_paid_content":false,"footnotes":"","jetpack_publicize_message":"","jetpack_publicize_feature_enabled":true,"jetpack_social_post_already_shared":true,"jetpack_social_options":{"image_generator_settings":{"template":"highway","default_image_id":0,"font":"","enabled":false},"version":2},"jetpack_post_was_ever_published":false},"categories":[20],"tags":[],"class_list":["post-3271","post","type-post","status-publish","format-standard","has-post-thumbnail","category-regiao"],"jetpack_publicize_connections":[],"jetpack-related-posts":[],"jetpack_shortlink":"https:\/\/wp.me\/p7Eq1F-QL","jetpack_sharing_enabled":true,"jetpack_featured_media_url":"https:\/\/i0.wp.com\/guialimeira.com.br\/news\/wp-content\/uploads\/2024\/04\/A-colacao-de-grau-festiva-dos-formandos-da-Univesp-2023-ocorreu-em-fevereiro-no-anfiteatro-da-SME-1024x683.jpg?fit=1024%2C683&ssl=1","_links":{"self":[{"href":"https:\/\/guialimeira.com.br\/news\/wp-json\/wp\/v2\/posts\/3271","targetHints":{"allow":["GET"]}}],"collection":[{"href":"https:\/\/guialimeira.com.br\/news\/wp-json\/wp\/v2\/posts"}],"about":[{"href":"https:\/\/guialimeira.com.br\/news\/wp-json\/wp\/v2\/types\/post"}],"author":[{"embeddable":true,"href":"https:\/\/guialimeira.com.br\/news\/wp-json\/wp\/v2\/users\/1"}],"replies":[{"embeddable":true,"href":"https:\/\/guialimeira.com.br\/news\/wp-json\/wp\/v2\/comments?post=3271"}],"version-history":[{"count":0,"href":"https:\/\/guialimeira.com.br\/news\/wp-json\/wp\/v2\/posts\/3271\/revisions"}],"wp:featuredmedia":[{"embeddable":true,"href":"https:\/\/guialimeira.com.br\/news\/wp-json\/wp\/v2\/media\/3272"}],"wp:attachment":[{"href":"https:\/\/guialimeira.com.br\/news\/wp-json\/wp\/v2\/media?parent=3271"}],"wp:term":[{"taxonomy":"category","embeddable":true,"href":"https:\/\/guialimeira.com.br\/news\/wp-json\/wp\/v2\/categories?post=3271"},{"taxonomy":"post_tag","embeddable":true,"href":"https:\/\/guialimeira.com.br\/news\/wp-json\/wp\/v2\/tags?post=3271"}],"curies":[{"name":"wp","href":"https:\/\/api.w.org\/{rel}","templated":true}]}}