{"id":3269,"date":"2024-04-30T20:41:07","date_gmt":"2024-04-30T23:41:07","guid":{"rendered":"https:\/\/guialimeira.com.br\/2024\/04\/30\/obra-para-ligacao-de-esgoto-interdita-rua-presidente-roosevelt-na-sexta-feira\/"},"modified":"2024-04-30T20:41:07","modified_gmt":"2024-04-30T23:41:07","slug":"obra-para-ligacao-de-esgoto-interdita-rua-presidente-roosevelt-na-sexta-feira","status":"publish","type":"post","link":"https:\/\/guialimeira.com.br\/news\/obra-para-ligacao-de-esgoto-interdita-rua-presidente-roosevelt-na-sexta-feira\/","title":{"rendered":"Obra para liga\u00e7\u00e3o de esgoto interdita Rua\u00a0Presidente Roosevelt, na sexta-feira"},"content":{"rendered":"<p> <br \/>\n<\/p>\n<div>\n            <main class=\"\">&#13;<br \/>\n                &#13;<br \/>\n&#13;<br \/>\n&#13;<br \/>\n&#13;<br \/>\n    <img data-recalc-dims=\"1\" decoding=\"async\" src=\"https:\/\/i0.wp.com\/ecrie.com.br\/sistema\/conteudos\/imagem\/m_137_5_2_24032023103027.jpg?w=696&#038;ssl=1\" alt=\"Obra para liga\u00e7\u00e3o de esgoto interdita Rua\u00a0Presidente Roosevelt, na sexta-feira\"\/>&#13;<br \/>\n&#13;<\/p>\n<p>A Secretaria de Mobilidade Urbana\u00a0de Limeira\u00a0informa\u00a0que na pr\u00f3xima sexta-feira (3), das 7h\u00a0\u00e0s 11h,\u00a0a concession\u00e1ria BRK Ambiental\u00a0interditar\u00e1 a Rua\u00a0Presidente Roosevelt, entre a Rua Humait\u00e1 e a Rua Visconde de Rio Branco. No local,\u00a0ser\u00e1 realizada obra de liga\u00e7\u00e3o de esgoto. N\u00e3o haver\u00e1\u00a0interfer\u00eancia no abastecimento de \u00e1gua.<\/p>\n<p>&#13;<\/p>\n<p>Os motoristas que trafegarem pela Presidente Roosevelt, ao chegarem na interdi\u00e7\u00e3o, dever\u00e3o virar \u00e0 direita na Rua Humait\u00e1, seguir at\u00e9 a Rua Santa Cruz, virar\u00a0\u00e0 esquerda e,\u00a0novamente \u00e0 esquerda,\u00a0na Rua Visconde Rio Branco, at\u00e9 retornar na\u00a0Rua Presidente Roosevelt.<\/p>\n<p>&#13;<\/p>\n<p>A pasta pede que os motoristas programem antecipadamente o trajeto e redobrem a aten\u00e7\u00e3o ao trafegarem pelo trecho.\u00a0<\/p>\n<p>&#13;<\/p>\n<p>Agentes de tr\u00e2nsito poder\u00e3o ser acionados pelos telefones 3441-2816 ou 3441-5469.<\/p>\n<p>&#13;<br \/>\n&#13;<br \/>\n&#13;<br \/>\n&#13;<\/p>\n<aside class=\"list-related no-print\">&#13;<br \/>\n        &#13;<br \/>\n&#13;<\/p>\n<article class=\"list-item noticias \">&#13;<br \/>\n                    <a class=\"list-item__img\" href=\"https:\/\/limeira.sp.gov.br\/imprensa\/noticias\/mobilidade-urbana\/prefeitura-altera-sentido-de-via-no-pq-res-abilio-pedro\" tabindex=\"-1\" aria-hidden=\"true\" rel=\"noopener\">&#13;<br \/>\n                        <img data-recalc-dims=\"1\" decoding=\"async\" src=\"https:\/\/i0.wp.com\/ecrie.com.br\/sistema\/conteudos\/imagem\/m_137_0_1_04042024135245.jpg?w=696&#038;ssl=1\" alt=\"Prefeitura altera sentido de via no Pq. Res. Ab\u00edlio Pedro\"\/>&#13;<br \/>\n                    <\/a>&#13;<br \/>\n&#13;<br \/>\n                &#13;<br \/>\n            <\/article>\n<p>&#13;<\/p>\n<article class=\"list-item noticias \">&#13;<br \/>\n                    <a class=\"list-item__img\" href=\"https:\/\/limeira.sp.gov.br\/imprensa\/noticias\/mobilidade-urbana\/interdicao-na-alferes-franco-altera-transito-na-regiao-central\" tabindex=\"-1\" aria-hidden=\"true\" rel=\"noopener\">&#13;<br \/>\n                        <img data-recalc-dims=\"1\" decoding=\"async\" src=\"https:\/\/i0.wp.com\/ecrie.com.br\/sistema\/conteudos\/imagem\/m_137_0_1_15032024134941.jpg?w=696&#038;ssl=1\" alt=\"Interdi\u00e7\u00e3o na Alferes Franco altera tr\u00e2nsito na regi\u00e3o central\"\/>&#13;<br \/>\n                    <\/a>&#13;<br \/>\n&#13;<br \/>\n                &#13;<br \/>\n            <\/article>\n<p>&#13;<\/p>\n<article class=\"list-item noticias \">&#13;<br \/>\n                    <a class=\"list-item__img\" href=\"https:\/\/limeira.sp.gov.br\/imprensa\/noticias\/mobilidade-urbana\/prefeitura-faz-mudanca-de-sentido-em-vias-do-jd-santa-amalia\" tabindex=\"-1\" aria-hidden=\"true\" rel=\"noopener\">&#13;<br \/>\n                        <img data-recalc-dims=\"1\" decoding=\"async\" src=\"https:\/\/i0.wp.com\/ecrie.com.br\/sistema\/conteudos\/imagem\/m_137_0_1_04042024135245.jpg?w=696&#038;ssl=1\" alt=\"Prefeitura faz mudan\u00e7a de sentido em vias do Jd. Santa Am\u00e1lia\"\/>&#13;<br \/>\n                    <\/a>&#13;<br \/>\n&#13;<br \/>\n                &#13;<br \/>\n            <\/article>\n<p>&#13;<br \/>\n    <\/aside>\n<p>&#13;<br \/>\n&#13;<br \/>\n            <\/main><\/p><\/div>\n<p><br \/>\n<br \/><a href=\"https:\/\/limeira.sp.gov.br\/obra-para-ligacao-de-esgoto-interdita-ruapresidente-roosevelt-na-sexta-feira\" rel=\"noopener\">Informa\u00e7\u00f5es da PML <\/a><\/p>\n","protected":false},"excerpt":{"rendered":"<p>&#13; &#13; &#13; &#13; &#13; &#13; &#13; A Secretaria de Mobilidade Urbana\u00a0de Limeira\u00a0informa\u00a0que na pr\u00f3xima sexta-feira (3), das 7h\u00a0\u00e0s 11h,\u00a0a concession\u00e1ria BRK Ambiental\u00a0interditar\u00e1 a Rua\u00a0Presidente Roosevelt, entre a Rua Humait\u00e1 e a Rua Visconde de Rio Branco. No local,\u00a0ser\u00e1 realizada obra de liga\u00e7\u00e3o de esgoto. N\u00e3o haver\u00e1\u00a0interfer\u00eancia no abastecimento de \u00e1gua. &#13; Os motoristas que [&hellip;]<\/p>\n","protected":false},"author":1,"featured_media":3270,"comment_status":"open","ping_status":"open","sticky":false,"template":"","format":"standard","meta":{"_jetpack_newsletter_access":"","_jetpack_dont_email_post_to_subs":false,"_jetpack_newsletter_tier_id":0,"_jetpack_memberships_contains_paywalled_content":false,"_mbp_banners":[],"_jetpack_feature_clip_id":0,"_jetpack_memberships_contains_paid_content":false,"footnotes":"","jetpack_publicize_message":"","jetpack_publicize_feature_enabled":true,"jetpack_social_post_already_shared":true,"jetpack_social_options":{"image_generator_settings":{"template":"highway","default_image_id":0,"font":"","enabled":false},"version":2},"jetpack_post_was_ever_published":false},"categories":[16],"tags":[],"class_list":["post-3269","post","type-post","status-publish","format-standard","has-post-thumbnail","category-local"],"jetpack_publicize_connections":[],"jetpack-related-posts":[],"jetpack_shortlink":"https:\/\/wp.me\/p7Eq1F-QJ","jetpack_sharing_enabled":true,"jetpack_featured_media_url":"https:\/\/i0.wp.com\/guialimeira.com.br\/news\/wp-content\/uploads\/2024\/04\/m_137_5_2_24032023103027.jpg?fit=1280%2C852&ssl=1","_links":{"self":[{"href":"https:\/\/guialimeira.com.br\/news\/wp-json\/wp\/v2\/posts\/3269","targetHints":{"allow":["GET"]}}],"collection":[{"href":"https:\/\/guialimeira.com.br\/news\/wp-json\/wp\/v2\/posts"}],"about":[{"href":"https:\/\/guialimeira.com.br\/news\/wp-json\/wp\/v2\/types\/post"}],"author":[{"embeddable":true,"href":"https:\/\/guialimeira.com.br\/news\/wp-json\/wp\/v2\/users\/1"}],"replies":[{"embeddable":true,"href":"https:\/\/guialimeira.com.br\/news\/wp-json\/wp\/v2\/comments?post=3269"}],"version-history":[{"count":0,"href":"https:\/\/guialimeira.com.br\/news\/wp-json\/wp\/v2\/posts\/3269\/revisions"}],"wp:featuredmedia":[{"embeddable":true,"href":"https:\/\/guialimeira.com.br\/news\/wp-json\/wp\/v2\/media\/3270"}],"wp:attachment":[{"href":"https:\/\/guialimeira.com.br\/news\/wp-json\/wp\/v2\/media?parent=3269"}],"wp:term":[{"taxonomy":"category","embeddable":true,"href":"https:\/\/guialimeira.com.br\/news\/wp-json\/wp\/v2\/categories?post=3269"},{"taxonomy":"post_tag","embeddable":true,"href":"https:\/\/guialimeira.com.br\/news\/wp-json\/wp\/v2\/tags?post=3269"}],"curies":[{"name":"wp","href":"https:\/\/api.w.org\/{rel}","templated":true}]}}