{"id":32681,"date":"2025-05-09T11:40:08","date_gmt":"2025-05-09T14:40:08","guid":{"rendered":"https:\/\/guialimeira.com.br\/2025\/05\/09\/papa-leao-xiv-pede-que-igreja-ilumine-noites-escuras-do-mundo\/"},"modified":"2025-05-09T11:40:08","modified_gmt":"2025-05-09T14:40:08","slug":"papa-leao-xiv-pede-que-igreja-ilumine-noites-escuras-do-mundo","status":"publish","type":"post","link":"https:\/\/guialimeira.com.br\/news\/papa-leao-xiv-pede-que-igreja-ilumine-noites-escuras-do-mundo\/","title":{"rendered":"Papa Le\u00e3o XIV pede que Igreja ilumine &#8220;noites escuras do mundo\u201d"},"content":{"rendered":"<p> <br \/>\n<\/p>\n<div>\n<p>Ao celebrar sua primeira missa nesta sexta-feira (9), o <strong>papa Le\u00e3o XIV disse esperar que a Igreja atue como \u201cfarol que ilumina as noites do mundo\u201d.<\/strong> <strong>\u201cE isso n\u00e3o tanto pela grandiosidade de suas estruturas, mas pela santidade dos seus membros\u201d, destacou, durante a celebra\u00e7\u00e3o na Capela Sistina.<\/strong><img data-recalc-dims=\"1\" decoding=\"async\" src=\"https:\/\/i0.wp.com\/agenciabrasil.ebc.com.br\/ebc.png?w=696&#038;ssl=1\" style=\"width:1px; height:1px; display:inline;\"\/><img data-recalc-dims=\"1\" decoding=\"async\" src=\"https:\/\/i0.wp.com\/agenciabrasil.ebc.com.br\/ebc.gif?w=696&#038;ssl=1\" style=\"width:1px; height:1px; display:inline;\"\/><\/p>\n<p>De acordo com informa\u00e7\u00f5es do Vaticano, durante a homilia, Le\u00e3o XIV se dirigiu aos <strong>cardeais presentes e convidou-os a refletir \u201csobre as maravilhas que o Senhor fez, sobre as b\u00ean\u00e7\u00e3os que o Senhor continua a derramar sobre todos n\u00f3s por meio do minist\u00e9rio de Pedro\u201d.<\/strong><\/p>\n<blockquote>\n<p>\u201cO Senhor me chamou para carregar essa cruz e realizar essa miss\u00e3o e sei que posso contar com cada um de voc\u00eas para caminhar comigo. Continuamos como Igreja, como uma comunidade de amigos de Jesus, como fi\u00e9is para anunciar a boa nova, para anunciar o Evangelho.\u201d<\/p>\n<\/blockquote>\n<p>Em seguida, segundo comunicado publicado pela Santa S\u00e9, o novo pont\u00edfice come\u00e7ou a ler um texto previamente preparado em que refletiu sobre <strong>uma frase que Sim\u00e3o Pedro dirige a Jesus, contida no cap\u00edtulo 16 do Evangelho de Mateus: \u201cTu \u00e9s o Cristo, o Filho do Deus vivo\u201d.<\/strong><\/p>\n<blockquote>\n<p>\u201cEssas palavras de Pedro, afirma o papa rec\u00e9m-eleito, expressam em s\u00edntese o patrim\u00f4nio que h\u00e1 2 mil anos a Igreja preserva, aprofunda e transmite atrav\u00e9s da sucess\u00e3o apost\u00f3lica. Ou seja, Jesus \u00e9 o \u00fanico Salvador e o revelador da face do Pai\u201d, destacou o Vaticano.<\/p>\n<\/blockquote>\n<blockquote>\n<p>\u201cHoje, n\u00e3o s\u00e3o poucos os contextos em que a f\u00e9 crist\u00e3 \u00e9 considerada algo absurdo, destinada a pessoas d\u00e9beis e pouco inteligentes; contextos em que a ela preferem-se outras seguran\u00e7as, como a tecnologia, o dinheiro, o sucesso, o poder e o prazer\u201d, ressaltou Le\u00e3o XIV.<\/p>\n<\/blockquote>\n<p>Antes de concluir, o <strong>papa citou uma frase proferida por Santo In\u00e1cio de Antioquia<\/strong> quando caminhava para seu mart\u00edrio:<strong> \u201cEnt\u00e3o, serei verdadeiro disc\u00edpulo de Jesus, quando o meu corpo for subtra\u00eddo \u00e0 vista do mundo\u201d.<\/strong><\/p>\n<p><strong>\u201cEssas palavras, afirmou, recordam um compromisso irrenunci\u00e1vel para quem, na Igreja, exerce um minist\u00e9rio de autoridade: desaparecer para que Cristo permane\u00e7a, fazer-se pequeno para que Ele seja conhecido e glorificado gastar-se at\u00e9 ao limite para que a ningu\u00e9m falte a oportunidade de O conhecer e amar\u201d, ressaltou o Vaticano.<\/strong><\/p>\n<blockquote>\n<p>\u201cQue Deus me d\u00ea esta gra\u00e7a, hoje e sempre, com a ajuda da terna intercess\u00e3o de Maria, M\u00e3e da Igreja\u201d, concluiu Le\u00e3o XIV.<\/p>\n<\/blockquote>\n<p>\u00a0<\/p>\n<p>      <!-- Relacionada --><\/p>\n<p>            <!-- Relacionada -->\n    <\/div>\n<p><br \/>\n<br \/><a href=\"https:\/\/agenciabrasil.ebc.com.br\/internacional\/noticia\/2025-05\/papa-leao-xiv-pede-que-igreja-ilumine-noites-escuras-do-mundo\" rel=\"noopener\">Ag\u00eancia Brasil <\/a><\/p>\n","protected":false},"excerpt":{"rendered":"<p>Ao celebrar sua primeira missa nesta sexta-feira (9), o papa Le\u00e3o XIV disse esperar que a Igreja atue como \u201cfarol que ilumina as noites do mundo\u201d. \u201cE isso n\u00e3o tanto pela grandiosidade de suas estruturas, mas pela santidade dos seus membros\u201d, destacou, durante a celebra\u00e7\u00e3o na Capela Sistina. De acordo com informa\u00e7\u00f5es do Vaticano, durante [&hellip;]<\/p>\n","protected":false},"author":1,"featured_media":32682,"comment_status":"open","ping_status":"open","sticky":false,"template":"","format":"standard","meta":{"_jetpack_newsletter_access":"","_jetpack_dont_email_post_to_subs":false,"_jetpack_newsletter_tier_id":0,"_jetpack_memberships_contains_paywalled_content":false,"_mbp_banners":[],"_jetpack_feature_clip_id":0,"_jetpack_memberships_contains_paid_content":false,"footnotes":"","jetpack_publicize_message":"","jetpack_publicize_feature_enabled":true,"jetpack_social_post_already_shared":true,"jetpack_social_options":{"image_generator_settings":{"template":"highway","default_image_id":0,"font":"","enabled":false},"version":2},"jetpack_post_was_ever_published":false},"categories":[25],"tags":[],"class_list":["post-32681","post","type-post","status-publish","format-standard","has-post-thumbnail","category-internacional"],"jetpack_publicize_connections":[],"jetpack-related-posts":[],"jetpack_shortlink":"https:\/\/wp.me\/p7Eq1F-8v7","jetpack_sharing_enabled":true,"jetpack_featured_media_url":"https:\/\/i0.wp.com\/guialimeira.com.br\/news\/wp-content\/uploads\/2025\/05\/2025-05-08t173259z_487257788_rc2tdeaady4o_rtrmadp_3_pope-succession.jpg?fit=1600%2C800&ssl=1","_links":{"self":[{"href":"https:\/\/guialimeira.com.br\/news\/wp-json\/wp\/v2\/posts\/32681","targetHints":{"allow":["GET"]}}],"collection":[{"href":"https:\/\/guialimeira.com.br\/news\/wp-json\/wp\/v2\/posts"}],"about":[{"href":"https:\/\/guialimeira.com.br\/news\/wp-json\/wp\/v2\/types\/post"}],"author":[{"embeddable":true,"href":"https:\/\/guialimeira.com.br\/news\/wp-json\/wp\/v2\/users\/1"}],"replies":[{"embeddable":true,"href":"https:\/\/guialimeira.com.br\/news\/wp-json\/wp\/v2\/comments?post=32681"}],"version-history":[{"count":0,"href":"https:\/\/guialimeira.com.br\/news\/wp-json\/wp\/v2\/posts\/32681\/revisions"}],"wp:featuredmedia":[{"embeddable":true,"href":"https:\/\/guialimeira.com.br\/news\/wp-json\/wp\/v2\/media\/32682"}],"wp:attachment":[{"href":"https:\/\/guialimeira.com.br\/news\/wp-json\/wp\/v2\/media?parent=32681"}],"wp:term":[{"taxonomy":"category","embeddable":true,"href":"https:\/\/guialimeira.com.br\/news\/wp-json\/wp\/v2\/categories?post=32681"},{"taxonomy":"post_tag","embeddable":true,"href":"https:\/\/guialimeira.com.br\/news\/wp-json\/wp\/v2\/tags?post=32681"}],"curies":[{"name":"wp","href":"https:\/\/api.w.org\/{rel}","templated":true}]}}