{"id":32677,"date":"2025-05-09T10:38:57","date_gmt":"2025-05-09T13:38:57","guid":{"rendered":"https:\/\/guialimeira.com.br\/2025\/05\/09\/missa-de-posse-do-papa-leao-xiv-ocorrera-em-18-de-maio\/"},"modified":"2025-05-09T10:38:57","modified_gmt":"2025-05-09T13:38:57","slug":"missa-de-posse-do-papa-leao-xiv-ocorrera-em-18-de-maio","status":"publish","type":"post","link":"https:\/\/guialimeira.com.br\/news\/missa-de-posse-do-papa-leao-xiv-ocorrera-em-18-de-maio\/","title":{"rendered":"Missa de posse do papa Le\u00e3o XIV ocorrer\u00e1 em 18 de maio"},"content":{"rendered":"<p> <br \/>\n<\/p>\n<div>\n<p>O papa rec\u00e9m-eleito Le\u00e3o XIV ser\u00e1 formalmente empossado em cerim\u00f4nia marcada para as 10h (hor\u00e1rio local, 5h em Bras\u00edlia) do pr\u00f3ximo dia 18, na Pra\u00e7a de S\u00e3o Pedro.\u00a0<img data-recalc-dims=\"1\" decoding=\"async\" src=\"https:\/\/i0.wp.com\/agenciabrasil.ebc.com.br\/ebc.png?w=696&#038;ssl=1\" style=\"width:1px; height:1px; display:inline;\"\/><img data-recalc-dims=\"1\" decoding=\"async\" src=\"https:\/\/i0.wp.com\/agenciabrasil.ebc.com.br\/ebc.gif?w=696&#038;ssl=1\" style=\"width:1px; height:1px; display:inline;\"\/><\/p>\n<p>A data, divulgada nesta sexta-feira (9) pelo Vaticano, marca o in\u00edcio do pontificado do l\u00edder da Igreja Cat\u00f3lica, que congrega 1,4 bilh\u00e3o de fi\u00e9is em todo o mundo.<\/p>\n<p>Ainda de acordo com a Santa S\u00e9, neste s\u00e1bado (10), o papa se re\u00fane com os cardeais. No domingo (11), marcando sua primeira apari\u00e7\u00e3o p\u00fablica ap\u00f3s a elei\u00e7\u00e3o, est\u00e3o previstas uma ora\u00e7\u00e3o e uma sauda\u00e7\u00e3o a partir da sacada da Bas\u00edlica de S\u00e3o Pedro.<\/p>\n<h2>Conclave<\/h2>\n<p>O cardeal norte-americano Robert Francis Prevost, de 69 anos, foi apresentado nesta quinta-feira (8) ao mundo como o 267\u00ba papa da Igreja.\u00a0<\/p>\n<p>O nome escolhido pelo novo pont\u00edfice \u00e9 Le\u00e3o XIV. Ele sucede o papa Francisco, falecido no \u00faltimo dia 21.<\/p>\n<p>O lema episcopal de Le\u00e3o XIV \u00e9 <em>In Illo uno unum<\/em> (Em um s\u00f3 somos um), palavras que Santo Agostinho pronunciou em um serm\u00e3o sobre o Salmo 127, para explicar que, \u201cembora n\u00f3s, crist\u00e3os, sejamos muitos, no \u00fanico Cristo, somos um\u201d.<\/p>\n<p>      <!-- Relacionada --><\/p>\n<p>            <!-- Relacionada -->\n    <\/div>\n<p><br \/>\n<br \/><a href=\"https:\/\/agenciabrasil.ebc.com.br\/internacional\/noticia\/2025-05\/missa-de-posse-do-papa-leao-xiv-ocorrera-em-18-de-maio\" rel=\"noopener\">Ag\u00eancia Brasil <\/a><\/p>\n","protected":false},"excerpt":{"rendered":"<p>O papa rec\u00e9m-eleito Le\u00e3o XIV ser\u00e1 formalmente empossado em cerim\u00f4nia marcada para as 10h (hor\u00e1rio local, 5h em Bras\u00edlia) do pr\u00f3ximo dia 18, na Pra\u00e7a de S\u00e3o Pedro.\u00a0 A data, divulgada nesta sexta-feira (9) pelo Vaticano, marca o in\u00edcio do pontificado do l\u00edder da Igreja Cat\u00f3lica, que congrega 1,4 bilh\u00e3o de fi\u00e9is em todo o [&hellip;]<\/p>\n","protected":false},"author":1,"featured_media":32619,"comment_status":"open","ping_status":"open","sticky":false,"template":"","format":"standard","meta":{"_jetpack_newsletter_access":"","_jetpack_dont_email_post_to_subs":false,"_jetpack_newsletter_tier_id":0,"_jetpack_memberships_contains_paywalled_content":false,"_mbp_banners":[],"_jetpack_feature_clip_id":0,"_jetpack_memberships_contains_paid_content":false,"footnotes":"","jetpack_publicize_message":"","jetpack_publicize_feature_enabled":true,"jetpack_social_post_already_shared":true,"jetpack_social_options":{"image_generator_settings":{"template":"highway","default_image_id":0,"font":"","enabled":false},"version":2},"jetpack_post_was_ever_published":false},"categories":[25],"tags":[],"class_list":["post-32677","post","type-post","status-publish","format-standard","has-post-thumbnail","category-internacional"],"jetpack_publicize_connections":[],"jetpack-related-posts":[],"jetpack_shortlink":"https:\/\/wp.me\/p7Eq1F-8v3","jetpack_sharing_enabled":true,"jetpack_featured_media_url":"https:\/\/i0.wp.com\/guialimeira.com.br\/news\/wp-content\/uploads\/2025\/05\/Lula-cumprimenta-novo-papa-e-pede-continuidade-do-legado-de.jpg?fit=1600%2C800&ssl=1","_links":{"self":[{"href":"https:\/\/guialimeira.com.br\/news\/wp-json\/wp\/v2\/posts\/32677","targetHints":{"allow":["GET"]}}],"collection":[{"href":"https:\/\/guialimeira.com.br\/news\/wp-json\/wp\/v2\/posts"}],"about":[{"href":"https:\/\/guialimeira.com.br\/news\/wp-json\/wp\/v2\/types\/post"}],"author":[{"embeddable":true,"href":"https:\/\/guialimeira.com.br\/news\/wp-json\/wp\/v2\/users\/1"}],"replies":[{"embeddable":true,"href":"https:\/\/guialimeira.com.br\/news\/wp-json\/wp\/v2\/comments?post=32677"}],"version-history":[{"count":0,"href":"https:\/\/guialimeira.com.br\/news\/wp-json\/wp\/v2\/posts\/32677\/revisions"}],"wp:featuredmedia":[{"embeddable":true,"href":"https:\/\/guialimeira.com.br\/news\/wp-json\/wp\/v2\/media\/32619"}],"wp:attachment":[{"href":"https:\/\/guialimeira.com.br\/news\/wp-json\/wp\/v2\/media?parent=32677"}],"wp:term":[{"taxonomy":"category","embeddable":true,"href":"https:\/\/guialimeira.com.br\/news\/wp-json\/wp\/v2\/categories?post=32677"},{"taxonomy":"post_tag","embeddable":true,"href":"https:\/\/guialimeira.com.br\/news\/wp-json\/wp\/v2\/tags?post=32677"}],"curies":[{"name":"wp","href":"https:\/\/api.w.org\/{rel}","templated":true}]}}