{"id":32657,"date":"2025-05-09T00:38:39","date_gmt":"2025-05-09T03:38:39","guid":{"rendered":"https:\/\/guialimeira.com.br\/2025\/05\/09\/inter-e-superado-por-3-a-1-pelo-atletico-nacional-na-libertadores\/"},"modified":"2025-05-09T00:38:39","modified_gmt":"2025-05-09T03:38:39","slug":"inter-e-superado-por-3-a-1-pelo-atletico-nacional-na-libertadores","status":"publish","type":"post","link":"https:\/\/guialimeira.com.br\/news\/inter-e-superado-por-3-a-1-pelo-atletico-nacional-na-libertadores\/","title":{"rendered":"Inter \u00e9 superado por 3 a 1 pelo Atl\u00e9tico Nacional na Libertadores"},"content":{"rendered":"<p> <br \/>\n<\/p>\n<div>\n<p>O Internacional foi derrotado por 3 a 1 pelo Atl\u00e9tico Nacional (Col\u00f4mbia), na noite desta quinta-feira (8) no Atanasio Girardot, em Medell\u00edn (Col\u00f4mbia), em partida v\u00e1lida pela 4\u00aa rodada do Grupo F da Copa Libertadores da Am\u00e9rica.<img data-recalc-dims=\"1\" decoding=\"async\" src=\"https:\/\/i0.wp.com\/agenciabrasil.ebc.com.br\/ebc.png?w=696&#038;ssl=1\" style=\"width:1px; height:1px; display:inline;\"\/><img data-recalc-dims=\"1\" decoding=\"async\" src=\"https:\/\/i0.wp.com\/agenciabrasil.ebc.com.br\/ebc.gif?w=696&#038;ssl=1\" style=\"width:1px; height:1px; display:inline;\"\/><\/p>\n<blockquote class=\"twitter-tweet\">\n<p dir=\"ltr\" lang=\"pt\" xml:lang=\"pt\">\ud83c\uddf3\ud83c\uddec Os donos da casa ficaram com a vit\u00f3ria pela CONMEBOL <a href=\"https:\/\/twitter.com\/hashtag\/Libertadores?src=hash&amp;ref_src=twsrc%5Etfw\" rel=\"noopener\">#Libertadores<\/a>!<\/p>\n<p>3\u20e3 &#8211; 1\u20e3 para <a href=\"https:\/\/twitter.com\/nacionaloficial?ref_src=twsrc%5Etfw\" rel=\"noopener\">@nacionaloficial<\/a> e <a href=\"https:\/\/twitter.com\/SCInternacional?ref_src=twsrc%5Etfw\" rel=\"noopener\">@SCInternacional<\/a>\u26bd\ufe0f <a href=\"https:\/\/twitter.com\/hashtag\/GloriaEterna?src=hash&amp;ref_src=twsrc%5Etfw\" rel=\"noopener\">#GloriaEterna<\/a> <a href=\"https:\/\/t.co\/9sXmPh6OPB\">pic.twitter.com\/9sXmPh6OPB<\/a><\/p>\n<p>\u2014 CONMEBOL Libertadores (@LibertadoresBR) <a href=\"https:\/\/twitter.com\/LibertadoresBR\/status\/1920670083132629352?ref_src=twsrc%5Etfw\" rel=\"noopener\">May 9, 2025<\/a><\/p><\/blockquote>\n<p>Ap\u00f3s este rev\u00e9s, o Colorado ocupa a terceira posi\u00e7\u00e3o da classifica\u00e7\u00e3o com cinco pontos, um a menos que a equipe colombiana, que ocupa a vice-lideran\u00e7a, e dois a menos do que o Bahia, que lidera a chave.<\/p>\n<p>Apoiado por sua torcida, que lotou o est\u00e1dio Atanasio Girardot, o Atl\u00e9tico Nacional dominou a primeira etapa da partida, abrindo o placar aos 38 minutos, com chute cruzado do atacante Viveros.<\/p>\n<p>O time colombiano continuou melhor ap\u00f3s o intervalo, e ampliou aos nove minutos com o meio-campista Billy Arce. Aos 34 minutos o Inter chegou a descontar com Alan Patrick em cobran\u00e7a de p\u00eanalti, mas Viveros voltou a marcar aos 47 minutos para dar n\u00fameros finais ao placar.<\/p>\n<p>      <!-- Relacionada --><\/p>\n<p>            <!-- Relacionada -->\n    <\/div>\n<p><script async src=\"\/\/platform.twitter.com\/widgets.js\" charset=\"utf-8\"><\/script><br \/>\n<br \/><br \/>\n<br \/><a href=\"https:\/\/agenciabrasil.ebc.com.br\/esportes\/noticia\/2025-05\/inter-e-superado-por-3-1-pelo-atletico-nacional-na-libertadores\" rel=\"noopener\">Ag\u00eancia Brasil<\/a><\/p>\n","protected":false},"excerpt":{"rendered":"<p>O Internacional foi derrotado por 3 a 1 pelo Atl\u00e9tico Nacional (Col\u00f4mbia), na noite desta quinta-feira (8) no Atanasio Girardot, em Medell\u00edn (Col\u00f4mbia), em partida v\u00e1lida pela 4\u00aa rodada do Grupo F da Copa Libertadores da Am\u00e9rica. \ud83c\uddf3\ud83c\uddec Os donos da casa ficaram com a vit\u00f3ria pela CONMEBOL #Libertadores! 3\u20e3 &#8211; 1\u20e3 para @nacionaloficial e [&hellip;]<\/p>\n","protected":false},"author":1,"featured_media":32658,"comment_status":"open","ping_status":"open","sticky":false,"template":"","format":"standard","meta":{"_jetpack_newsletter_access":"","_jetpack_dont_email_post_to_subs":false,"_jetpack_newsletter_tier_id":0,"_jetpack_memberships_contains_paywalled_content":false,"_mbp_banners":[],"_jetpack_feature_clip_id":0,"_jetpack_memberships_contains_paid_content":false,"footnotes":"","jetpack_publicize_message":"","jetpack_publicize_feature_enabled":true,"jetpack_social_post_already_shared":true,"jetpack_social_options":{"image_generator_settings":{"template":"highway","default_image_id":0,"font":"","enabled":false},"version":2},"jetpack_post_was_ever_published":false},"categories":[23],"tags":[],"class_list":["post-32657","post","type-post","status-publish","format-standard","has-post-thumbnail","category-esportes"],"jetpack_publicize_connections":[],"jetpack-related-posts":[],"jetpack_shortlink":"https:\/\/wp.me\/p7Eq1F-8uJ","jetpack_sharing_enabled":true,"jetpack_featured_media_url":"https:\/\/i0.wp.com\/guialimeira.com.br\/news\/wp-content\/uploads\/2025\/05\/2025-05-09t004104z_110318152_up1el5901wdys_rtrmadp_3_soccer-libertadores-atn-inl-report.jpg?fit=1600%2C800&ssl=1","_links":{"self":[{"href":"https:\/\/guialimeira.com.br\/news\/wp-json\/wp\/v2\/posts\/32657","targetHints":{"allow":["GET"]}}],"collection":[{"href":"https:\/\/guialimeira.com.br\/news\/wp-json\/wp\/v2\/posts"}],"about":[{"href":"https:\/\/guialimeira.com.br\/news\/wp-json\/wp\/v2\/types\/post"}],"author":[{"embeddable":true,"href":"https:\/\/guialimeira.com.br\/news\/wp-json\/wp\/v2\/users\/1"}],"replies":[{"embeddable":true,"href":"https:\/\/guialimeira.com.br\/news\/wp-json\/wp\/v2\/comments?post=32657"}],"version-history":[{"count":0,"href":"https:\/\/guialimeira.com.br\/news\/wp-json\/wp\/v2\/posts\/32657\/revisions"}],"wp:featuredmedia":[{"embeddable":true,"href":"https:\/\/guialimeira.com.br\/news\/wp-json\/wp\/v2\/media\/32658"}],"wp:attachment":[{"href":"https:\/\/guialimeira.com.br\/news\/wp-json\/wp\/v2\/media?parent=32657"}],"wp:term":[{"taxonomy":"category","embeddable":true,"href":"https:\/\/guialimeira.com.br\/news\/wp-json\/wp\/v2\/categories?post=32657"},{"taxonomy":"post_tag","embeddable":true,"href":"https:\/\/guialimeira.com.br\/news\/wp-json\/wp\/v2\/tags?post=32657"}],"curies":[{"name":"wp","href":"https:\/\/api.w.org\/{rel}","templated":true}]}}