{"id":32648,"date":"2025-05-08T22:26:55","date_gmt":"2025-05-09T01:26:55","guid":{"rendered":"https:\/\/guialimeira.com.br\/2025\/05\/08\/na-russia-lula-celebra-80-anos-da-vitoria-contra-o-nazismo\/"},"modified":"2025-05-08T22:26:55","modified_gmt":"2025-05-09T01:26:55","slug":"na-russia-lula-celebra-80-anos-da-vitoria-contra-o-nazismo","status":"publish","type":"post","link":"https:\/\/guialimeira.com.br\/news\/na-russia-lula-celebra-80-anos-da-vitoria-contra-o-nazismo\/","title":{"rendered":"Na R\u00fassia, Lula celebra 80 anos da vit\u00f3ria contra o nazismo"},"content":{"rendered":"<p> <br \/>\n<\/p>\n<div>\n<p>O presidente <strong>Luiz In\u00e1cio Lula da Silva<\/strong> participa, nesta sexta-feira (9), em <strong>Moscou, na R\u00fassia<\/strong>, da <strong>parada c\u00edvico-militar que celebra os 80 anos de vit\u00f3ria da Uni\u00e3o Sovi\u00e9tica sobre a Alemanha nazista na Segunda Guerra Mundial<\/strong>.<img data-recalc-dims=\"1\" decoding=\"async\" src=\"https:\/\/i0.wp.com\/agenciabrasil.ebc.com.br\/ebc.png?w=696&#038;ssl=1\" style=\"width:1px; height:1px; display:inline;\"\/><img data-recalc-dims=\"1\" decoding=\"async\" src=\"https:\/\/i0.wp.com\/agenciabrasil.ebc.com.br\/ebc.gif?w=696&#038;ssl=1\" style=\"width:1px; height:1px; display:inline;\"\/><\/p>\n<p>Nesta data, em 1945, o Ex\u00e9rcito Vermelho anunciou a rendi\u00e7\u00e3o incondicional dos alem\u00e3es, pondo fim ao conflito que devastou a Europa ocidental e matou dezenas de milh\u00f5es de pessoas por mais de meia d\u00e9cada (1939-1945).<\/p>\n<p>Na<strong> R\u00fassia<\/strong>, a <strong>data \u00e9 conhecida como Dia da Vit\u00f3ria e \u00e9 marcada por uma grande celebra\u00e7\u00e3o nacional<\/strong>. <strong>Lula est\u00e1 no pa\u00eds desde quarta-feira (7)<\/strong>, a <strong>convite de Vladimir Putin<\/strong>, com quem manter\u00e1 reuni\u00e3o bilateral ao longo do dia.<\/p>\n<p>De acordo com a agenda oficial divulgada pelo Pal\u00e1cio do Planalto, Lula inicia a programa\u00e7\u00e3o \u00e0s 10h, hor\u00e1rio local (4h pelo hor\u00e1rio de Bras\u00edlia) com a participa\u00e7\u00e3o na cerim\u00f4nia principal, na Pra\u00e7a Vermelha, centro da capital russa. Em seguida, o presidente participa da cerim\u00f4nia de oferenda floral no t\u00famulo do soldado desconhecido.<\/p>\n<p>A agenda prossegue com um almo\u00e7o oferecido por Putin no Pal\u00e1cio do Kremlin, sede do governo russo. Na parte da tarde, ainda manh\u00e3 no Brasil, <strong>Lula e Putin se re\u00fanem em agenda bilateral<\/strong>. <strong>Est\u00e3o previstos an\u00fancios de parcerias comerciais e a assinatura de acordos na \u00e1rea de ci\u00eancia e tecnologia<\/strong>.<\/p>\n<p>Ainda nesta sexta, Lula manter\u00e1 uma reuni\u00e3o bilateral com o primeiro-ministro da Eslov\u00e1quia, Robert Fico, e termina o dia de compromissos com um jantar oferecido pela Embaixada do Brasil em Moscou. Lula est\u00e1 acompanhado da primeira-dama Janja da Silva e por uma comitiva de ministros e autoridades da Rep\u00fablica, incluindo o presidente do Senado, Davi Alcolumbre.<\/p>\n<p>De Moscou, <strong>Lula e comitiva embarcam no dia seguinte para Pequim<\/strong>, na <strong>China<\/strong>, onde<strong> participam da c\u00fapula entre o gigante asi\u00e1tico e pa\u00edses da Comunidade de Estados Latino-Americanos e Caribenhos (Celac)<\/strong>, nos dias 12 e 13 de maio, al\u00e9m de fazer uma visita de Estado, com a assinatura de, pelo menos, <a href=\"https:\/\/agenciabrasil.ebc.com.br\/politica\/noticia\/2025-05\/brasil-e-china-devem-fechar-16-acordos-em-nova-visita-de-lula-pequim\" target=\"_blank\" rel=\"noopener\">16 atos bilaterais<\/a>.<\/p>\n<p>      <!-- Relacionada --><\/p>\n<p>            <!-- Relacionada -->\n    <\/div>\n<p><br \/>\n<br \/><a href=\"https:\/\/agenciabrasil.ebc.com.br\/internacional\/noticia\/2025-05\/na-russia-lula-celebra-80-anos-da-vitoria-contra-o-nazismo\" rel=\"noopener\">Ag\u00eancia Brasil <\/a><\/p>\n","protected":false},"excerpt":{"rendered":"<p>O presidente Luiz In\u00e1cio Lula da Silva participa, nesta sexta-feira (9), em Moscou, na R\u00fassia, da parada c\u00edvico-militar que celebra os 80 anos de vit\u00f3ria da Uni\u00e3o Sovi\u00e9tica sobre a Alemanha nazista na Segunda Guerra Mundial. Nesta data, em 1945, o Ex\u00e9rcito Vermelho anunciou a rendi\u00e7\u00e3o incondicional dos alem\u00e3es, pondo fim ao conflito que devastou [&hellip;]<\/p>\n","protected":false},"author":1,"featured_media":32649,"comment_status":"open","ping_status":"open","sticky":false,"template":"","format":"standard","meta":{"_jetpack_newsletter_access":"","_jetpack_dont_email_post_to_subs":false,"_jetpack_newsletter_tier_id":0,"_jetpack_memberships_contains_paywalled_content":false,"_mbp_banners":[],"_jetpack_feature_clip_id":0,"_jetpack_memberships_contains_paid_content":false,"footnotes":"","jetpack_publicize_message":"","jetpack_publicize_feature_enabled":true,"jetpack_social_post_already_shared":true,"jetpack_social_options":{"image_generator_settings":{"template":"highway","default_image_id":0,"font":"","enabled":false},"version":2},"jetpack_post_was_ever_published":false},"categories":[25],"tags":[],"class_list":["post-32648","post","type-post","status-publish","format-standard","has-post-thumbnail","category-internacional"],"jetpack_publicize_connections":[],"jetpack-related-posts":[],"jetpack_shortlink":"https:\/\/wp.me\/p7Eq1F-8uA","jetpack_sharing_enabled":true,"jetpack_featured_media_url":"https:\/\/i0.wp.com\/guialimeira.com.br\/news\/wp-content\/uploads\/2025\/05\/54504969872_dd8f0c9c7f_o.jpg?fit=1600%2C800&ssl=1","_links":{"self":[{"href":"https:\/\/guialimeira.com.br\/news\/wp-json\/wp\/v2\/posts\/32648","targetHints":{"allow":["GET"]}}],"collection":[{"href":"https:\/\/guialimeira.com.br\/news\/wp-json\/wp\/v2\/posts"}],"about":[{"href":"https:\/\/guialimeira.com.br\/news\/wp-json\/wp\/v2\/types\/post"}],"author":[{"embeddable":true,"href":"https:\/\/guialimeira.com.br\/news\/wp-json\/wp\/v2\/users\/1"}],"replies":[{"embeddable":true,"href":"https:\/\/guialimeira.com.br\/news\/wp-json\/wp\/v2\/comments?post=32648"}],"version-history":[{"count":0,"href":"https:\/\/guialimeira.com.br\/news\/wp-json\/wp\/v2\/posts\/32648\/revisions"}],"wp:featuredmedia":[{"embeddable":true,"href":"https:\/\/guialimeira.com.br\/news\/wp-json\/wp\/v2\/media\/32649"}],"wp:attachment":[{"href":"https:\/\/guialimeira.com.br\/news\/wp-json\/wp\/v2\/media?parent=32648"}],"wp:term":[{"taxonomy":"category","embeddable":true,"href":"https:\/\/guialimeira.com.br\/news\/wp-json\/wp\/v2\/categories?post=32648"},{"taxonomy":"post_tag","embeddable":true,"href":"https:\/\/guialimeira.com.br\/news\/wp-json\/wp\/v2\/tags?post=32648"}],"curies":[{"name":"wp","href":"https:\/\/api.w.org\/{rel}","templated":true}]}}