{"id":32630,"date":"2025-05-08T19:23:42","date_gmt":"2025-05-08T22:23:42","guid":{"rendered":"https:\/\/guialimeira.com.br\/2025\/05\/08\/dino-manda-soltar-empresario-procurado-pelo-governo-da-turquia\/"},"modified":"2025-05-08T19:23:42","modified_gmt":"2025-05-08T22:23:42","slug":"dino-manda-soltar-empresario-procurado-pelo-governo-da-turquia","status":"publish","type":"post","link":"https:\/\/guialimeira.com.br\/news\/dino-manda-soltar-empresario-procurado-pelo-governo-da-turquia\/","title":{"rendered":"Dino manda soltar empres\u00e1rio procurado pelo governo da Turquia\u00a0"},"content":{"rendered":"<p> <br \/>\n<\/p>\n<div>\n<p><strong>O ministro Fl\u00e1vio Dino, do Supremo Tribunal Federal (STF), determinou nesta quinta-feira (8) a soltura do empres\u00e1rio Mustafa G\u00f6ktepe, cidad\u00e3o nascido na Turquia e naturalizado brasileiro.<\/strong><img data-recalc-dims=\"1\" decoding=\"async\" src=\"https:\/\/i0.wp.com\/agenciabrasil.ebc.com.br\/ebc.png?w=696&#038;ssl=1\" style=\"width:1px; height:1px; display:inline;\"\/><img data-recalc-dims=\"1\" decoding=\"async\" src=\"https:\/\/i0.wp.com\/agenciabrasil.ebc.com.br\/ebc.gif?w=696&#038;ssl=1\" style=\"width:1px; height:1px; display:inline;\"\/><\/p>\n<p>O ministro decidiu revogar sua decis\u00e3o anterior que determinou a pris\u00e3o do<strong> acusado, que \u00e9 alvo de um pedido de extradi\u00e7\u00e3o feito pelo governo turco por fazer parte do Movimento Hizmet, grupo que faz oposi\u00e7\u00e3o ao presidente Recep Tayyip Erdogan <\/strong>e \u00e9 apontado como &#8220;organiza\u00e7\u00e3o terrorista&#8221; naquele pa\u00eds.\u00a0<\/p>\n<p><strong>A soltura foi solicitada ap\u00f3s a defesa esclarecer que Mustaf\u00e1 \u00e9 cidad\u00e3o brasileiro.<\/strong> A informa\u00e7\u00e3o n\u00e3o constava no primeiro of\u00edcio enviado pelo Minist\u00e9rio da Justi\u00e7a e Seguran\u00e7a P\u00fablica ao STF para comunicar o pedido de extradi\u00e7\u00e3o feito pelo governo turco.<\/p>\n<p><strong>Diante da informa\u00e7\u00e3o, Dino reviu sua decis\u00e3o e determinou a soltura do acusado, que tem o status de naturalizado desde 2012.<\/strong><\/p>\n<blockquote>\n<p>&#8220;Em face disto, a revoga\u00e7\u00e3o da pris\u00e3o deve ser deferida, raz\u00e3o pela qual determino a imediata expedi\u00e7\u00e3o de alvar\u00e1 de soltura de Mustafa G\u00f6ktepe, sem preju\u00edzo da continuidade do procedimento at\u00e9 avalia\u00e7\u00e3o do \u00f3rg\u00e3o colegiado competente&#8221;, decidiu Dino.<\/p>\n<\/blockquote>\n<p>A defesa de Mustafa afirmou que ele alvo de persegui\u00e7\u00e3o pol\u00edtica. Os advogados tamb\u00e9m informaram que ele vive no Brasil desde 2004, tem duas filhas brasileiras e n\u00e3o tem antecedentes criminais.<\/p>\n<p>      <!-- Relacionada --><\/p>\n<p>            <!-- Relacionada -->\n    <\/div>\n<p><br \/>\n<br \/><a href=\"https:\/\/agenciabrasil.ebc.com.br\/internacional\/noticia\/2025-05\/dino-manda-soltar-empresario-procurado-pelo-governo-da-turquia\" rel=\"noopener\">Ag\u00eancia Brasil <\/a><\/p>\n","protected":false},"excerpt":{"rendered":"<p>O ministro Fl\u00e1vio Dino, do Supremo Tribunal Federal (STF), determinou nesta quinta-feira (8) a soltura do empres\u00e1rio Mustafa G\u00f6ktepe, cidad\u00e3o nascido na Turquia e naturalizado brasileiro. O ministro decidiu revogar sua decis\u00e3o anterior que determinou a pris\u00e3o do acusado, que \u00e9 alvo de um pedido de extradi\u00e7\u00e3o feito pelo governo turco por fazer parte do [&hellip;]<\/p>\n","protected":false},"author":1,"featured_media":31584,"comment_status":"open","ping_status":"open","sticky":false,"template":"","format":"standard","meta":{"_jetpack_newsletter_access":"","_jetpack_dont_email_post_to_subs":false,"_jetpack_newsletter_tier_id":0,"_jetpack_memberships_contains_paywalled_content":false,"_mbp_banners":[],"_jetpack_feature_clip_id":0,"_jetpack_memberships_contains_paid_content":false,"footnotes":"","jetpack_publicize_message":"","jetpack_publicize_feature_enabled":true,"jetpack_social_post_already_shared":true,"jetpack_social_options":{"image_generator_settings":{"template":"highway","default_image_id":0,"font":"","enabled":false},"version":2},"jetpack_post_was_ever_published":false},"categories":[25],"tags":[],"class_list":["post-32630","post","type-post","status-publish","format-standard","has-post-thumbnail","category-internacional"],"jetpack_publicize_connections":[],"jetpack-related-posts":[],"jetpack_shortlink":"https:\/\/wp.me\/p7Eq1F-8ui","jetpack_sharing_enabled":true,"jetpack_featured_media_url":"https:\/\/i0.wp.com\/guialimeira.com.br\/news\/wp-content\/uploads\/2025\/04\/54409718383_918eefd424_o.jpg?fit=1600%2C800&ssl=1","_links":{"self":[{"href":"https:\/\/guialimeira.com.br\/news\/wp-json\/wp\/v2\/posts\/32630","targetHints":{"allow":["GET"]}}],"collection":[{"href":"https:\/\/guialimeira.com.br\/news\/wp-json\/wp\/v2\/posts"}],"about":[{"href":"https:\/\/guialimeira.com.br\/news\/wp-json\/wp\/v2\/types\/post"}],"author":[{"embeddable":true,"href":"https:\/\/guialimeira.com.br\/news\/wp-json\/wp\/v2\/users\/1"}],"replies":[{"embeddable":true,"href":"https:\/\/guialimeira.com.br\/news\/wp-json\/wp\/v2\/comments?post=32630"}],"version-history":[{"count":0,"href":"https:\/\/guialimeira.com.br\/news\/wp-json\/wp\/v2\/posts\/32630\/revisions"}],"wp:featuredmedia":[{"embeddable":true,"href":"https:\/\/guialimeira.com.br\/news\/wp-json\/wp\/v2\/media\/31584"}],"wp:attachment":[{"href":"https:\/\/guialimeira.com.br\/news\/wp-json\/wp\/v2\/media?parent=32630"}],"wp:term":[{"taxonomy":"category","embeddable":true,"href":"https:\/\/guialimeira.com.br\/news\/wp-json\/wp\/v2\/categories?post=32630"},{"taxonomy":"post_tag","embeddable":true,"href":"https:\/\/guialimeira.com.br\/news\/wp-json\/wp\/v2\/tags?post=32630"}],"curies":[{"name":"wp","href":"https:\/\/api.w.org\/{rel}","templated":true}]}}