{"id":3262,"date":"2024-04-30T20:27:52","date_gmt":"2024-04-30T23:27:52","guid":{"rendered":"https:\/\/guialimeira.com.br\/2024\/04\/30\/vacina-contra-hpv-e-ampliada-e-segue-disponivel-em-16-pontos\/"},"modified":"2024-04-30T20:27:52","modified_gmt":"2024-04-30T23:27:52","slug":"vacina-contra-hpv-e-ampliada-e-segue-disponivel-em-16-pontos","status":"publish","type":"post","link":"https:\/\/guialimeira.com.br\/news\/vacina-contra-hpv-e-ampliada-e-segue-disponivel-em-16-pontos\/","title":{"rendered":"Vacina contra HPV \u00e9 ampliada e segue dispon\u00edvel em 16 pontos"},"content":{"rendered":"<p> <br \/>\n<\/p>\n<div>\n            <main class=\"\">&#13;<br \/>\n                &#13;<br \/>\n&#13;<br \/>\n&#13;<br \/>\n&#13;<br \/>\n    <img data-recalc-dims=\"1\" decoding=\"async\" src=\"https:\/\/i0.wp.com\/ecrie.com.br\/sistema\/conteudos\/imagem\/m_137_0_1_04112023092716.jpg?w=696&#038;ssl=1\" alt=\"Vacina contra HPV \u00e9 ampliada e segue dispon\u00edvel em 16 pontos\"\/>&#13;<br \/>\n&#13;<\/p>\n<p>A Prefeitura de Limeira informa que a vacina contra o papilomav\u00edrus humano (HPV) foi ampliada para pessoas do sexo feminino e masculino de 9 a 19 anos de idade. O p\u00fablico-alvo inclui meninas e meninos, sendo o grupo priorit\u00e1rio formado tamb\u00e9m por pessoas com imunocomprometimento, v\u00edtimas de viol\u00eancia sexual e portadores de Papilomatose Respirat\u00f3ria Recorrente (PRR).<\/p>\n<p>&#13;<\/p>\n<p>No munic\u00edpio,\u00a0a vacina\u00e7\u00e3o ocorre nos 16 pontos de imuniza\u00e7\u00e3o de rotina, de segunda a sexta-feira, das 8h \u00e0s 12h e das 13h \u00e0s 16h. S\u00e3o eles: UBS Ab\u00edlio Pedro, UBS Aeroporto, UBS Campo Belo, UBS Cecap, UBS Morro Azul, UBS Dores 1, UBS Dores 2, UBS Nova Europa, UBS Nova Limeira, UBS Nova Su\u00ed\u00e7a, UBS Novo Horizonte, UBS Planalto, UBS Hip\u00f3lito 1, UBS Vista Alegre, UBS Graminha e Ambulat\u00f3rio de Especialidades Rubi.<\/p>\n<p>&#13;<\/p>\n<p>Em raz\u00e3o do feriado do Dia do Trabalho (1\u00ba de Maio), tanto as UBSs quanto o Ambulat\u00f3rio de Especialidades Rubi\u00a0estar\u00e3o fechados nesta quarta-feira. O atendimento ser\u00e1 retomado na quinta-feira (2).<\/p>\n<p>&#13;<br \/>\n&#13;<br \/>\n&#13;<br \/>\n&#13;<\/p>\n<aside class=\"list-related no-print\">&#13;<br \/>\n        &#13;<br \/>\n&#13;<\/p>\n<article class=\"list-item noticias \">&#13;<br \/>\n                    <a class=\"list-item__img\" href=\"https:\/\/limeira.sp.gov.br\/imprensa\/noticias\/saude\/com-mais-de-120-pontos-de-coleta-campanhas-do-agasalho-e-agasalho-pet-sao-lancadas-em-limeira\" tabindex=\"-1\" aria-hidden=\"true\" rel=\"noopener\">&#13;<br \/>\n                        <img data-recalc-dims=\"1\" decoding=\"async\" src=\"https:\/\/i0.wp.com\/ecrie.com.br\/sistema\/conteudos\/imagem\/m_137_0_1_30042024173201.jpg?w=696&#038;ssl=1\" alt=\"Com mais de 120 pontos de coleta, campanhas do Agasalho e Agasalho PET s\u00e3o lan\u00e7adas em Limeira\"\/>&#13;<br \/>\n                    <\/a>&#13;<br \/>\n&#13;<br \/>\n                &#13;<br \/>\n            <\/article>\n<p>&#13;<\/p>\n<article class=\"list-item noticias \">&#13;<br \/>\n                    <a class=\"list-item__img\" href=\"https:\/\/limeira.sp.gov.br\/imprensa\/noticias\/saude\/ubs-dores-2-altera-horario-de-funcionamento-na-sexta-feira-para-desinsetizacao\" tabindex=\"-1\" aria-hidden=\"true\" rel=\"noopener\">&#13;<br \/>\n                        <img data-recalc-dims=\"1\" decoding=\"async\" src=\"https:\/\/i0.wp.com\/ecrie.com.br\/sistema\/conteudos\/imagem\/m_137_0_1_30042024153755.jpg?w=696&#038;ssl=1\" alt=\"UBS Dores 2 altera hor\u00e1rio de funcionamento na sexta-feira para desinsetiza\u00e7\u00e3o\"\/>&#13;<br \/>\n                    <\/a>&#13;<br \/>\n&#13;<br \/>\n                &#13;<br \/>\n            <\/article>\n<p>&#13;<\/p>\n<article class=\"list-item noticias \">&#13;<br \/>\n                    <a class=\"list-item__img\" href=\"https:\/\/limeira.sp.gov.br\/imprensa\/noticias\/saude\/1-forum-de-saude-mental-de-limeira-tem-inscricoes-encerradas\" tabindex=\"-1\" aria-hidden=\"true\" rel=\"noopener\">&#13;<br \/>\n                        <img data-recalc-dims=\"1\" decoding=\"async\" src=\"https:\/\/i0.wp.com\/ecrie.com.br\/sistema\/conteudos\/imagem\/m_137_0_1_30042024152004.jpg?w=696&#038;ssl=1\" alt=\"1\u00ba F\u00f3rum de Sa\u00fade Mental de Limeira tem inscri\u00e7\u00f5es encerradas\"\/>&#13;<br \/>\n                    <\/a>&#13;<br \/>\n&#13;<br \/>\n                &#13;<br \/>\n            <\/article>\n<p>&#13;<br \/>\n    <\/aside>\n<p>&#13;<br \/>\n&#13;<br \/>\n            <\/main><\/p><\/div>\n<p><br \/>\n<br \/><a href=\"https:\/\/limeira.sp.gov.br\/vacina-contra-hpv-e-ampliada-e-segue-disponivel-em-16-pontos\" rel=\"noopener\">Informa\u00e7\u00f5es da PML <\/a><\/p>\n","protected":false},"excerpt":{"rendered":"<p>&#13; &#13; &#13; &#13; &#13; &#13; &#13; A Prefeitura de Limeira informa que a vacina contra o papilomav\u00edrus humano (HPV) foi ampliada para pessoas do sexo feminino e masculino de 9 a 19 anos de idade. O p\u00fablico-alvo inclui meninas e meninos, sendo o grupo priorit\u00e1rio formado tamb\u00e9m por pessoas com imunocomprometimento, v\u00edtimas de viol\u00eancia [&hellip;]<\/p>\n","protected":false},"author":1,"featured_media":3263,"comment_status":"open","ping_status":"open","sticky":false,"template":"","format":"standard","meta":{"_jetpack_newsletter_access":"","_jetpack_dont_email_post_to_subs":false,"_jetpack_newsletter_tier_id":0,"_jetpack_memberships_contains_paywalled_content":false,"_mbp_banners":[],"_jetpack_feature_clip_id":0,"_jetpack_memberships_contains_paid_content":false,"footnotes":"","jetpack_publicize_message":"","jetpack_publicize_feature_enabled":true,"jetpack_social_post_already_shared":true,"jetpack_social_options":{"image_generator_settings":{"template":"highway","default_image_id":0,"font":"","enabled":false},"version":2},"jetpack_post_was_ever_published":false},"categories":[16],"tags":[],"class_list":["post-3262","post","type-post","status-publish","format-standard","has-post-thumbnail","category-local"],"jetpack_publicize_connections":[],"jetpack-related-posts":[],"jetpack_shortlink":"https:\/\/wp.me\/p7Eq1F-QC","jetpack_sharing_enabled":true,"jetpack_featured_media_url":"https:\/\/i0.wp.com\/guialimeira.com.br\/news\/wp-content\/uploads\/2024\/04\/m_137_0_1_04112023092716.jpg?fit=1280%2C852&ssl=1","_links":{"self":[{"href":"https:\/\/guialimeira.com.br\/news\/wp-json\/wp\/v2\/posts\/3262","targetHints":{"allow":["GET"]}}],"collection":[{"href":"https:\/\/guialimeira.com.br\/news\/wp-json\/wp\/v2\/posts"}],"about":[{"href":"https:\/\/guialimeira.com.br\/news\/wp-json\/wp\/v2\/types\/post"}],"author":[{"embeddable":true,"href":"https:\/\/guialimeira.com.br\/news\/wp-json\/wp\/v2\/users\/1"}],"replies":[{"embeddable":true,"href":"https:\/\/guialimeira.com.br\/news\/wp-json\/wp\/v2\/comments?post=3262"}],"version-history":[{"count":0,"href":"https:\/\/guialimeira.com.br\/news\/wp-json\/wp\/v2\/posts\/3262\/revisions"}],"wp:featuredmedia":[{"embeddable":true,"href":"https:\/\/guialimeira.com.br\/news\/wp-json\/wp\/v2\/media\/3263"}],"wp:attachment":[{"href":"https:\/\/guialimeira.com.br\/news\/wp-json\/wp\/v2\/media?parent=3262"}],"wp:term":[{"taxonomy":"category","embeddable":true,"href":"https:\/\/guialimeira.com.br\/news\/wp-json\/wp\/v2\/categories?post=3262"},{"taxonomy":"post_tag","embeddable":true,"href":"https:\/\/guialimeira.com.br\/news\/wp-json\/wp\/v2\/tags?post=3262"}],"curies":[{"name":"wp","href":"https:\/\/api.w.org\/{rel}","templated":true}]}}