{"id":32614,"date":"2025-05-08T17:21:56","date_gmt":"2025-05-08T20:21:56","guid":{"rendered":"https:\/\/guialimeira.com.br\/2025\/05\/08\/quem-e-o-papa-leao-xiv-proximo-de-francisco-e-missionario-no-peru\/"},"modified":"2025-05-08T17:21:56","modified_gmt":"2025-05-08T20:21:56","slug":"quem-e-o-papa-leao-xiv-proximo-de-francisco-e-missionario-no-peru","status":"publish","type":"post","link":"https:\/\/guialimeira.com.br\/news\/quem-e-o-papa-leao-xiv-proximo-de-francisco-e-missionario-no-peru\/","title":{"rendered":"Quem \u00e9 o papa Le\u00e3o XIV: pr\u00f3ximo de Francisco e mission\u00e1rio no Peru"},"content":{"rendered":"<p> <br \/>\n<\/p>\n<div>\n<p><strong>O cardeal norte-americano Robert Francis Prevost, de 69 anos, <a href=\"https:\/\/agenciabrasil.ebc.com.br\/internacional\/noticia\/2025-05\/norte-americano-robert-francis-prevost-e-eleito-o-267o-papa\" rel=\"noopener\">foi apresentado no in\u00edcio da tarde nesta quinta-feira<\/a> (8) ao mundo como o 267\u00ba papa da Igreja.<\/strong> O nome escolhido pelo novo pont\u00edfice \u00e9 Le\u00e3o XIV. Ele sucede o papa Francisco, falecido no \u00faltimo dia 21. De acordo com o Vaticano, Prevot \u00e9 o primeiro papa agostiniano.<img data-recalc-dims=\"1\" decoding=\"async\" src=\"https:\/\/i0.wp.com\/agenciabrasil.ebc.com.br\/ebc.png?w=696&#038;ssl=1\" style=\"width:1px; height:1px; display:inline;\"\/><img data-recalc-dims=\"1\" decoding=\"async\" src=\"https:\/\/i0.wp.com\/agenciabrasil.ebc.com.br\/ebc.gif?w=696&#038;ssl=1\" style=\"width:1px; height:1px; display:inline;\"\/><\/p>\n<p><strong>O lema episcopal do novo pont\u00edfice \u00e9 <em>In Illo uno unum<\/em>\u00a0(Em um s\u00f3 n\u00f3s somos um), palavras que Santo Agostinho pronunciou em um serm\u00e3o, a exposi\u00e7\u00e3o sobre o Salmo 127, para explicar que, \u201cembora n\u00f3s, crist\u00e3os, sejamos muitos, no \u00fanico Cristo, somos um\u201d.<\/strong><\/p>\n<p>Durante a \u00faltima hospitaliza\u00e7\u00e3o de Francisco, o novo papa presidiu o ros\u00e1rio pela sa\u00fade de seu antecessor, no dia 3 de mar\u00e7o, na Pra\u00e7a S\u00e3o Pedro.<\/p>\n<p><a href=\"https:\/\/www.whatsapp.com\/channel\/0029VaoRTgrInlqYLSk59B2M\" target=\"_blank\" rel=\"noopener\">&gt;&gt; Siga o canal da <strong>Ag\u00eancia Brasil <\/strong>no WhatsApp<\/a><\/p>\n<h2>Trajet\u00f3ria<\/h2>\n<p><strong>Robert Francis Prevost nasceu em 14 de setembro de 1955 em Chicago, no estado norte-americano de Illinois. <\/strong>Ele \u00e9 filho de Louis Marius Prevost, de ascend\u00eancia francesa e italiana, e de Mildred Mart\u00ednez, de ascend\u00eancia espanhola, e tem dois irm\u00e3os, Louis Mart\u00edn e John Joseph.<\/p>\n<p>Em 1977,Prevost ingressou no noviciado da Ordem de Santo Agostinho, na prov\u00edncia de Nossa Senhora do Bom Conselho, em Saint Louis. Fez sua primeira profiss\u00e3o em 2 de setembro de 1978 e, em 29 de agosto de 1981, emitiu seus votos solenes.<\/p>\n<p>Estudou na Catholic Theological Union, em Chicago, onde se formou em teologia. Aos 27 anos, foi enviado por seus superiores a Roma para estudar direito can\u00f4nico na Pontif\u00edcia Universidade de Santo Tom\u00e1s de Aquino. Recebeu sua ordena\u00e7\u00e3o sacerdotal em 19 de junho de 1982.<\/p>\n<p><strong>Prevost obteve sua licenciatura em 1984 e, no ano seguinte, foi enviado para trabalhar em miss\u00e3o na cidade de Chulucanas, em Piura, Peru, de 1985 a 1986. <\/strong>Em 1987, concluiu seu doutorado com a tese \u201cO papel do prior local na Ordem de Santo Agostinho\u201d. No mesmo ano, foi eleito diretor de voca\u00e7\u00f5es e diretor das miss\u00f5es da prov\u00edncia agostiniana M\u00e3e do Bom Conselho de Olympia Fields, Illinois.<\/p>\n<p>Em 1988, foi enviado em miss\u00e3o \u00e0 Trujillo, tamb\u00e9m no Peru, como diretor do projeto de forma\u00e7\u00e3o conjunta para aspirantes agostinianos nos vicariatos de Chulucanas, Iquitos e Apur\u00edmac. L\u00e1, atuou como prior da comunidade (1988-1992), diretor de forma\u00e7\u00e3o (1988-1998) e professor dos que professam (1992-1998).<\/p>\n<p>Tamb\u00e9m na arquidiocese de Trujillo, foi vig\u00e1rio judicial (1989-1998) e professor de direito can\u00f4nico, patr\u00edstico e moral no Semin\u00e1rio Maior San Carlos e San Marcelo.<\/p>\n<p><strong>Em 1999, foi eleito prior provincial da Prov\u00edncia Agostiniana \u201cM\u00e3e do Bom Conselho\u201d de Chicago,<\/strong> e dois anos e meio depois, no Cap\u00edtulo Geral Ordin\u00e1rio da Ordem de Santo Agostinho, seus coirm\u00e3os o escolheram como prior geral, confirmando-o em 2007 para um segundo mandato.<\/p>\n<h2>Retorno aos EUA<\/h2>\n<p><strong>Em outubro de 2013, retornou \u00e0 sua prov\u00edncia agostiniana, em Chicago, e foi diretor de forma\u00e7\u00e3o no convento de Santo Agostinho<\/strong>, al\u00e9m de primeiro conselheiro e vig\u00e1rio provincial, cargos que ocupou at\u00e9 que o ent\u00e3o papa Francisco o nomeasse, em 3 de novembro de 2014, administrador apost\u00f3lico da diocese peruana de Chiclayo, elevando-o \u00e0 dignidade episcopal como bispo titular de Sufar.<\/p>\n<p>Prevost entrou na diocese em 7 de novembro, na presen\u00e7a do n\u00fancio apost\u00f3lico James Patrick Green, que o ordenou bispo pouco mais de um m\u00eas depois, em 12 de dezembro, durante a festa de Nossa Senhora de Guadalupe, na Catedral de Santa Maria.<\/p>\n<p>Em 26 de setembro de 2015, foi nomeado bispo de Chiclayo pelo pont\u00edfice argentino e, em mar\u00e7o de 2018, foi eleito segundo vice-presidente da Confer\u00eancia Episcopal Peruana, na qual tamb\u00e9m foi membro do Conselho Econ\u00f4mico e presidente da Comiss\u00e3o de Cultura e Educa\u00e7\u00e3o.<\/p>\n<h2>Proximidade com Francisco\u00a0<\/h2>\n<p><strong>Em 2019, novamente por decis\u00e3o de Francisco, foi inclu\u00eddo entre os membros da Congrega\u00e7\u00e3o para o Clero em 13 de julho de 2019<\/strong> <strong>e, no ano seguinte, entre os membros da Congrega\u00e7\u00e3o para os Bispos.<\/strong> Em abril de 2020, recebeu a nomea\u00e7\u00e3o pontif\u00edcia tamb\u00e9m como administrador apost\u00f3lico da diocese peruana de Callao.<\/p>\n<p><strong>Em 30 de janeiro de 2023, Francisco chamou Prevost a Roma para atuar como prefeito do Dicast\u00e9rio para os Bispos e Presidente da Pontif\u00edcia Comiss\u00e3o para a Am\u00e9rica Latina<\/strong>, promovendo-o a arcebispo. Em setembro do mesmo ano, o tornou cardeal, atribuindo-lhe o diaconato de Santa M\u00f4nica.<\/p>\n<p>Prevost tomou posse em 28 de janeiro de 2024 e, como chefe do dicast\u00e9rio, participou das \u00faltimas viagens apost\u00f3licas de Francisco e da primeira e segunda sess\u00f5es da 16\u00aa Assembleia Geral Ordin\u00e1ria do S\u00ednodo dos Bispos sobre a Sinodalidade, realizadas em Roma de 4 a 29 de outubro de 2023 e de 2 a 27 de outubro de 2024, respectivamente.<\/p>\n<p>Finalmente, <strong>em 6 de fevereiro deste ano, Prevost foi promovido \u00e0 ordem dos bispos pelo pont\u00edfice argentino, obtendo o t\u00edtulo de Igreja Suburbic\u00e1ria de Albano.\u00a0<\/strong><\/p>\n<p>      <!-- Relacionada --><\/p>\n<p>            <!-- Relacionada -->\n    <\/div>\n<p><br \/>\n<br \/><a href=\"https:\/\/agenciabrasil.ebc.com.br\/internacional\/noticia\/2025-05\/quem-e-o-papa-leao-xiv-proximo-de-francisco-e-missionario-no-peru\" rel=\"noopener\">Ag\u00eancia Brasil <\/a><\/p>\n","protected":false},"excerpt":{"rendered":"<p>O cardeal norte-americano Robert Francis Prevost, de 69 anos, foi apresentado no in\u00edcio da tarde nesta quinta-feira (8) ao mundo como o 267\u00ba papa da Igreja. O nome escolhido pelo novo pont\u00edfice \u00e9 Le\u00e3o XIV. Ele sucede o papa Francisco, falecido no \u00faltimo dia 21. De acordo com o Vaticano, Prevot \u00e9 o primeiro papa [&hellip;]<\/p>\n","protected":false},"author":1,"featured_media":32615,"comment_status":"open","ping_status":"open","sticky":false,"template":"","format":"standard","meta":{"_jetpack_newsletter_access":"","_jetpack_dont_email_post_to_subs":false,"_jetpack_newsletter_tier_id":0,"_jetpack_memberships_contains_paywalled_content":false,"_mbp_banners":[],"_jetpack_feature_clip_id":0,"_jetpack_memberships_contains_paid_content":false,"footnotes":"","jetpack_publicize_message":"","jetpack_publicize_feature_enabled":true,"jetpack_social_post_already_shared":true,"jetpack_social_options":{"image_generator_settings":{"template":"highway","default_image_id":0,"font":"","enabled":false},"version":2},"jetpack_post_was_ever_published":false},"categories":[25],"tags":[],"class_list":["post-32614","post","type-post","status-publish","format-standard","has-post-thumbnail","category-internacional"],"jetpack_publicize_connections":[],"jetpack-related-posts":[],"jetpack_shortlink":"https:\/\/wp.me\/p7Eq1F-8u2","jetpack_sharing_enabled":true,"jetpack_featured_media_url":"https:\/\/i0.wp.com\/guialimeira.com.br\/news\/wp-content\/uploads\/2025\/05\/2025-05-08t173055z_1131598868_rc2tdeaamrif_rtrmadp_3_pope-succession.jpg?fit=1600%2C800&ssl=1","_links":{"self":[{"href":"https:\/\/guialimeira.com.br\/news\/wp-json\/wp\/v2\/posts\/32614","targetHints":{"allow":["GET"]}}],"collection":[{"href":"https:\/\/guialimeira.com.br\/news\/wp-json\/wp\/v2\/posts"}],"about":[{"href":"https:\/\/guialimeira.com.br\/news\/wp-json\/wp\/v2\/types\/post"}],"author":[{"embeddable":true,"href":"https:\/\/guialimeira.com.br\/news\/wp-json\/wp\/v2\/users\/1"}],"replies":[{"embeddable":true,"href":"https:\/\/guialimeira.com.br\/news\/wp-json\/wp\/v2\/comments?post=32614"}],"version-history":[{"count":0,"href":"https:\/\/guialimeira.com.br\/news\/wp-json\/wp\/v2\/posts\/32614\/revisions"}],"wp:featuredmedia":[{"embeddable":true,"href":"https:\/\/guialimeira.com.br\/news\/wp-json\/wp\/v2\/media\/32615"}],"wp:attachment":[{"href":"https:\/\/guialimeira.com.br\/news\/wp-json\/wp\/v2\/media?parent=32614"}],"wp:term":[{"taxonomy":"category","embeddable":true,"href":"https:\/\/guialimeira.com.br\/news\/wp-json\/wp\/v2\/categories?post=32614"},{"taxonomy":"post_tag","embeddable":true,"href":"https:\/\/guialimeira.com.br\/news\/wp-json\/wp\/v2\/tags?post=32614"}],"curies":[{"name":"wp","href":"https:\/\/api.w.org\/{rel}","templated":true}]}}