{"id":32606,"date":"2025-05-08T16:20:52","date_gmt":"2025-05-08T19:20:52","guid":{"rendered":"https:\/\/guialimeira.com.br\/2025\/05\/08\/papa-leao-xiv-pede-paz-e-lembra-francisco-ajudem-a-construir-pontes\/"},"modified":"2025-05-08T16:20:52","modified_gmt":"2025-05-08T19:20:52","slug":"papa-leao-xiv-pede-paz-e-lembra-francisco-ajudem-a-construir-pontes","status":"publish","type":"post","link":"https:\/\/guialimeira.com.br\/news\/papa-leao-xiv-pede-paz-e-lembra-francisco-ajudem-a-construir-pontes\/","title":{"rendered":"Papa Le\u00e3o XIV pede paz e lembra Francisco: \u201cajudem a construir pontes\u201d"},"content":{"rendered":"<p> <br \/>\n<\/p>\n<div>\n<p>\u201cA paz esteja convosco\u201d. Foi com essas palavras que o cardeal norte-americano Robert Francis Prevost, rec\u00e9m-eleito papa, iniciou seu primeiro discurso, na janela central da Capela Sistina. <strong>O novo pont\u00edfice, que escolheu usar o nome Le\u00e3o XIV, ainda homenageou seu antecessor, Francisco.\u00a0\u00a0<\/strong><img data-recalc-dims=\"1\" decoding=\"async\" src=\"https:\/\/i0.wp.com\/agenciabrasil.ebc.com.br\/ebc.png?w=696&#038;ssl=1\" style=\"width:1px; height:1px; display:inline;\"\/><img data-recalc-dims=\"1\" decoding=\"async\" src=\"https:\/\/i0.wp.com\/agenciabrasil.ebc.com.br\/ebc.gif?w=696&#038;ssl=1\" style=\"width:1px; height:1px; display:inline;\"\/><\/p>\n<blockquote>\n<p>\u201cNos ajudem a construir pontes voc\u00eas tamb\u00e9m, com di\u00e1logos, com encontro, para sermos um \u00fanico povo, sempre em paz. Obrigado, papa Francisco\u201d, disse Le\u00e3o XIV.<\/p>\n<\/blockquote>\n<p>\u201cAinda mantemos, nos nossos ouvidos, aquela voz fraca, mas sempre corajosa, do papa Francisco, que aben\u00e7oava Roma\u201d, disse.\u00a0<\/p>\n<blockquote>\n<p>\u201cPermitam-me dar seguimento \u00e0quela mesma ben\u00e7\u00e3o. Deus nos ama, Deus ama a todos e o mal n\u00e3o vai prevalecer. Estamos todos nas m\u00e3os de Deus. Juntos, sem medo, de m\u00e3os dadas com Deus, que est\u00e1 entre n\u00f3s, vamos seguir\u201d, completou.<\/p>\n<\/blockquote>\n<p><strong>Em seguida, Le\u00e3o XIV fez um agradecimento a todos os 133 cardeais que participaram do conclave que o elegeu<\/strong> \u201cpara ser o sucessor de Pedro e caminhar com voc\u00eas, como Igreja unida, sempre em busca da paz e da justi\u00e7a, buscando trabalhar como homens e mulheres fi\u00e9is a Jesus Cristo, sem medo, para proclamar o Evangelho e sermos mission\u00e1rios\u201d.<\/p>\n<blockquote>\n<p>\u201cSou um filho de Santo Agostinho. Sou agostiniano. Santo Agostinho disse: \u2018Para v\u00f3s, sou bispo; convosco, sou crist\u00e3o\u2019. Neste sentido, podemos todos caminhar juntos, na dire\u00e7\u00e3o da p\u00e1tria que Deus n\u00e3o preparou\u201d, disse. \u201cNecessitamos ser, juntos, uma Igreja mission\u00e1ria, uma Igreja que constr\u00f3i pontes e di\u00e1logos. Que mant\u00e9m o di\u00e1logo sempre aberto, pronta para receber todos que precisam.\u201d<\/p>\n<\/blockquote>\n<p><strong>Em meio ao discurso, Le\u00e3o XIV deixou de falar italiano e falou \u00e0 multid\u00e3o reunida na Pra\u00e7a S\u00e3o Pedro em espanhol, para agradecer \u00e0 diocese peruana de Chiclayo<\/strong>, onde foi administrador apost\u00f3lico. \u201cPovo leal e fiel, que acompanha o bispo e o ajuda\u201d, destacou.<\/p>\n<p>Ao final, o novo pont\u00edfice lembrou que a data de hoje marca a pr\u00e1tica devocional de s\u00faplica \u00e0 Nossa Senhora de Pompeia.\u00a0<\/p>\n<blockquote>\n<p>\u201cNossa bendita M\u00e3e Maria quer sempre caminhar conosco, estar perto de n\u00f3s. Quer nos ajudar com sua intercess\u00e3o e seu amor. Rezemos juntos por esta miss\u00e3o, por toda a Igreja e pela paz no mundo\u201d, disse, encerrando seu discurso com a ora\u00e7\u00e3o da Ave Maria.<\/p>\n<\/blockquote>\n<p>      <!-- Relacionada --><\/p>\n<p>            <!-- Relacionada -->\n    <\/div>\n<p><br \/>\n<br \/><a href=\"https:\/\/agenciabrasil.ebc.com.br\/internacional\/noticia\/2025-05\/papa-leao-xiv-pede-paz-e-lembra-francisco-ajudem-construir-pontes\" rel=\"noopener\">Ag\u00eancia Brasil <\/a><\/p>\n","protected":false},"excerpt":{"rendered":"<p>\u201cA paz esteja convosco\u201d. Foi com essas palavras que o cardeal norte-americano Robert Francis Prevost, rec\u00e9m-eleito papa, iniciou seu primeiro discurso, na janela central da Capela Sistina. O novo pont\u00edfice, que escolheu usar o nome Le\u00e3o XIV, ainda homenageou seu antecessor, Francisco.\u00a0\u00a0 \u201cNos ajudem a construir pontes voc\u00eas tamb\u00e9m, com di\u00e1logos, com encontro, para sermos [&hellip;]<\/p>\n","protected":false},"author":1,"featured_media":32607,"comment_status":"open","ping_status":"open","sticky":false,"template":"","format":"standard","meta":{"_jetpack_newsletter_access":"","_jetpack_dont_email_post_to_subs":false,"_jetpack_newsletter_tier_id":0,"_jetpack_memberships_contains_paywalled_content":false,"_mbp_banners":[],"_jetpack_feature_clip_id":0,"_jetpack_memberships_contains_paid_content":false,"footnotes":"","jetpack_publicize_message":"","jetpack_publicize_feature_enabled":true,"jetpack_social_post_already_shared":true,"jetpack_social_options":{"image_generator_settings":{"template":"highway","default_image_id":0,"font":"","enabled":false},"version":2},"jetpack_post_was_ever_published":false},"categories":[25],"tags":[],"class_list":["post-32606","post","type-post","status-publish","format-standard","has-post-thumbnail","category-internacional"],"jetpack_publicize_connections":[],"jetpack-related-posts":[],"jetpack_shortlink":"https:\/\/wp.me\/p7Eq1F-8tU","jetpack_sharing_enabled":true,"jetpack_featured_media_url":"https:\/\/i0.wp.com\/guialimeira.com.br\/news\/wp-content\/uploads\/2025\/05\/2025-05-08t172827z_296620976_rc2tdeaf9kfz_rtrmadp_3_pope-leo-xiv.jpg?fit=1600%2C800&ssl=1","_links":{"self":[{"href":"https:\/\/guialimeira.com.br\/news\/wp-json\/wp\/v2\/posts\/32606","targetHints":{"allow":["GET"]}}],"collection":[{"href":"https:\/\/guialimeira.com.br\/news\/wp-json\/wp\/v2\/posts"}],"about":[{"href":"https:\/\/guialimeira.com.br\/news\/wp-json\/wp\/v2\/types\/post"}],"author":[{"embeddable":true,"href":"https:\/\/guialimeira.com.br\/news\/wp-json\/wp\/v2\/users\/1"}],"replies":[{"embeddable":true,"href":"https:\/\/guialimeira.com.br\/news\/wp-json\/wp\/v2\/comments?post=32606"}],"version-history":[{"count":0,"href":"https:\/\/guialimeira.com.br\/news\/wp-json\/wp\/v2\/posts\/32606\/revisions"}],"wp:featuredmedia":[{"embeddable":true,"href":"https:\/\/guialimeira.com.br\/news\/wp-json\/wp\/v2\/media\/32607"}],"wp:attachment":[{"href":"https:\/\/guialimeira.com.br\/news\/wp-json\/wp\/v2\/media?parent=32606"}],"wp:term":[{"taxonomy":"category","embeddable":true,"href":"https:\/\/guialimeira.com.br\/news\/wp-json\/wp\/v2\/categories?post=32606"},{"taxonomy":"post_tag","embeddable":true,"href":"https:\/\/guialimeira.com.br\/news\/wp-json\/wp\/v2\/tags?post=32606"}],"curies":[{"name":"wp","href":"https:\/\/api.w.org\/{rel}","templated":true}]}}