{"id":32571,"date":"2025-05-08T08:12:54","date_gmt":"2025-05-08T11:12:54","guid":{"rendered":"https:\/\/guialimeira.com.br\/2025\/05\/08\/conclave-vaticano-tem-fumaca-preta-apos-nova-votacao-do-conclave\/"},"modified":"2025-05-08T08:12:54","modified_gmt":"2025-05-08T11:12:54","slug":"conclave-vaticano-tem-fumaca-preta-apos-nova-votacao-do-conclave","status":"publish","type":"post","link":"https:\/\/guialimeira.com.br\/news\/conclave-vaticano-tem-fumaca-preta-apos-nova-votacao-do-conclave\/","title":{"rendered":"Conclave: Vaticano tem fuma\u00e7a preta ap\u00f3s nova vota\u00e7\u00e3o do conclave"},"content":{"rendered":"<p> <br \/>\n<\/p>\n<div>\n<p>Pela terceira vez desde o in\u00edcio do conclave, a fuma\u00e7a preta subiu pela chamin\u00e9 instalada sobre a Capela Sistina, sinalizando que a segunda vota\u00e7\u00e3o do dia e a terceira vota\u00e7\u00e3o geral ainda n\u00e3o elegeu o novo papa.\u00a0<img data-recalc-dims=\"1\" decoding=\"async\" src=\"https:\/\/i0.wp.com\/agenciabrasil.ebc.com.br\/ebc.png?w=696&#038;ssl=1\" style=\"width:1px; height:1px; display:inline;\"\/><img data-recalc-dims=\"1\" decoding=\"async\" src=\"https:\/\/i0.wp.com\/agenciabrasil.ebc.com.br\/ebc.gif?w=696&#038;ssl=1\" style=\"width:1px; height:1px; display:inline;\"\/><\/p>\n<p>A informa\u00e7\u00e3o foi confirmada pelo Vaticano. Em nota, a Santa S\u00e9 comunicou que os cardeais agora fazem uma pausa para almo\u00e7o e devem retomar a vota\u00e7\u00e3o por volta das 16h (11h em Bras\u00edlia).\u00a0<\/p>\n<p>Ontem, no primeiro dia do conclave, <a href=\"https:\/\/agenciabrasil.ebc.com.br\/internacional\/noticia\/2025-05\/fumaca-preta-cardeais-ainda-nao-escolheram-papa\" target=\"_blank\" rel=\"noopener\">ocorreu a primeira vota\u00e7\u00e3o dentre<\/a> os 133 cardeais que precisam escolher um nome com apoio de pelo menos dois ter\u00e7os dos votos, o equivalente a 89 votos.<\/p>\n<p>Cerca de 15 mil pessoas se re\u00fanem na Pra\u00e7a de S\u00e3o Pedro \u00e0 espera da fuma\u00e7a branca que anunciar\u00e1 o novo l\u00edder da Igreja cat\u00f3lica, que congrega 1,4 bilh\u00e3o de membros.<\/p>\n<p>Os cardeais d\u00e3o seus votos em pap\u00e9is impressos com a frase em latim Eligo in Summum Pontificem (Elejo como sumo pont\u00edfice).<\/p>\n<p>As <a href=\"https:\/\/agenciabrasil.ebc.com.br\/internacional\/noticia\/2025-05\/o-que-e-o-conclave-e-quem-participa-dele\" target=\"_blank\" rel=\"noopener\">c\u00e9dulas s\u00e3o reunidas e queimadas<\/a> ao final de cada uma das sess\u00f5es da manh\u00e3 e da tarde, resultando na fuma\u00e7a. O novo papa a ser escolhido ser\u00e1 sucessor de Francisco, que faleceu no \u00faltimo dia 21 de abril.<\/p>\n<p>      <!-- Relacionada --><\/p>\n<p>            <!-- Relacionada -->\n    <\/div>\n<p><br \/>\n<br \/><a href=\"https:\/\/agenciabrasil.ebc.com.br\/internacional\/noticia\/2025-05\/conclave-vaticano-tem-fumaca-preta-apos-nova-votacao-do-conclave\" rel=\"noopener\">Ag\u00eancia Brasil <\/a><\/p>\n","protected":false},"excerpt":{"rendered":"<p>Pela terceira vez desde o in\u00edcio do conclave, a fuma\u00e7a preta subiu pela chamin\u00e9 instalada sobre a Capela Sistina, sinalizando que a segunda vota\u00e7\u00e3o do dia e a terceira vota\u00e7\u00e3o geral ainda n\u00e3o elegeu o novo papa.\u00a0 A informa\u00e7\u00e3o foi confirmada pelo Vaticano. Em nota, a Santa S\u00e9 comunicou que os cardeais agora fazem uma [&hellip;]<\/p>\n","protected":false},"author":1,"featured_media":32572,"comment_status":"open","ping_status":"open","sticky":false,"template":"","format":"standard","meta":{"_jetpack_newsletter_access":"","_jetpack_dont_email_post_to_subs":false,"_jetpack_newsletter_tier_id":0,"_jetpack_memberships_contains_paywalled_content":false,"_mbp_banners":[],"_jetpack_feature_clip_id":0,"_jetpack_memberships_contains_paid_content":false,"footnotes":"","jetpack_publicize_message":"","jetpack_publicize_feature_enabled":true,"jetpack_social_post_already_shared":true,"jetpack_social_options":{"image_generator_settings":{"template":"highway","default_image_id":0,"font":"","enabled":false},"version":2},"jetpack_post_was_ever_published":false},"categories":[25],"tags":[],"class_list":["post-32571","post","type-post","status-publish","format-standard","has-post-thumbnail","category-internacional"],"jetpack_publicize_connections":[],"jetpack-related-posts":[],"jetpack_shortlink":"https:\/\/wp.me\/p7Eq1F-8tl","jetpack_sharing_enabled":true,"jetpack_featured_media_url":"https:\/\/i0.wp.com\/guialimeira.com.br\/news\/wp-content\/uploads\/2025\/05\/2025-04-23t190802z_1649276085_rc2v3eakag1l_rtrmadp_3_pope-francis_0.jpg?fit=1600%2C800&ssl=1","_links":{"self":[{"href":"https:\/\/guialimeira.com.br\/news\/wp-json\/wp\/v2\/posts\/32571","targetHints":{"allow":["GET"]}}],"collection":[{"href":"https:\/\/guialimeira.com.br\/news\/wp-json\/wp\/v2\/posts"}],"about":[{"href":"https:\/\/guialimeira.com.br\/news\/wp-json\/wp\/v2\/types\/post"}],"author":[{"embeddable":true,"href":"https:\/\/guialimeira.com.br\/news\/wp-json\/wp\/v2\/users\/1"}],"replies":[{"embeddable":true,"href":"https:\/\/guialimeira.com.br\/news\/wp-json\/wp\/v2\/comments?post=32571"}],"version-history":[{"count":0,"href":"https:\/\/guialimeira.com.br\/news\/wp-json\/wp\/v2\/posts\/32571\/revisions"}],"wp:featuredmedia":[{"embeddable":true,"href":"https:\/\/guialimeira.com.br\/news\/wp-json\/wp\/v2\/media\/32572"}],"wp:attachment":[{"href":"https:\/\/guialimeira.com.br\/news\/wp-json\/wp\/v2\/media?parent=32571"}],"wp:term":[{"taxonomy":"category","embeddable":true,"href":"https:\/\/guialimeira.com.br\/news\/wp-json\/wp\/v2\/categories?post=32571"},{"taxonomy":"post_tag","embeddable":true,"href":"https:\/\/guialimeira.com.br\/news\/wp-json\/wp\/v2\/tags?post=32571"}],"curies":[{"name":"wp","href":"https:\/\/api.w.org\/{rel}","templated":true}]}}