{"id":32560,"date":"2025-05-08T01:15:45","date_gmt":"2025-05-08T04:15:45","guid":{"rendered":"https:\/\/guialimeira.com.br\/2025\/05\/08\/libertadores-palmeiras-vence-cerro-e-garante-classificacao-antecipada\/"},"modified":"2025-05-08T01:15:45","modified_gmt":"2025-05-08T04:15:45","slug":"libertadores-palmeiras-vence-cerro-e-garante-classificacao-antecipada","status":"publish","type":"post","link":"https:\/\/guialimeira.com.br\/news\/libertadores-palmeiras-vence-cerro-e-garante-classificacao-antecipada\/","title":{"rendered":"Libertadores: Palmeiras vence Cerro e garante classifica\u00e7\u00e3o antecipada"},"content":{"rendered":"<p> <br \/>\n<\/p>\n<div>\n<p>O Palmeiras derrotou o Cerro Porte\u00f1o (Paraguai) por 2 a 0, na noite desta quarta-feira (7) no est\u00e1dio Nueva Olla, em Assun\u00e7\u00e3o (Paraguai), para garantir a classifica\u00e7\u00e3o antecipada para as oitavas de final da Copa Libertadores da Am\u00e9rica.<img data-recalc-dims=\"1\" decoding=\"async\" src=\"https:\/\/i0.wp.com\/agenciabrasil.ebc.com.br\/ebc.png?w=696&#038;ssl=1\" style=\"width:1px; height:1px; display:inline;\"\/><img data-recalc-dims=\"1\" decoding=\"async\" src=\"https:\/\/i0.wp.com\/agenciabrasil.ebc.com.br\/ebc.gif?w=696&#038;ssl=1\" style=\"width:1px; height:1px; display:inline;\"\/><\/p>\n<blockquote class=\"twitter-tweet\">\n<p dir=\"ltr\" lang=\"pt\" xml:lang=\"pt\">\ud83d\udfe2\u26aa\ufe0f Verd\u00e3o 100%! O <a href=\"https:\/\/twitter.com\/Palmeiras?ref_src=twsrc%5Etfw\" rel=\"noopener\">@Palmeiras<\/a> venceu mais uma na CONMEBOL <a href=\"https:\/\/twitter.com\/hashtag\/Libertadores?src=hash&amp;ref_src=twsrc%5Etfw\" rel=\"noopener\">#Libertadores<\/a> e lidera o Grupo G. <a href=\"https:\/\/twitter.com\/hashtag\/GloriaEterna?src=hash&amp;ref_src=twsrc%5Etfw\" rel=\"noopener\">#GloriaEterna<\/a> <a href=\"https:\/\/t.co\/A6Fc3jq5hQ\">pic.twitter.com\/A6Fc3jq5hQ<\/a><\/p>\n<p>\u2014 CONMEBOL Libertadores (@LibertadoresBR) <a href=\"https:\/\/twitter.com\/LibertadoresBR\/status\/1920305491810378061?ref_src=twsrc%5Etfw\" rel=\"noopener\">May 8, 2025<\/a><\/p><\/blockquote>\n<p>A vit\u00f3ria deixou o Verd\u00e3o com 100% de aproveitamento no Grupo G da competi\u00e7\u00e3o, com 12 pontos conquistados. O pr\u00f3ximo compromisso do Palmeiras na competi\u00e7\u00e3o ser\u00e1 contra o Bol\u00edvar (Bol\u00edvia) na pr\u00f3xima quinta-feira (15) no Allianz Parque.<\/p>\n<p>E o triunfo do Palmeiras foi constru\u00eddo com dois gola\u00e7os. O primeiro saiu aos 40 minutos do primeiro tempo, quando o atacante Est\u00eav\u00e3o recebeu de Lucas Evangelista e acertou um chute cheio de veneno de fora da \u00e1rea para superar o goleiro Mart\u00edn Arias. E Vitor Roque deu n\u00fameros finais ao placar aos 47 da etapa final. O atacante arrancou do meio de campo em velocidade, driblou dois marcadores, um deles o goleiro advers\u00e1rio, e bateu para o fundo do gol.<\/p>\n<h2>Flamengo se complica<\/h2>\n<p>Quem est\u00e1 em situa\u00e7\u00e3o complicada na competi\u00e7\u00e3o \u00e9 o Flamengo, que ficou no empate de 1 a 1 com o Central C\u00f3rdoba (Argentina) em partida disputada no Est\u00e1dio \u00danico Madre de Ciudades, em Santiago del Estero (Argentina). A <strong>R\u00e1dio Nacional<\/strong> transmitiu o confronto ao vivo.<\/p>\n<blockquote class=\"twitter-tweet\">\n<p dir=\"ltr\" lang=\"pt\" xml:lang=\"pt\">\ud83c\udde6\ud83c\uddf7\u26bd\ud83c\udde7\ud83c\uddf7 Tudo igual na Argentina! <a href=\"https:\/\/twitter.com\/cacc_sde?ref_src=twsrc%5Etfw\" rel=\"noopener\">@cacc_sde<\/a> e <a href=\"https:\/\/twitter.com\/Flamengo?ref_src=twsrc%5Etfw\" rel=\"noopener\">@Flamengo<\/a> ficaram no 1-1 pelo Grupo C.<a href=\"https:\/\/twitter.com\/hashtag\/GloriaEterna?src=hash&amp;ref_src=twsrc%5Etfw\" rel=\"noopener\">#GloriaEterna<\/a> <a href=\"https:\/\/twitter.com\/hashtag\/Libertadores?src=hash&amp;ref_src=twsrc%5Etfw\" rel=\"noopener\">#Libertadores<\/a> <a href=\"https:\/\/t.co\/f6WMuPezvp\">pic.twitter.com\/f6WMuPezvp<\/a><\/p>\n<p>\u2014 CONMEBOL Libertadores (@LibertadoresBR) <a href=\"https:\/\/twitter.com\/LibertadoresBR\/status\/1920303889326235999?ref_src=twsrc%5Etfw\" rel=\"noopener\">May 8, 2025<\/a><\/p><\/blockquote>\n<p>Com este resultado o Rubro-Negro da G\u00e1vea chegou aos cinco pontos no Grupo C da competi\u00e7\u00e3o continental, mas permanece na terceira posi\u00e7\u00e3o. A lideran\u00e7a \u00e9 da LDU (Equador), com oito pontos, e o Central C\u00f3rdoba \u00e9 o vice-l\u00edder, tamb\u00e9m com oito pontos.<\/p>\n<p>Com a bola rolando o Flamengo chegou a abrir o placar com o uruguaio Arrascaeta aos 10 minutos do primeiro tempo. Por\u00e9m, aos 15 da etapa final o atacante Gast\u00f3n Ver\u00f3n igualou para o Central C\u00f3rdoba.<\/p>\n<h2>Derrota em casa<\/h2>\n<p>Tamb\u00e9m nesta quarta, o Bahia foi superado por 3 a 1 pelo Nacional (Uruguai) na Arena Fonte Nova, em Salvador. Apesar do rev\u00e9s em casa, o Tricolor permanece na lideran\u00e7a do Grupo F da competi\u00e7\u00e3o com sete pontos, dois a mais que o vice-l\u00edder da chave, o Internacional, que mede for\u00e7as com o Atl\u00e9tico Nacional (Col\u00f4mbia) na pr\u00f3xima quinta-feira (8).<\/p>\n<blockquote class=\"twitter-tweet\">\n<p dir=\"ltr\" lang=\"pt\" xml:lang=\"pt\">\ud83c\uddfa\ud83c\uddfe\u26bd\ufe0f O <a href=\"https:\/\/twitter.com\/Nacional?ref_src=twsrc%5Etfw\" rel=\"noopener\">@Nacional<\/a> bateu o <a href=\"https:\/\/twitter.com\/ecbahia?ref_src=twsrc%5Etfw\" rel=\"noopener\">@ecbahia<\/a> de virada em jogo pelo Grupo F da CONMEBOL <a href=\"https:\/\/twitter.com\/hashtag\/Libertadores?src=hash&amp;ref_src=twsrc%5Etfw\" rel=\"noopener\">#Libertadores<\/a>. <a href=\"https:\/\/twitter.com\/hashtag\/GloriaEterna?src=hash&amp;ref_src=twsrc%5Etfw\" rel=\"noopener\">#GloriaEterna<\/a> <a href=\"https:\/\/t.co\/J1ij9IZpby\">pic.twitter.com\/J1ij9IZpby<\/a><\/p>\n<p>\u2014 CONMEBOL Libertadores (@LibertadoresBR) <a href=\"https:\/\/twitter.com\/LibertadoresBR\/status\/1920265961245954127?ref_src=twsrc%5Etfw\" rel=\"noopener\">May 7, 2025<\/a><\/p><\/blockquote>\n<p>Jogando em casa, o Bahia chegou a abrir o marcador logo no primeiro minuto da etapa final do confronto gra\u00e7as ao faro de gol do volante Jean Lucas. Por\u00e9m, o Nacional conseguiu a virada com gols de Morales, Nico L\u00f3pez e Mill\u00e1n.<\/p>\n<p>      <!-- Relacionada --><\/p>\n<p>            <!-- Relacionada -->\n    <\/div>\n<p><script async src=\"\/\/platform.twitter.com\/widgets.js\" charset=\"utf-8\"><\/script><br \/>\n<br \/><br \/>\n<br \/><a href=\"https:\/\/agenciabrasil.ebc.com.br\/esportes\/noticia\/2025-05\/libertadores-palmeiras-vence-cerro-e-garante-classificacao-antecipada\" rel=\"noopener\">Ag\u00eancia Brasil<\/a><\/p>\n","protected":false},"excerpt":{"rendered":"<p>O Palmeiras derrotou o Cerro Porte\u00f1o (Paraguai) por 2 a 0, na noite desta quarta-feira (7) no est\u00e1dio Nueva Olla, em Assun\u00e7\u00e3o (Paraguai), para garantir a classifica\u00e7\u00e3o antecipada para as oitavas de final da Copa Libertadores da Am\u00e9rica. \ud83d\udfe2\u26aa\ufe0f Verd\u00e3o 100%! O @Palmeiras venceu mais uma na CONMEBOL #Libertadores e lidera o Grupo G. #GloriaEterna [&hellip;]<\/p>\n","protected":false},"author":1,"featured_media":32561,"comment_status":"open","ping_status":"open","sticky":false,"template":"","format":"standard","meta":{"_jetpack_newsletter_access":"","_jetpack_dont_email_post_to_subs":false,"_jetpack_newsletter_tier_id":0,"_jetpack_memberships_contains_paywalled_content":false,"_mbp_banners":[],"_jetpack_feature_clip_id":0,"_jetpack_memberships_contains_paid_content":false,"footnotes":"","jetpack_publicize_message":"","jetpack_publicize_feature_enabled":true,"jetpack_social_post_already_shared":true,"jetpack_social_options":{"image_generator_settings":{"template":"highway","default_image_id":0,"font":"","enabled":false},"version":2},"jetpack_post_was_ever_published":false},"categories":[23],"tags":[],"class_list":["post-32560","post","type-post","status-publish","format-standard","has-post-thumbnail","category-esportes"],"jetpack_publicize_connections":[],"jetpack-related-posts":[],"jetpack_shortlink":"https:\/\/wp.me\/p7Eq1F-8ta","jetpack_sharing_enabled":true,"jetpack_featured_media_url":"https:\/\/i0.wp.com\/guialimeira.com.br\/news\/wp-content\/uploads\/2025\/05\/2025-05-08t012441z_1958939174_up1el5803x3f8_rtrmadp_3_soccer-libertadores-cep-pal-report.jpg?fit=1600%2C800&ssl=1","_links":{"self":[{"href":"https:\/\/guialimeira.com.br\/news\/wp-json\/wp\/v2\/posts\/32560","targetHints":{"allow":["GET"]}}],"collection":[{"href":"https:\/\/guialimeira.com.br\/news\/wp-json\/wp\/v2\/posts"}],"about":[{"href":"https:\/\/guialimeira.com.br\/news\/wp-json\/wp\/v2\/types\/post"}],"author":[{"embeddable":true,"href":"https:\/\/guialimeira.com.br\/news\/wp-json\/wp\/v2\/users\/1"}],"replies":[{"embeddable":true,"href":"https:\/\/guialimeira.com.br\/news\/wp-json\/wp\/v2\/comments?post=32560"}],"version-history":[{"count":0,"href":"https:\/\/guialimeira.com.br\/news\/wp-json\/wp\/v2\/posts\/32560\/revisions"}],"wp:featuredmedia":[{"embeddable":true,"href":"https:\/\/guialimeira.com.br\/news\/wp-json\/wp\/v2\/media\/32561"}],"wp:attachment":[{"href":"https:\/\/guialimeira.com.br\/news\/wp-json\/wp\/v2\/media?parent=32560"}],"wp:term":[{"taxonomy":"category","embeddable":true,"href":"https:\/\/guialimeira.com.br\/news\/wp-json\/wp\/v2\/categories?post=32560"},{"taxonomy":"post_tag","embeddable":true,"href":"https:\/\/guialimeira.com.br\/news\/wp-json\/wp\/v2\/tags?post=32560"}],"curies":[{"name":"wp","href":"https:\/\/api.w.org\/{rel}","templated":true}]}}